{"id":99298,"date":"2017-01-09T18:24:52","date_gmt":"2017-01-09T21:24:52","guid":{"rendered":"http:\/\/senoticias.com.br\/se\/?p=99298"},"modified":"2017-01-09T18:24:52","modified_gmt":"2017-01-09T21:24:52","slug":"campeao-com-leicester-ranieri-e-eleito-o-melhor-tecnico-do-mundo","status":"publish","type":"post","link":"https:\/\/senoticias.com.br\/se\/campeao-com-leicester-ranieri-e-eleito-o-melhor-tecnico-do-mundo\/","title":{"rendered":"Campe\u00e3o com Leicester, Ranieri \u00e9 eleito o melhor t\u00e9cnico do mundo"},"content":{"rendered":"<p style=\"text-align: justify\">Do conto de fadas aos louros da vit\u00f3ria. O italiano Claudio Ranieri, campe\u00e3o ingl\u00eas com o Leicester na temporada 2015\/16, foi nomeado o melhor t\u00e9cnico de futebol no ano em cerim\u00f4nia do \u201cFifa The Best\u201d nesta segunda-feira, em Zurique, na Su\u00ed\u00e7a. Ele superou a concorr\u00eancia de Zinedine Zidane, do Real Madrid, e Fernando Santos, de Portugal, campe\u00f5es da Liga dos Campe\u00f5es e Eurocopa, respectivamente.<\/p>\n<div id=\"attachment_99299\" style=\"width: 590px\" class=\"wp-caption aligncenter\"><a href=\"http:\/\/senoticias.com.br\/se\/wp-content\/uploads\/2017\/01\/Claudio-raniery-o-melhor-tecnico-SE-Noticias-e1483997008764.jpg\"><img loading=\"lazy\" decoding=\"async\" aria-describedby=\"caption-attachment-99299\" class=\"size-full wp-image-99299\" src=\"http:\/\/senoticias.com.br\/se\/wp-content\/uploads\/2017\/01\/Claudio-raniery-o-melhor-tecnico-SE-Noticias-e1483997008764.jpg\" alt=\"Claudio Ranieri recebe pr\u00eamio de melhor t\u00e9cnico das m\u00e3os de Diego Maradona (Foto: Reuters)\" width=\"580\" height=\"384\" \/><\/a><p id=\"caption-attachment-99299\" class=\"wp-caption-text\">Claudio Ranieri recebe pr\u00eamio de melhor t\u00e9cnico das m\u00e3os de Diego Maradona (Foto: Reuters)<\/p><\/div>\n<p style=\"text-align: justify\">Ranieri foi o mentor de um dos feitos mais improv\u00e1veis dos \u00faltimos tempos &#8211; e talvez da hist\u00f3ria &#8211; ao guiar o Leicester, inicialmente um dos candidatos ao rebaixamento, ao t\u00edtulo da Premier League na temporada passada. Zidane, em seu ano de estreia, faturou tr\u00eas t\u00edtulos &#8211; al\u00e9m da Champions, tamb\u00e9m Supercopa da Europa e Mundial de Clubes. Fernando Santos comandou Portugal na campanha do in\u00e9dito t\u00edtulo europeu, na Fran\u00e7a.<\/p>\n<p style=\"text-align: justify\">&#8211; Uma fant\u00e1stica noite estar aqui, e para ganhar esse pr\u00eamio eu estou muito louco agora. Muito obrigado por votarem em mim. Quero agradecer minha fam\u00edlia, esposa, agente, presidente, jogadores, sem eles seria muito dif\u00edcil ganhar algo. O Deus do futebol disse que o Leicester precisava ganhar, e ganhou \u2013 disse o italiano de 65 anos (30 de carreira) ao receber os pr\u00eamios das m\u00e3os do mito argentino Diego Maradona.<\/p>\n<p style=\"line-height: 14.25pt\"><strong><span style=\"font-size: 10.0pt;font-family: 'Georgia','serif';color: #333333\">Acompanhe tamb\u00e9m o SE Not\u00edcias no<\/span><\/strong><span class=\"apple-converted-space\"><b><span style=\"font-size: 10.0pt;font-family: 'Georgia','serif';color: #333333\">\u00a0<\/span><\/b><\/span><strong><span style=\"font-size: 10.0pt;font-family: 'Georgia','serif';color: #333333\"><a href=\"https:\/\/twitter.com\/Senoticias\" target=\"_blank\">Twitter<\/a>,<\/span><\/strong><span class=\"apple-converted-space\"><b><span style=\"font-size: 10.0pt;font-family: 'Georgia','serif';color: #333333\">\u00a0<\/span><\/b><\/span><strong><span style=\"font-size: 10.0pt;font-family: 'Georgia','serif';color: #333333\"><a href=\"https:\/\/www.facebook.com\/senoticias1\" target=\"_blank\">Facebook<span class=\"apple-converted-space\"><span style=\"color: windowtext;text-decoration: none\">\u00a0<\/span><\/span><\/a>e no<\/span><\/strong><span class=\"apple-converted-space\"><b><span style=\"font-size: 10.0pt;font-family: 'Georgia','serif';color: #333333\">\u00a0<\/span><\/b><\/span><strong><span style=\"font-size: 10.0pt;font-family: 'Georgia','serif';color: #333333\"><a href=\"https:\/\/www.instagram.com\/senoticias\/\" target=\"_blank\">Instagram<\/a>.<\/span><\/strong><\/p>\n<p style=\"text-align: justify\"><a href=\"http:\/\/senoticias.com.br\/se\/wp-content\/uploads\/2017\/01\/Logo-fone-1-2-1-2.jpg\"><img loading=\"lazy\" decoding=\"async\" class=\"aligncenter size-full wp-image-99254\" src=\"http:\/\/senoticias.com.br\/se\/wp-content\/uploads\/2017\/01\/Logo-fone-1-2-1-2.jpg\" alt=\"logo-fone-1-2-1-2\" width=\"599\" height=\"78\" srcset=\"https:\/\/senoticias.com.br\/se\/wp-content\/uploads\/2017\/01\/Logo-fone-1-2-1-2.jpg 599w, https:\/\/senoticias.com.br\/se\/wp-content\/uploads\/2017\/01\/Logo-fone-1-2-1-2-300x39.jpg 300w\" sizes=\"(max-width: 599px) 100vw, 599px\" \/><\/a><br \/>\nPor Globo esporte.com<br \/>\nZurique, Su\u00ed\u00e7a<\/p>\n","protected":false},"excerpt":{"rendered":"<p>Do conto de fadas aos louros da vit\u00f3ria. O italiano Claudio Ranieri, campe\u00e3o ingl\u00eas com o Leicester na temporada 2015\/16, foi nomeado o melhor t\u00e9cnico de futebol no ano em cerim\u00f4nia do \u201cFifa The Best\u201d nesta segunda-feira, em Zurique, na Su\u00ed\u00e7a. Ele superou a concorr\u00eancia de Zinedine Zidane, do Real Madrid, e Fernando Santos, de [&hellip;]<\/p>\n","protected":false},"author":5618,"featured_media":99299,"comment_status":"closed","ping_status":"closed","sticky":false,"template":"","format":"standard","meta":{"footnotes":""},"categories":[26],"tags":[1918,1919],"class_list":{"0":"post-99298","1":"post","2":"type-post","3":"status-publish","4":"format-standard","5":"has-post-thumbnail","7":"category-esportes","8":"tag-campeao-com-leicester","9":"tag-ranieri-e-eleito-o-melhor-tecnico-do-mundo"},"_links":{"self":[{"href":"https:\/\/senoticias.com.br\/se\/wp-json\/wp\/v2\/posts\/99298"}],"collection":[{"href":"https:\/\/senoticias.com.br\/se\/wp-json\/wp\/v2\/posts"}],"about":[{"href":"https:\/\/senoticias.com.br\/se\/wp-json\/wp\/v2\/types\/post"}],"author":[{"embeddable":true,"href":"https:\/\/senoticias.com.br\/se\/wp-json\/wp\/v2\/users\/5618"}],"replies":[{"embeddable":true,"href":"https:\/\/senoticias.com.br\/se\/wp-json\/wp\/v2\/comments?post=99298"}],"version-history":[{"count":0,"href":"https:\/\/senoticias.com.br\/se\/wp-json\/wp\/v2\/posts\/99298\/revisions"}],"wp:featuredmedia":[{"embeddable":true,"href":"https:\/\/senoticias.com.br\/se\/wp-json\/wp\/v2\/media\/99299"}],"wp:attachment":[{"href":"https:\/\/senoticias.com.br\/se\/wp-json\/wp\/v2\/media?parent=99298"}],"wp:term":[{"taxonomy":"category","embeddable":true,"href":"https:\/\/senoticias.com.br\/se\/wp-json\/wp\/v2\/categories?post=99298"},{"taxonomy":"post_tag","embeddable":true,"href":"https:\/\/senoticias.com.br\/se\/wp-json\/wp\/v2\/tags?post=99298"}],"curies":[{"name":"wp","href":"https:\/\/api.w.org\/{rel}","templated":true}]}}