{"id":99296,"date":"2017-01-09T18:14:05","date_gmt":"2017-01-09T21:14:05","guid":{"rendered":"http:\/\/senoticias.com.br\/se\/?p=99296"},"modified":"2017-01-09T18:14:05","modified_gmt":"2017-01-09T21:14:05","slug":"the-best-cristiano-ronaldo-e-eleito-pela-quarta-vez-o-melhor-do-mundo","status":"publish","type":"post","link":"https:\/\/senoticias.com.br\/se\/the-best-cristiano-ronaldo-e-eleito-pela-quarta-vez-o-melhor-do-mundo\/","title":{"rendered":"The Best: Cristiano Ronaldo \u00e9 eleito pela quarta vez o melhor do mundo"},"content":{"rendered":"<p style=\"text-align: justify\">Cristiano Ronaldo foi anunciado pela Fifa nesta segunda-feira como o melhor jogador do mundo de 2016, conquistando o pr\u00eamio pela quarta vez. O jogador do Real Madrid teve 34,54% dos votos e venceu a disputa contra Messi (26,42%), do Barcelona, e Griezmann (7,53%), do Atl\u00e9tico de Madrid pelo trof\u00e9u que levou o nome de The Best pela primeira vez. Um ano incr\u00edvel para o craque portugu\u00eas, que conquistou a Eurocopa por Portugal, e a Champions League e o Mundial de Clubes com o Real Madrid. Individualmente, tamb\u00e9m levou a Bola de Ouro da revista \u201cFrance Football\u201d. Vale lembrar que a publica\u00e7\u00e3o francesa e a Fifa encerraram parceria que acontecia desde 2010, que unificava os pr\u00eamios (veja todos os vencedores abaixo).<\/p>\n<div id=\"attachment_99297\" style=\"width: 590px\" class=\"wp-caption aligncenter\"><a href=\"http:\/\/senoticias.com.br\/se\/wp-content\/uploads\/2017\/01\/Cristiano-Ronaldo-Bola-de-ouro-melhor-do-mundo-SE-Noticias-e1483996350733.jpg\"><img loading=\"lazy\" decoding=\"async\" aria-describedby=\"caption-attachment-99297\" class=\"size-full wp-image-99297\" src=\"http:\/\/senoticias.com.br\/se\/wp-content\/uploads\/2017\/01\/Cristiano-Ronaldo-Bola-de-ouro-melhor-do-mundo-SE-Noticias-e1483996350733.jpg\" alt=\"Cristiano Ronaldo beija o trof\u00e9u de melhor do mundo da Fifa, que recebeu nesta segunda-feira (Foto: AFP)\" width=\"580\" height=\"387\" \/><\/a><p id=\"caption-attachment-99297\" class=\"wp-caption-text\">Cristiano Ronaldo beija o trof\u00e9u de melhor do mundo da Fifa, que recebeu nesta segunda-feira (Foto: AFP)<\/p><\/div>\n<p style=\"text-align: justify\">Se comparado ao ano de 2015, quando Messi levou o pr\u00eamio de melhor do mundo (na ocasi\u00e3o ainda como Bola de Ouro), Cristiano Ronaldo ficou distante de alcan\u00e7ar os n\u00fameros do argentino. O craque do Bar\u00e7a teve 41,33%, contra 27,76% do portugu\u00eas e 7,86% de Neymar, que ficou na terceira coloca\u00e7\u00e3o.<\/p>\n<p style=\"text-align: justify\">A Fifa adotou nova f\u00f3rmula de elei\u00e7\u00e3o para o pr\u00eamio de 2016. A entidade abriu espa\u00e7o para o p\u00fablico nas vota\u00e7\u00f5es para melhor jogador e melhor t\u00e9cnico no futebol masculino e feminino (por insist\u00eancia do presidente Gianni Infatino), representando 50% dos votos ao lado de 200 jornalistas &#8211; os demais 50% s\u00e3o representados por t\u00e9cnicos e jogadores.<br \/>\nA grande pol\u00eamica do dia na Su\u00ed\u00e7a foi a aus\u00eancia de Messi, que concorria com Cristiano Ronaldo ao pr\u00eamio de melhor do mundo, e dos outros jogadores do Barcelona que foram nomeados para a sele\u00e7\u00e3o do ano. De acordo com nota oficial do clube catal\u00e3o, a aus\u00eancia aconteceu por conta da partida desta quarta-feira pela Copa do Rei, contra o Athletic Bilbao. CR7 evitou colocar mais lenha na fogueira e lamentou pela aus\u00eancia dos catal\u00e3es.<br \/>\n&#8211; Gostaria que Messi e os outros jogadores do Barcelona estivessem aqui, mas eles t\u00eam um jogo da Copa (do Rei) na quarta. Entendemos perfeitamente &#8211; afirmou o astro portugu\u00eas.<\/p>\n<p style=\"text-align: justify\">Al\u00e9m do pr\u00eamio de melhor jogador do mundo, a Fifa tamb\u00e9m distribuiu trof\u00e9us em outras categorias. O melhor t\u00e9cnico foi Claudio Ranieri, respons\u00e1vel por comandar o Leicester City na hist\u00f3rica campanha do t\u00edtulo ingl\u00eas em 2015\/16. A melhor jogadora do mundo foi a norte-americana Carli Lloyd, de 34 anos.<br \/>\nAinda na categoria feminina, a melhor t\u00e9cnica foi a alem\u00e3 Silvia Neid, de 52 anos. Ela comandou a sele\u00e7\u00e3o alem\u00e3 na conquista da medalha de ouro no torneio de futebol dos Jogos Ol\u00edmpicos do Rio de Janeiro. Superou Jill Ellis, dos Estados Unidos, e a sueca Pia Sundhage, vice-campe\u00e3 ol\u00edmpica com a Su\u00e9cia.<br \/>\nO pr\u00eamio Pusk\u00e1s, que \u00e9 entregue ao autor do gol mais bonito do ano, ficou nas m\u00e3os do malaio Faiz Subri, que superou o meia brasileiro Marlone, do Corinthians. Segundo a Fifa, Faiz obteve 59,46% dos votos populares. Marlone ficou com 22,86%, e a venezuelana Daniuska obteve 10,01%. Os outros indicados somaram 7,68%.<\/p>\n<p style=\"text-align: justify\">Outro ponto alto da noite foi a homenagem para o jogador brasileiro de futsal Falc\u00e3o. Ele foi chamado no palco da cerim\u00f4nia de gala da entidade para receber uma placa por tudo o que fez durante sua carreira como atleta. Feliz, Falc\u00e3o fez um discurso emocionado e foi muito aplaudido.<br \/>\n&#8211; Tamb\u00e9m representando, como brasileiro, agrade\u00e7o todo carinho que voc\u00eas mostraram e solidariedade por tudo que aconteceu com a Chapecoense, com o futebol brasileiro. O Atl\u00e9tico Nacional da Col\u00f4mbia tamb\u00e9m. Eu, como brasileiro, n\u00e3o posso deixar de agradecer. At\u00e9 porque a minha \u00faltima Copa do Mundo foi na Col\u00f4mbia tamb\u00e9m e pude conhecer um pouco mais do povo colombiano. Estou recebendo esse pr\u00eamio, em uma festa como a de hoje, e posso olhar para tr\u00e1s e ter a certeza de que tudo valeu a pena &#8211; disse o brasileiro.<\/p>\n<p style=\"text-align: justify\"><strong>2016: ANO INCR\u00cdVEL DE CRISTIANO RONALDO<\/strong><\/p>\n<p style=\"text-align: justify\">O ano de 2016, que consagrou Cristiano Ronaldo como o melhor do mundo, come\u00e7ou de forma conturbada no Real Madrid. Logo na primeira semana de janeiro o t\u00e9cnico Rafa Ben\u00edtez, com quem CR7 n\u00e3o teve uma boa rela\u00e7\u00e3o, acabou demitido e deu lugar a Zidane. E Messi levava o pr\u00eamio de melhor do mundo de 2015, aumentando a press\u00e3o sobre o craque do Real. \u00cddolo como jogador, o franc\u00eas fez o time madrilenho encaixar e voltar a brilhar. Individualmente, o craque portugu\u00eas come\u00e7ou a se destacar e fazer jogos incr\u00edveis, al\u00e9m de coletivamente ser fundamental para a equipe dar a volta por cima.<\/p>\n<p style=\"text-align: justify\">Na sequ\u00eancia do ano, vit\u00f3rias importantes do Real Madrid, como a virada por 2 a 1 sobre o Barcelona no Camp Nou, pelo Espanhol. O gol da vit\u00f3ria foi de Cristiano Ronaldo. E na Champions, recupera\u00e7\u00e3o incr\u00edvel sobre o Wolfsburg nas quartas e final, ap\u00f3s derrota por 2 a 0 na partida de ida. No Santiago Bernab\u00e9u, na volta, 3 a 0 com hat-trick de Cristiano. Vaga garantida na semifinal, al\u00e9m do rival Barcelona eliminado. A hist\u00f3rica vit\u00f3ria sobre os alem\u00e3es na Liga acabou sendo o combust\u00edvel para a reta final da temporada, que terminou com o 11\u00ba t\u00edtulo dos gal\u00e1cticos na competi\u00e7\u00e3o.<\/p>\n<p style=\"text-align: justify\">Com o t\u00e9rmino da temporada dos clubes, o ano de 2016 seguiu com as competi\u00e7\u00f5es continentais de sele\u00e7\u00f5es. Portugal n\u00e3o entrou como favorito na Eurocopa, que foi disputada na Fran\u00e7a. N\u00e3o come\u00e7ou bem, teve dificuldades para avan\u00e7ar \u00e0s oitavas de final depois de tr\u00eas empates na fase de grupos. Em tr\u00eas jogos, Cristiano Ronaldo marcou dois gols e foi fundamental para a sele\u00e7\u00e3o portuguesa seguir viva na Euro.<\/p>\n<p style=\"text-align: justify\">Na sequ\u00eancia, os portugueses passaram por Cro\u00e1cia, Pol\u00f4nia, Pa\u00eds de Gales (CR7 marcou na vit\u00f3ria por 2 a 1) e chegou na final contra os franceses. CR7 deixou a decis\u00e3o machucado, ainda no primeiro tempo. &#8220;Jogou&#8221; do banco de reservas, gritou, orientou, incentivou seus companheiros e viu \u00c9der fazer o gol do t\u00edtulo. Capit\u00e3o, levantou a ta\u00e7a da maior conquista da hist\u00f3ria portuguesa.<br \/>\nVoltou das f\u00e9rias ainda mais \u00eddolo depois dos t\u00edtulos da Champions e da Euro. Comanda o Real Madrid na brilhante campanha at\u00e9 aqui do Campeonato Espanhol, no qual a equipe lidera com 40 pontos, quatro a mais do que o Sevilla, e cinco a mais do que o Barcelona.<br \/>\nPara fechar 2016, ganhou a Bola de Ouro da revista \u201cFrance Football\u201d e conquistou o Mundial de Clubes com o Real Madrid no Jap\u00e3o. Na decis\u00e3o contra o Kashima Antlers fez tr\u00eas gols na vit\u00f3ria por 4 a 2 e foi eleito o nome do jogo. Foi tamb\u00e9m artilheiro da competi\u00e7\u00e3o com quatro gols e levou o pr\u00eamio de melhor do torneio.<br \/>\nFeliz e emocionado com mais um pr\u00eamio de melhor jogador do mundo, Cristiano Ronaldo deixou claro que os t\u00edtulos coletivos e individuais o credenciaram para receber mais um trof\u00e9u da Fifa. Tamb\u00e9m aproveitou para a agradecer pelos votos e o carinho dos familiares.<\/p>\n<p style=\"text-align: justify\">&#8211; Este pr\u00eamio ainda n\u00e3o tenho. Tinha muitas coisas para dizer, mas agora bloqueei um bocadinho. Estou muito feliz, quero agradecer em primeiro lugar aos meus companheiros, de sele\u00e7\u00e3o e Real Madrid tamb\u00e9m. Ao treinador, gostaria que tivesse ganho, fica para a pr\u00f3xima, mister. \u00c0 minha fam\u00edlia, Ricardo, Gil, meu filho, minha m\u00e3e, irm\u00e3os, todo meu staff que est\u00e1 sempre presente nos bons e maus momentos. E dizer que o ano de 2016 foi o melhor ano da minha carreira. Havia muitas d\u00favidas, mas um trof\u00e9u que mostrou que as pessoas n\u00e3o s\u00e3o cegas. As pessoas veem os jogos, as competi\u00e7\u00f5es. Depois do que eu ganhei com a sele\u00e7\u00e3o e com meu clube eu n\u00e3o tinha d\u00favidas que deveria ter ganho este trof\u00e9u. Foi um ano magn\u00edfico a n\u00edvel pessoal, a n\u00edvel coletivo, jamais posso esquecer desse ano maravilhoso. Todos aqueles que votaram em mim muito obrigado, treinadores, capit\u00e3es, jornalistas tamb\u00e9m, n\u00e3o tenho mais nada a dizer. Os pr\u00eamios falam por si mesmo.<\/p>\n<p style=\"line-height: 14.25pt\"><strong><span style=\"font-size: 10.0pt;font-family: 'Georgia','serif';color: #333333\">Acompanhe tamb\u00e9m o SE Not\u00edcias no<\/span><\/strong><span class=\"apple-converted-space\"><b><span style=\"font-size: 10.0pt;font-family: 'Georgia','serif';color: #333333\">\u00a0<\/span><\/b><\/span><strong><span style=\"font-size: 10.0pt;font-family: 'Georgia','serif';color: #333333\"><a href=\"https:\/\/twitter.com\/Senoticias\" target=\"_blank\">Twitter<\/a>,<\/span><\/strong><span class=\"apple-converted-space\"><b><span style=\"font-size: 10.0pt;font-family: 'Georgia','serif';color: #333333\">\u00a0<\/span><\/b><\/span><strong><span style=\"font-size: 10.0pt;font-family: 'Georgia','serif';color: #333333\"><a href=\"https:\/\/www.facebook.com\/senoticias1\" target=\"_blank\">Facebook<span class=\"apple-converted-space\"><span style=\"color: windowtext;text-decoration: none\">\u00a0<\/span><\/span><\/a>e no<\/span><\/strong><span class=\"apple-converted-space\"><b><span style=\"font-size: 10.0pt;font-family: 'Georgia','serif';color: #333333\">\u00a0<\/span><\/b><\/span><strong><span style=\"font-size: 10.0pt;font-family: 'Georgia','serif';color: #333333\"><a href=\"https:\/\/www.instagram.com\/senoticias\/\" target=\"_blank\">Instagram<\/a>.<\/span><\/strong><\/p>\n<p style=\"text-align: justify\"><a href=\"http:\/\/senoticias.com.br\/se\/wp-content\/uploads\/2017\/01\/Logo-fone-1-2-1-2.jpg\"><img loading=\"lazy\" decoding=\"async\" class=\"aligncenter size-full wp-image-99254\" src=\"http:\/\/senoticias.com.br\/se\/wp-content\/uploads\/2017\/01\/Logo-fone-1-2-1-2.jpg\" alt=\"logo-fone-1-2-1-2\" width=\"599\" height=\"78\" srcset=\"https:\/\/senoticias.com.br\/se\/wp-content\/uploads\/2017\/01\/Logo-fone-1-2-1-2.jpg 599w, https:\/\/senoticias.com.br\/se\/wp-content\/uploads\/2017\/01\/Logo-fone-1-2-1-2-300x39.jpg 300w\" sizes=\"(max-width: 599px) 100vw, 599px\" \/><\/a><br \/>\nPor Martin Fernandez e Ivan Raupp<br \/>\nZurique, Su\u00ed\u00e7a<br \/>\nDo Globo esporte.com<\/p>\n","protected":false},"excerpt":{"rendered":"<p>Cristiano Ronaldo foi anunciado pela Fifa nesta segunda-feira como o melhor jogador do mundo de 2016, conquistando o pr\u00eamio pela quarta vez. O jogador do Real Madrid teve 34,54% dos votos e venceu a disputa contra Messi (26,42%), do Barcelona, e Griezmann (7,53%), do Atl\u00e9tico de Madrid pelo trof\u00e9u que levou o nome de The [&hellip;]<\/p>\n","protected":false},"author":5618,"featured_media":99297,"comment_status":"closed","ping_status":"closed","sticky":false,"template":"","format":"standard","meta":{"footnotes":""},"categories":[26],"tags":[1917],"class_list":{"0":"post-99296","1":"post","2":"type-post","3":"status-publish","4":"format-standard","5":"has-post-thumbnail","7":"category-esportes","8":"tag-the-best-cristiano-ronaldo-e-eleito-pela-quarta-vez-o-melhor-do-mundo"},"_links":{"self":[{"href":"https:\/\/senoticias.com.br\/se\/wp-json\/wp\/v2\/posts\/99296"}],"collection":[{"href":"https:\/\/senoticias.com.br\/se\/wp-json\/wp\/v2\/posts"}],"about":[{"href":"https:\/\/senoticias.com.br\/se\/wp-json\/wp\/v2\/types\/post"}],"author":[{"embeddable":true,"href":"https:\/\/senoticias.com.br\/se\/wp-json\/wp\/v2\/users\/5618"}],"replies":[{"embeddable":true,"href":"https:\/\/senoticias.com.br\/se\/wp-json\/wp\/v2\/comments?post=99296"}],"version-history":[{"count":0,"href":"https:\/\/senoticias.com.br\/se\/wp-json\/wp\/v2\/posts\/99296\/revisions"}],"wp:featuredmedia":[{"embeddable":true,"href":"https:\/\/senoticias.com.br\/se\/wp-json\/wp\/v2\/media\/99297"}],"wp:attachment":[{"href":"https:\/\/senoticias.com.br\/se\/wp-json\/wp\/v2\/media?parent=99296"}],"wp:term":[{"taxonomy":"category","embeddable":true,"href":"https:\/\/senoticias.com.br\/se\/wp-json\/wp\/v2\/categories?post=99296"},{"taxonomy":"post_tag","embeddable":true,"href":"https:\/\/senoticias.com.br\/se\/wp-json\/wp\/v2\/tags?post=99296"}],"curies":[{"name":"wp","href":"https:\/\/api.w.org\/{rel}","templated":true}]}}