{"id":99237,"date":"2017-01-06T15:02:47","date_gmt":"2017-01-06T18:02:47","guid":{"rendered":"http:\/\/senoticias.com.br\/se\/?p=99237"},"modified":"2017-01-08T08:32:45","modified_gmt":"2017-01-08T11:32:45","slug":"novo-secretario-de-justica-sera-empossado-segunda-dia-09","status":"publish","type":"post","link":"https:\/\/senoticias.com.br\/se\/novo-secretario-de-justica-sera-empossado-segunda-dia-09\/","title":{"rendered":"Novo secret\u00e1rio de Justi\u00e7a ser\u00e1 empossado segunda, dia 09"},"content":{"rendered":"<p style=\"text-align: justify;\">O Governador do Estado de Sergipe, Jackson Barreto de Lima, convida para a solenidade de Posse do Secret\u00e1rio de Estado da Justi\u00e7a e de Defesa do Consumidor, Dr. Cristiano Barreto Guimar\u00e3es. A posse ocorre no Pal\u00e1cio dos Despachos, \u00e0s 11 horas.<\/p>\n<div id=\"attachment_33961\" style=\"width: 522px\" class=\"wp-caption aligncenter\"><img loading=\"lazy\" decoding=\"async\" aria-describedby=\"caption-attachment-33961\" class=\"size-full wp-image-33961\" src=\"http:\/\/senoticias.com.br\/se\/wp-content\/uploads\/2012\/06\/Cristiano-Barreto.jpg\" alt=\" Cristiano Barreto ser\u00e1 o novo secret\u00e1rio de Estado da Justi\u00e7a. (Foto: SSP\/SE)\" width=\"512\" height=\"256\" srcset=\"https:\/\/senoticias.com.br\/se\/wp-content\/uploads\/2012\/06\/Cristiano-Barreto.jpg 512w, https:\/\/senoticias.com.br\/se\/wp-content\/uploads\/2012\/06\/Cristiano-Barreto-300x150.jpg 300w, https:\/\/senoticias.com.br\/se\/wp-content\/uploads\/2012\/06\/Cristiano-Barreto-342x171.jpg 342w\" sizes=\"(max-width: 512px) 100vw, 512px\" \/><p id=\"caption-attachment-33961\" class=\"wp-caption-text\">Cristiano Barreto ser\u00e1 o novo secret\u00e1rio de Estado da Justi\u00e7a. (Foto: SSP\/SE)<\/p><\/div>\n<p style=\"text-align: justify;\">Natural de Aracaju, Cristiano Barreto Guimar\u00e3es ingressou na Pol\u00edcia Civil em 2001, por meio de concurso p\u00fablico. \u00c9 bacharel em Direito graduado pela Universidade Tiradentes, com p\u00f3s-gradua\u00e7\u00e3o em Direito Penal e Direito Processual Penal pela Fase, p\u00f3s-graduado em Gest\u00e3o estrat\u00e9gica em Seguran\u00e7a P\u00fablica pela UFS.<\/p>\n<p style=\"text-align: justify;\">O novo secret\u00e1rio atuou como Delegado Regional em Itabaiana, Lagarto, Maruim, Tobias Barreto, foi Diretor do Departamento de Homic\u00eddios e Prote\u00e7\u00e3o \u00e0 Pessoa (DHPP) e do N\u00facleo de Investiga\u00e7\u00e3o do Cope (Complexo de Pol\u00edcia Especializada). Atuou tamb\u00e9m como coordenador da Coordenadoria de Pol\u00edcia do Interior e foi assessor da Delegacia de Repress\u00e3o a Roubo de Cargas no Estado de Sergipe. Ocupava, at\u00e9 a nomea\u00e7\u00e3o, a Diretoria da Divis\u00e3o de Intelig\u00eancia e Planejamento Policial Civil (Dipol).<\/p>\n<p><strong>Servi\u00e7o<\/strong><\/p>\n<p><strong>O qu\u00ea<\/strong>&#8211; Posse do novo secret\u00e1rio de Estado de Justi\u00e7a e Defesa do Consumidor, Cristiano Barreto;<\/p>\n<p><strong>Quando<\/strong>&#8211; Nesta segunda-feira, dia 09, \u00e0s 11 horas;<\/p>\n<p><strong>Onde<\/strong>&#8211; Pal\u00e1cio dos Despachos, 3\u00ba andar, Av. Ad\u00e9lia Franco, 3305.<\/p>\n<p><img loading=\"lazy\" decoding=\"async\" class=\"aligncenter size-full wp-image-98981\" src=\"http:\/\/senoticias.com.br\/se\/wp-content\/uploads\/2016\/12\/Logo-fone-1-2-1-2.jpg\" alt=\"Cristiano Barreto delegado SE Noticias\" width=\"599\" height=\"78\" srcset=\"https:\/\/senoticias.com.br\/se\/wp-content\/uploads\/2016\/12\/Logo-fone-1-2-1-2.jpg 599w, https:\/\/senoticias.com.br\/se\/wp-content\/uploads\/2016\/12\/Logo-fone-1-2-1-2-300x39.jpg 300w\" sizes=\"(max-width: 599px) 100vw, 599px\" \/><\/p>\n<p><em><strong>Acompanhe tamb\u00e9m o SE Not\u00edcias no<\/strong><strong>\u00a0<\/strong><strong><a href=\"https:\/\/twitter.com\/Senoticias\">Twitter<\/a>,<\/strong><strong>\u00a0<\/strong><strong><a href=\"https:\/\/www.facebook.com\/senoticias1\">Facebook<\/a><\/strong><strong>\u00a0<\/strong><strong>e no<\/strong><a href=\"https:\/\/www.instagram.com\/senoticias\/\"><strong>\u00a0<\/strong><strong>Instagram<\/strong><\/a><\/em><br \/>\n<em>Secretaria de Estado da Comunica\u00e7\u00e3o Social <\/em><br \/>\n<em>Governo de Sergipe <\/em><\/p>\n","protected":false},"excerpt":{"rendered":"<p>O Governador do Estado de Sergipe, Jackson Barreto de Lima, convida para a solenidade de Posse do Secret\u00e1rio de Estado da Justi\u00e7a e de Defesa do Consumidor, Dr. Cristiano Barreto Guimar\u00e3es. A posse ocorre no Pal\u00e1cio dos Despachos, \u00e0s 11 horas. Natural de Aracaju, Cristiano Barreto Guimar\u00e3es ingressou na Pol\u00edcia Civil em 2001, por meio [&hellip;]<\/p>\n","protected":false},"author":2,"featured_media":33961,"comment_status":"closed","ping_status":"closed","sticky":false,"template":"","format":"standard","meta":{"footnotes":""},"categories":[15,6],"tags":[],"class_list":{"0":"post-99237","1":"post","2":"type-post","3":"status-publish","4":"format-standard","5":"has-post-thumbnail","7":"category-destaques","8":"category-politica"},"_links":{"self":[{"href":"https:\/\/senoticias.com.br\/se\/wp-json\/wp\/v2\/posts\/99237"}],"collection":[{"href":"https:\/\/senoticias.com.br\/se\/wp-json\/wp\/v2\/posts"}],"about":[{"href":"https:\/\/senoticias.com.br\/se\/wp-json\/wp\/v2\/types\/post"}],"author":[{"embeddable":true,"href":"https:\/\/senoticias.com.br\/se\/wp-json\/wp\/v2\/users\/2"}],"replies":[{"embeddable":true,"href":"https:\/\/senoticias.com.br\/se\/wp-json\/wp\/v2\/comments?post=99237"}],"version-history":[{"count":0,"href":"https:\/\/senoticias.com.br\/se\/wp-json\/wp\/v2\/posts\/99237\/revisions"}],"wp:featuredmedia":[{"embeddable":true,"href":"https:\/\/senoticias.com.br\/se\/wp-json\/wp\/v2\/media\/33961"}],"wp:attachment":[{"href":"https:\/\/senoticias.com.br\/se\/wp-json\/wp\/v2\/media?parent=99237"}],"wp:term":[{"taxonomy":"category","embeddable":true,"href":"https:\/\/senoticias.com.br\/se\/wp-json\/wp\/v2\/categories?post=99237"},{"taxonomy":"post_tag","embeddable":true,"href":"https:\/\/senoticias.com.br\/se\/wp-json\/wp\/v2\/tags?post=99237"}],"curies":[{"name":"wp","href":"https:\/\/api.w.org\/{rel}","templated":true}]}}