{"id":99231,"date":"2017-01-06T14:12:25","date_gmt":"2017-01-06T17:12:25","guid":{"rendered":"http:\/\/senoticias.com.br\/se\/?p=99231"},"modified":"2017-01-06T20:57:06","modified_gmt":"2017-01-06T23:57:06","slug":"miss-bumbum-sergipe-2016-lais-cruz-reforca-bronze-na-regiao-de-escarpas-do-lago","status":"publish","type":"post","link":"https:\/\/senoticias.com.br\/se\/miss-bumbum-sergipe-2016-lais-cruz-reforca-bronze-na-regiao-de-escarpas-do-lago\/","title":{"rendered":"Miss Bumbum Sergipe 2016, La\u00eds Cruz refor\u00e7a bronze na regi\u00e3o de Escarpas do Lago"},"content":{"rendered":"<div style=\"text-align: justify;\">\n<p>A modelo La\u00eds Cruz que foi \u00a0representante do estado do Sergipe no Concurso Miss Bumbum Brasil 2016 est\u00e1 aproveitando os dias de f\u00e9rias, para colocar em dia o seu bronze. Apenas a bordo de um pequeno biqu\u00edni branco, a morena curtiu o solz\u00e3o desta tarde, dentro de uma luxuosa lancha em Escarpas do Lago, regi\u00e3o bem popular e glamorosa, que fica situada em Minas Gerais, onde artistas como o cantor Eduardo Costa, Fernando e Sorocaba entre outros possuem casa e\/ou adoram descansar em seus momentos de lazer.<\/p>\n<div id=\"attachment_99232\" style=\"width: 490px\" class=\"wp-caption aligncenter\"><img loading=\"lazy\" decoding=\"async\" aria-describedby=\"caption-attachment-99232\" class=\"size-full wp-image-99232\" src=\"http:\/\/senoticias.com.br\/se\/wp-content\/uploads\/2017\/01\/Lais.jpg\" alt=\" Lais Cruz que foi representante do estado do Sergipe no Miss Bumbum Brasil 2016. (Foto: divulga\u00e7\u00e3o\/Assessoria)\" width=\"480\" height=\"640\" srcset=\"https:\/\/senoticias.com.br\/se\/wp-content\/uploads\/2017\/01\/Lais.jpg 480w, https:\/\/senoticias.com.br\/se\/wp-content\/uploads\/2017\/01\/Lais-225x300.jpg 225w\" sizes=\"(max-width: 480px) 100vw, 480px\" \/><p id=\"caption-attachment-99232\" class=\"wp-caption-text\">Lais Cruz que foi representante do estado do Sergipe no Miss Bumbum Brasil 2016. (Foto: divulga\u00e7\u00e3o\/Assessoria)<\/p><\/div>\n<\/div>\n<div style=\"text-align: justify;\">\n<p>La\u00eds que tamb\u00e9m passou a virada do ano no local ao lado dos amigos, disse que chegou a receber v\u00e1rios convites para passar a virada em outras regi\u00f5es, por\u00e9m a beldade n\u00e3o abriu m\u00e3o de passar na beleza da natureza de Minas Gerais, onde sempre pode curtir dias maravilhosos de sol, al\u00e9m de passeios de lancha e barco.<\/p>\n<\/div>\n<div style=\"text-align: justify;\">A modelo afirma que foi a primeira vez que pode desfrutar destas modernidades e que ficou encantada, tendo amado a experi\u00eancia, e que agora estar\u00e1 revigorada e renovada para os desafios do ano de 2017.<\/div>\n<div style=\"text-align: justify;\">\n<div id=\"attachment_99234\" style=\"width: 609px\" class=\"wp-caption aligncenter\"><img loading=\"lazy\" decoding=\"async\" aria-describedby=\"caption-attachment-99234\" class=\"size-full wp-image-99234\" src=\"http:\/\/senoticias.com.br\/se\/wp-content\/uploads\/2017\/01\/Lais-Cruz-3-e1483722976418.jpg\" alt=\"Lais Cruz refor\u00e7a bronze em lancha na regi\u00e3o de Escarpas do Lago\" width=\"599\" height=\"799\" \/><p id=\"caption-attachment-99234\" class=\"wp-caption-text\">Lais Cruz refor\u00e7a bronze em lancha na regi\u00e3o de Escarpas do Lago<\/p><\/div>\n<\/div>\n<div style=\"text-align: justify;\"><\/div>\n<div style=\"text-align: justify;\"><em><strong>Acompanhe tamb\u00e9m o SE Not\u00edcias no<\/strong><strong>\u00a0<\/strong><strong><a href=\"https:\/\/twitter.com\/Senoticias\">Twitter<\/a>,<\/strong><strong>\u00a0<\/strong><strong><a href=\"https:\/\/www.facebook.com\/senoticias1\">Facebook<\/a><\/strong><strong>\u00a0<\/strong><strong>e no<\/strong><a href=\"https:\/\/www.instagram.com\/senoticias\/\"><strong>\u00a0<\/strong><strong>Instagram<\/strong><\/a><\/em><\/div>\n<div style=\"text-align: justify;\"><img loading=\"lazy\" decoding=\"async\" class=\"aligncenter size-full wp-image-98981\" src=\"http:\/\/senoticias.com.br\/se\/wp-content\/uploads\/2016\/12\/Logo-fone-1-2-1-2.jpg\" alt=\"logo-fone-1-2-1\" width=\"599\" height=\"78\" srcset=\"https:\/\/senoticias.com.br\/se\/wp-content\/uploads\/2016\/12\/Logo-fone-1-2-1-2.jpg 599w, https:\/\/senoticias.com.br\/se\/wp-content\/uploads\/2016\/12\/Logo-fone-1-2-1-2-300x39.jpg 300w\" sizes=\"(max-width: 599px) 100vw, 599px\" \/><\/div>\n<div style=\"text-align: justify;\">Texto e fotos recebidos da Ascom\/La\u00eds Cruz<\/div>\n","protected":false},"excerpt":{"rendered":"<p>A modelo La\u00eds Cruz que foi \u00a0representante do estado do Sergipe no Concurso Miss Bumbum Brasil 2016 est\u00e1 aproveitando os dias de f\u00e9rias, para colocar em dia o seu bronze. Apenas a bordo de um pequeno biqu\u00edni branco, a morena curtiu o solz\u00e3o desta tarde, dentro de uma luxuosa lancha em Escarpas do Lago, regi\u00e3o [&hellip;]<\/p>\n","protected":false},"author":2,"featured_media":99232,"comment_status":"closed","ping_status":"closed","sticky":false,"template":"","format":"standard","meta":{"footnotes":""},"categories":[8],"tags":[1904,1900,1903,1901,1899,1905,1906,1902],"class_list":{"0":"post-99231","1":"post","2":"type-post","3":"status-publish","4":"format-standard","5":"has-post-thumbnail","7":"category-esporte-e-cultura","8":"tag-concurso-miss-bumbum-brasil-2016","9":"tag-lais-cruz","10":"tag-lais-cruz-que-foi-representante-do-estado-do-sergipe","11":"tag-lais-cruz-reforca-bronze-na-regiao-de-escarpas-do-lago","12":"tag-miss-bumbum-sergipe-2016","13":"tag-modelo-lais-cruz","14":"tag-modelo-lais-cruz-miss-bumbum-2016","15":"tag-regiao-do-lagos-de-escarpas"},"_links":{"self":[{"href":"https:\/\/senoticias.com.br\/se\/wp-json\/wp\/v2\/posts\/99231"}],"collection":[{"href":"https:\/\/senoticias.com.br\/se\/wp-json\/wp\/v2\/posts"}],"about":[{"href":"https:\/\/senoticias.com.br\/se\/wp-json\/wp\/v2\/types\/post"}],"author":[{"embeddable":true,"href":"https:\/\/senoticias.com.br\/se\/wp-json\/wp\/v2\/users\/2"}],"replies":[{"embeddable":true,"href":"https:\/\/senoticias.com.br\/se\/wp-json\/wp\/v2\/comments?post=99231"}],"version-history":[{"count":0,"href":"https:\/\/senoticias.com.br\/se\/wp-json\/wp\/v2\/posts\/99231\/revisions"}],"wp:featuredmedia":[{"embeddable":true,"href":"https:\/\/senoticias.com.br\/se\/wp-json\/wp\/v2\/media\/99232"}],"wp:attachment":[{"href":"https:\/\/senoticias.com.br\/se\/wp-json\/wp\/v2\/media?parent=99231"}],"wp:term":[{"taxonomy":"category","embeddable":true,"href":"https:\/\/senoticias.com.br\/se\/wp-json\/wp\/v2\/categories?post=99231"},{"taxonomy":"post_tag","embeddable":true,"href":"https:\/\/senoticias.com.br\/se\/wp-json\/wp\/v2\/tags?post=99231"}],"curies":[{"name":"wp","href":"https:\/\/api.w.org\/{rel}","templated":true}]}}