{"id":99230,"date":"2017-01-06T11:27:20","date_gmt":"2017-01-06T14:27:20","guid":{"rendered":"http:\/\/senoticias.com.br\/se\/?p=99230"},"modified":"2017-01-06T11:27:20","modified_gmt":"2017-01-06T14:27:20","slug":"apos-abertura-de-dialogo-com-edvaldo-nogueira-medicos-encerram-greve","status":"publish","type":"post","link":"https:\/\/senoticias.com.br\/se\/apos-abertura-de-dialogo-com-edvaldo-nogueira-medicos-encerram-greve\/","title":{"rendered":"Ap\u00f3s abertura de di\u00e1logo com Edvaldo Nogueira, m\u00e9dicos encerram greve"},"content":{"rendered":"<p style=\"text-align: justify;\">Desde o primeiro dia de vig\u00eancia da atual gest\u00e3o, as equipes da Prefeitura de Aracaju se empenham para sanar os problemas encontrados. Um dos impasses, contudo, foi solucionado ap\u00f3s esfor\u00e7o realizado pelo prefeito Edvaldo Nogueira. Ele abriu o di\u00e1logo com a categoria e recebeu os representantes do sindicato em seu gabinete na quinta-feira (5), quando fez um apelo para que os profissionais retornassem ao trabalho. A solicita\u00e7\u00e3o surtiu efeito: a categoria decidiu, durante assembleia ocorrida na manh\u00e3 desta sexta-feira (6), suspender a greve que j\u00e1 durava mais de um m\u00eas.<\/p>\n<div id=\"attachment_99212\" style=\"width: 609px\" class=\"wp-caption aligncenter\"><img loading=\"lazy\" decoding=\"async\" aria-describedby=\"caption-attachment-99212\" class=\"size-full wp-image-99212\" src=\"http:\/\/senoticias.com.br\/se\/wp-content\/uploads\/2017\/01\/Edvaldo-se-reune-com-Medicos-SE-Noticias-e1483696635563.jpg\" alt=\"na pr\u00f3xima segunda-feira (9), o atendimento voltar\u00e1 a ser realizado nas unidades de sa\u00fade da capital. (Foto: Jana\u00edna Santos)\" width=\"599\" height=\"428\" \/><p id=\"caption-attachment-99212\" class=\"wp-caption-text\">Na pr\u00f3xima segunda-feira (9), o atendimento voltar\u00e1 a ser realizado nas unidades de sa\u00fade da capital. (Foto: Jana\u00edna Santos)<\/p><\/div>\n<p style=\"text-align: justify;\">Pelas redes sociais, o prefeito comemorou a decis\u00e3o dos m\u00e9dicos. \u201cTenho a alegria de anunciar o fim da greve dos m\u00e9dicos em Aracaju. Agrade\u00e7o o voto de confian\u00e7a da categoria que, ap\u00f3s a nossa reuni\u00e3o de ontem na Prefeitura de Aracaju, e os nossos esfor\u00e7os para sanar as d\u00edvidas do 13\u00b0, decidiram em assembleia na manh\u00e3 de hoje o fim da paralisa\u00e7\u00e3o\u201d, afirmou.<\/p>\n<p style=\"text-align: justify;\">Desta forma, na pr\u00f3xima segunda-feira (9), o atendimento voltar\u00e1 a ser realizado nas unidades de sa\u00fade da capital. A decis\u00e3o por parte dos m\u00e9dicos teve como base um espa\u00e7o de di\u00e1logo criado pelo prefeito de Aracaju. Ao compreender as quest\u00f5es vivenciadas pelos m\u00e9dicos e demais categorias da Sa\u00fade, Edvaldo Nogueira e seu secretariado estudaram a melhor maneira para solucionar os problemas financeiros deixados pela gest\u00e3o anterior e, consequentemente, trazer de volta \u00e0 normalidade o atendimento de Sa\u00fade da capital. Assim, ele conseguiu, j\u00e1 no terceiro dia da nova administra\u00e7\u00e3o, pagar o 13\u00ba sal\u00e1rio de 87% dos servidores, o que foi decisivo para o fim das paralisa\u00e7\u00f5es.<\/p>\n<p style=\"text-align: justify;\">Na assembleia, os m\u00e9dicos reconheceram o avan\u00e7o de suas pautas por meio da abertura de di\u00e1logo com a Prefeitura. Ontem, durante a reuni\u00e3o com o sindicato, Edvaldo apelou para que os m\u00e9dicos voltassem aos seus postos de atendimento e reafirmou o compromisso em regularizar o pagamento da categoria. \u201cJ\u00e1 demos uma reposta aos servidores quando pagamos o 13\u00ba sal\u00e1rio para todas as categorias. 87% dos 14 mil servidores receberam o benef\u00edcio que a administra\u00e7\u00e3o anterior n\u00e3o pagou. No caso da Sa\u00fade, todos os servidores, inclusive os inativos, j\u00e1 receberam integralmente. Com este gesto, pedimos um voto de confian\u00e7a aos servidores para que eles voltassem ao trabalho e a popula\u00e7\u00e3o possa ter acesso aos servi\u00e7os p\u00fablicos&#8221;, afirmou o prefeito.<\/p>\n<p style=\"text-align: justify;\">Ainda ontem, os m\u00e9dicos j\u00e1 haviam sinalizado a satisfa\u00e7\u00e3o por terem conseguido, enfim, di\u00e1logo com a gest\u00e3o, o que antes era dificultado. O presidente do Sindimed, Jo\u00e3o Augusto Oliveira, ressaltou o tom de respeito com o qual a categoria foi tratada pelo atual prefeito. \u201cA gente avalia como positivo este encontro pelo fato de o prefeito ter recebido a nossa categoria em espec\u00edfico. Isso foi levado para a categoria avaliar e ponderar acerca dos rumos do movimento de paralisa\u00e7\u00e3o\u201d, destacou.<\/p>\n<p style=\"text-align: justify;\">O Sindicato dos M\u00e9dicos afirmou, em nota \u00e0 imprensa, ap\u00f3s a assembleia, que os profissionais retornar\u00e3o ao trabalho na segunda-feira (9), \u201cem vista do avan\u00e7o de algumas pautas da categoria m\u00e9dica e do informe do prefeito Edvaldo Nogueira de que no dia 20 informar\u00e1 as datas de pagamento de sal\u00e1rios dos meses de dezembro e janeiro e planejamento dos meses seguintes\u201d<img loading=\"lazy\" decoding=\"async\" class=\"aligncenter size-full wp-image-98981\" src=\"http:\/\/senoticias.com.br\/se\/wp-content\/uploads\/2016\/12\/Logo-fone-1-2-1-2.jpg\" alt=\"logo-fone-1-2-1\" width=\"599\" height=\"78\" srcset=\"https:\/\/senoticias.com.br\/se\/wp-content\/uploads\/2016\/12\/Logo-fone-1-2-1-2.jpg 599w, https:\/\/senoticias.com.br\/se\/wp-content\/uploads\/2016\/12\/Logo-fone-1-2-1-2-300x39.jpg 300w\" sizes=\"(max-width: 599px) 100vw, 599px\" \/><\/p>\n<p style=\"text-align: justify;\"><strong>Acompanhe tamb\u00e9m o SE Not\u00edcias no<\/strong><span class=\"apple-converted-space\"><b>\u00a0<\/b><\/span><strong><a href=\"https:\/\/twitter.com\/Senoticias\" target=\"_blank\">Twitter<\/a>,<\/strong><span class=\"apple-converted-space\"><b>\u00a0<\/b><\/span><strong><a href=\"https:\/\/www.facebook.com\/senoticias1\" target=\"_blank\">Facebook<span class=\"apple-converted-space\">\u00a0<\/span><\/a>e no<\/strong><span class=\"apple-converted-space\"><b>\u00a0<\/b><\/span><strong><a href=\"https:\/\/www.instagram.com\/senoticias\/\" target=\"_blank\">Instagram<\/a><\/strong><\/p>\n<p style=\"text-align: justify;\"><em>Ascom\/Edvaldo Nogueira<\/em><\/p>\n<p style=\"text-align: justify;\">\n","protected":false},"excerpt":{"rendered":"<p>Desde o primeiro dia de vig\u00eancia da atual gest\u00e3o, as equipes da Prefeitura de Aracaju se empenham para sanar os problemas encontrados. Um dos impasses, contudo, foi solucionado ap\u00f3s esfor\u00e7o realizado pelo prefeito Edvaldo Nogueira. Ele abriu o di\u00e1logo com a categoria e recebeu os representantes do sindicato em seu gabinete na quinta-feira (5), quando [&hellip;]<\/p>\n","protected":false},"author":2,"featured_media":99212,"comment_status":"closed","ping_status":"closed","sticky":false,"template":"","format":"standard","meta":{"footnotes":""},"categories":[15],"tags":[],"class_list":{"0":"post-99230","1":"post","2":"type-post","3":"status-publish","4":"format-standard","5":"has-post-thumbnail","7":"category-destaques"},"_links":{"self":[{"href":"https:\/\/senoticias.com.br\/se\/wp-json\/wp\/v2\/posts\/99230"}],"collection":[{"href":"https:\/\/senoticias.com.br\/se\/wp-json\/wp\/v2\/posts"}],"about":[{"href":"https:\/\/senoticias.com.br\/se\/wp-json\/wp\/v2\/types\/post"}],"author":[{"embeddable":true,"href":"https:\/\/senoticias.com.br\/se\/wp-json\/wp\/v2\/users\/2"}],"replies":[{"embeddable":true,"href":"https:\/\/senoticias.com.br\/se\/wp-json\/wp\/v2\/comments?post=99230"}],"version-history":[{"count":0,"href":"https:\/\/senoticias.com.br\/se\/wp-json\/wp\/v2\/posts\/99230\/revisions"}],"wp:featuredmedia":[{"embeddable":true,"href":"https:\/\/senoticias.com.br\/se\/wp-json\/wp\/v2\/media\/99212"}],"wp:attachment":[{"href":"https:\/\/senoticias.com.br\/se\/wp-json\/wp\/v2\/media?parent=99230"}],"wp:term":[{"taxonomy":"category","embeddable":true,"href":"https:\/\/senoticias.com.br\/se\/wp-json\/wp\/v2\/categories?post=99230"},{"taxonomy":"post_tag","embeddable":true,"href":"https:\/\/senoticias.com.br\/se\/wp-json\/wp\/v2\/tags?post=99230"}],"curies":[{"name":"wp","href":"https:\/\/api.w.org\/{rel}","templated":true}]}}