{"id":99226,"date":"2017-01-06T11:21:12","date_gmt":"2017-01-06T14:21:12","guid":{"rendered":"http:\/\/senoticias.com.br\/se\/?p=99226"},"modified":"2017-01-06T11:21:12","modified_gmt":"2017-01-06T14:21:12","slug":"apos-morte-de-presos-105-celulares-e-pistola-sao-achados-em-cadeia-no-am","status":"publish","type":"post","link":"https:\/\/senoticias.com.br\/se\/apos-morte-de-presos-105-celulares-e-pistola-sao-achados-em-cadeia-no-am\/","title":{"rendered":"Ap\u00f3s morte de presos, 105 celulares e pistola s\u00e3o achados em cadeia no AM"},"content":{"rendered":"<p style=\"text-align: justify\">Ap\u00f3s a morte de 60 presos dentro de unidades prisionais do Amazonas, uma vistoria na Unidade Prisional do Puraquequara (UPP), em Manaus, apreendeu 105 celulares, entorpecentes e uma pistola calibre 380, na quinta-feira (5). A unidade \u00e9 a mesma onde quatro presos foram assassinados na segunda-feira (2).<\/p>\n<div id=\"attachment_99227\" style=\"width: 590px\" class=\"wp-caption aligncenter\"><a href=\"http:\/\/senoticias.com.br\/se\/wp-content\/uploads\/2017\/01\/facas-na-cadeia-de-manaus-SE-Noticias-e1483712338639.jpg\"><img loading=\"lazy\" decoding=\"async\" aria-describedby=\"caption-attachment-99227\" class=\"size-full wp-image-99227\" src=\"http:\/\/senoticias.com.br\/se\/wp-content\/uploads\/2017\/01\/facas-na-cadeia-de-manaus-SE-Noticias-e1483712338639.jpg\" alt=\"Diversas facas foram apreendidas dentro de cadeia onde quatro presos morreram no dia 2 (Foto: Seap\/Divulga\u00e7\u00e3o)\" width=\"580\" height=\"435\" \/><\/a><p id=\"caption-attachment-99227\" class=\"wp-caption-text\">Diversas facas foram apreendidas dentro de cadeia onde quatro presos morreram no dia 2 (Foto: Seap\/Divulga\u00e7\u00e3o)<\/p><\/div>\n<p style=\"text-align: justify\">De acordo com a Secretaria de Estado de Administra\u00e7\u00e3o Penitenci\u00e1ria (Seap), os objetos foram localizados na cela 3, do pavilh\u00e3o 4. O balan\u00e7o da opera\u00e7\u00e3o foi divulgado somente na noite de quinta.<br \/>\nEntre os materiais apreendidos est\u00e3o: uma pistola calibre 380, 105 celulares, 93 baterias, 58 carregadores, 30 chips, 17 garrafas de bebida alco\u00f3lica, 9 pen drives, 9 por\u00e7\u00f5es de entorpecente, 38 estoques e um modem de internet.<\/p>\n<p style=\"text-align: justify\">&#8220;Ap\u00f3s a descoberta da arma, dois internos que residiam na cela foram transferidos para o Regime Disciplinar Diferenciado (RDD) no Instituto Penal Ant\u00f4nio Trindade (Ipat) e a pistola foi encaminhada para um Distrito Integrado de Pol\u00edcia (DIP)&#8221;, informou a secretaria.<\/p>\n<p style=\"text-align: justify\">A revista na UPP ocorreu tr\u00eas dias ap\u00f3s a morte de quatro presos na unidade. Foram assassinados: Andrei Chaves de Moura Castro, Kevin Klive Silva Ramos, Paulo Henrique Santos Lagos e Carlos Augusto Nascimento Galucio. Um dia antes, 56 detentos foram mortos no Complexo Penitenci\u00e1rio An\u00edsio Jobim (<a href=\"http:\/\/g1.globo.com\/am\/amazonas\/noticia\/2017\/01\/veja-lista-de-detentos-mortos-em-massacre-no-amazonas.html\">Veja a lista<\/a>).<\/p>\n<p style=\"text-align: justify\"><strong>Entenda o caso<\/strong><br \/>\nO primeiro tumulto nas unidades prisionais do estado ocorreu no Instituto Penal Ant\u00f4nio Trindade (Ipat), localizado no km 8 da BR-174 (Manaus-Boa Vista). Um total de 72 presos fugiu da unidade prisional na manh\u00e3 de domingo (1\u00ba).<\/p>\n<p style=\"text-align: justify\">Horas mais tarde, por volta de 14h, detentos do Compaj iniciaram uma rebeli\u00e3o violenta na unidade, que resultou na morte de 56 presos. O massacre foi liderado por internos da fac\u00e7\u00e3o Fam\u00edlia do Norte (FDN).<\/p>\n<p style=\"text-align: justify\">A rebeli\u00e3o no Compaj durou aproximadamente 17h e acabou na manh\u00e3 desta segunda-feira (2). Ap\u00f3s o fim do tumulto na unidade, o Ipat e o Centro de Deten\u00e7\u00e3o Provis\u00f3ria Masculino (CDPM) tamb\u00e9m registraram dist\u00farbios.<\/p>\n<p style=\"text-align: justify\">No Instituto, internos fizeram um &#8220;batid\u00e3o de grade&#8221;, enquanto no CDPM os internos alojados em um dos pavilh\u00f5es tentaram fugir, mas foram impedidos pela Pol\u00edcia Militar, que refor\u00e7ou a seguran\u00e7a na unidade.<\/p>\n<p style=\"text-align: justify\">No fim da tarde, quatro presos da Unidade Prisional do Puraquequara (UPP), na Zona Leste de Manaus, foram mortos dentro do pres\u00eddio. Segundo a SSP, n\u00e3o se tratou de uma rebeli\u00e3o, mas sim de uma a\u00e7\u00e3o direcionada a um grupo de presos.<\/p>\n<p style=\"line-height: 14.25pt;text-align: justify\"><strong><span style=\"font-size: 10.0pt;font-family: 'Georgia','serif';color: #333333\">Acompanhe tamb\u00e9m o SE Not\u00edcias no<\/span><\/strong><span class=\"apple-converted-space\"><b><span style=\"font-size: 10.0pt;font-family: 'Georgia','serif';color: #333333\">\u00a0<\/span><\/b><\/span><strong><span style=\"font-size: 10.0pt;font-family: 'Georgia','serif';color: #333333\"><a href=\"https:\/\/twitter.com\/Senoticias\" target=\"_blank\">Twitter<\/a>,<\/span><\/strong><span class=\"apple-converted-space\"><b><span style=\"font-size: 10.0pt;font-family: 'Georgia','serif';color: #333333\">\u00a0<\/span><\/b><\/span><strong><span style=\"font-size: 10.0pt;font-family: 'Georgia','serif';color: #333333\"><a href=\"https:\/\/www.facebook.com\/senoticias1\" target=\"_blank\">Facebook<span class=\"apple-converted-space\"><span style=\"color: windowtext;text-decoration: none\">\u00a0<\/span><\/span><\/a>e no<\/span><\/strong><span class=\"apple-converted-space\"><b><span style=\"font-size: 10.0pt;font-family: 'Georgia','serif';color: #333333\">\u00a0<\/span><\/b><\/span><strong><span style=\"font-size: 10.0pt;font-family: 'Georgia','serif';color: #333333\"><a href=\"https:\/\/www.instagram.com\/senoticias\/\" target=\"_blank\">Instagram<\/a>.<\/span><\/strong><\/p>\n<p style=\"text-align: justify\"><a href=\"http:\/\/senoticias.com.br\/se\/wp-content\/uploads\/2016\/12\/Logo-fone-1-2-1-2.jpg\"><img loading=\"lazy\" decoding=\"async\" class=\"aligncenter size-full wp-image-98981\" src=\"http:\/\/senoticias.com.br\/se\/wp-content\/uploads\/2016\/12\/Logo-fone-1-2-1-2.jpg\" alt=\"logo-fone-1-2-1\" width=\"599\" height=\"78\" srcset=\"https:\/\/senoticias.com.br\/se\/wp-content\/uploads\/2016\/12\/Logo-fone-1-2-1-2.jpg 599w, https:\/\/senoticias.com.br\/se\/wp-content\/uploads\/2016\/12\/Logo-fone-1-2-1-2-300x39.jpg 300w\" sizes=\"(max-width: 599px) 100vw, 599px\" \/><\/a><\/p>\n<p style=\"text-align: justify\">Do G1 AM<\/p>\n","protected":false},"excerpt":{"rendered":"<p>Ap\u00f3s a morte de 60 presos dentro de unidades prisionais do Amazonas, uma vistoria na Unidade Prisional do Puraquequara (UPP), em Manaus, apreendeu 105 celulares, entorpecentes e uma pistola calibre 380, na quinta-feira (5). A unidade \u00e9 a mesma onde quatro presos foram assassinados na segunda-feira (2). De acordo com a Secretaria de Estado de [&hellip;]<\/p>\n","protected":false},"author":5618,"featured_media":99227,"comment_status":"closed","ping_status":"closed","sticky":false,"template":"","format":"standard","meta":{"footnotes":""},"categories":[7],"tags":[1895,1894],"class_list":{"0":"post-99226","1":"post","2":"type-post","3":"status-publish","4":"format-standard","5":"has-post-thumbnail","7":"category-policia","8":"tag-105-celulares-e-pistola-sao-achados-em-cadeia-no-am","9":"tag-apos-morte-de-presos"},"_links":{"self":[{"href":"https:\/\/senoticias.com.br\/se\/wp-json\/wp\/v2\/posts\/99226"}],"collection":[{"href":"https:\/\/senoticias.com.br\/se\/wp-json\/wp\/v2\/posts"}],"about":[{"href":"https:\/\/senoticias.com.br\/se\/wp-json\/wp\/v2\/types\/post"}],"author":[{"embeddable":true,"href":"https:\/\/senoticias.com.br\/se\/wp-json\/wp\/v2\/users\/5618"}],"replies":[{"embeddable":true,"href":"https:\/\/senoticias.com.br\/se\/wp-json\/wp\/v2\/comments?post=99226"}],"version-history":[{"count":0,"href":"https:\/\/senoticias.com.br\/se\/wp-json\/wp\/v2\/posts\/99226\/revisions"}],"wp:featuredmedia":[{"embeddable":true,"href":"https:\/\/senoticias.com.br\/se\/wp-json\/wp\/v2\/media\/99227"}],"wp:attachment":[{"href":"https:\/\/senoticias.com.br\/se\/wp-json\/wp\/v2\/media?parent=99226"}],"wp:term":[{"taxonomy":"category","embeddable":true,"href":"https:\/\/senoticias.com.br\/se\/wp-json\/wp\/v2\/categories?post=99226"},{"taxonomy":"post_tag","embeddable":true,"href":"https:\/\/senoticias.com.br\/se\/wp-json\/wp\/v2\/tags?post=99226"}],"curies":[{"name":"wp","href":"https:\/\/api.w.org\/{rel}","templated":true}]}}