{"id":99223,"date":"2017-01-06T11:00:51","date_gmt":"2017-01-06T14:00:51","guid":{"rendered":"http:\/\/senoticias.com.br\/se\/?p=99223"},"modified":"2017-01-06T11:22:37","modified_gmt":"2017-01-06T14:22:37","slug":"mais-de-30-presos-morrem-na-penitenciaria-de-roraima-diz-governo","status":"publish","type":"post","link":"https:\/\/senoticias.com.br\/se\/mais-de-30-presos-morrem-na-penitenciaria-de-roraima-diz-governo\/","title":{"rendered":"Mais de 30 presos morrem na penitenci\u00e1ria de Roraima, diz governo"},"content":{"rendered":"<p style=\"text-align: justify;\">Ao menos 33 presos morreram na madrugada desta sexta-feira (6) na Penitenci\u00e1ria Agr\u00edcola de Monte Cristo, a maior de Roraima, informou a Secretaria de Justi\u00e7a e Cidadania (Sejuc).<\/p>\n<div id=\"attachment_99225\" style=\"width: 590px\" class=\"wp-caption aligncenter\"><a href=\"http:\/\/senoticias.com.br\/se\/wp-content\/uploads\/2017\/01\/roraima-presidio-SE-Noticias-e1483711206428.jpg\"><img loading=\"lazy\" decoding=\"async\" aria-describedby=\"caption-attachment-99225\" class=\"size-full wp-image-99225\" src=\"http:\/\/senoticias.com.br\/se\/wp-content\/uploads\/2017\/01\/roraima-presidio-SE-Noticias-e1483711206428.jpg\" alt=\"Movimenta\u00e7\u00e3o na entrada da Penitenci\u00e1ria Agr\u00edcola de Monte Cristo, a maior de Roraima, ap\u00f3s a morte de dezenas de presos (Foto: Reprodu\u00e7\u00e3o\/GloboNews)\" width=\"580\" height=\"435\" \/><\/a><p id=\"caption-attachment-99225\" class=\"wp-caption-text\">Movimenta\u00e7\u00e3o na entrada da Penitenci\u00e1ria Agr\u00edcola de Monte Cristo, a maior de Roraima, ap\u00f3s a morte de dezenas de presos (Foto: Reprodu\u00e7\u00e3o\/GloboNews)<\/p><\/div>\n<p style=\"text-align: justify;\">De acordo com nota da secretaria, o Batalh\u00e3o de Opera\u00e7\u00f5es Especiais (Bope) e a Pol\u00edcia Militar (PM) est\u00e3o na unidade que fica na BR-174, na zona Rural de Boa Vista. Um agente penitenci\u00e1rio, que n\u00e3o quis se identificar, disse ao G1 que as mortes ocorreram por volta das 2h30 (4h30 de Bras\u00edlia). A entrada da unidade foi isolada na manh\u00e3 desta sexta.<\/p>\n<p style=\"text-align: justify;\">De acordo com o secret\u00e1rio de Justi\u00e7a e Cidadania, Uziel Castro, que est\u00e1 no local, n\u00e3o houve rebeli\u00e3o e a matan\u00e7a seria de responsabilidade de presos do Primeiro Comando da Capital (PCC) que estavam concentrados neste centro de deten\u00e7\u00e3o.<\/p>\n<p style=\"text-align: justify;\">Ainda segundo o secret\u00e1rio, n\u00e3o foram encontradas, at\u00e9 o momento, armas de fogo no local, mas os corpos estariam &#8220;destro\u00e7ados&#8221; e diversos decapitados.<\/p>\n<p style=\"text-align: justify;\"><strong>A pasta informou ainda que a situa\u00e7\u00e3o est\u00e1 sob controle na unidade.<\/strong><\/p>\n<p style=\"text-align: justify;\">Equipes do Instituto M\u00e9dico Legal (IML) chegaram \u00e0 unidade por volta de 8h25 (10h25 de Bras\u00edlia) para a retirada dos corpos.<\/p>\n<p style=\"text-align: justify;\"><strong>Fam\u00edlias aguardam para informa\u00e7\u00f5es<\/strong><\/p>\n<p style=\"text-align: justify;\">Dezenas de familiares de presos foram para a frente \u00e0 Penitenci\u00e1ria Agr\u00edcola em busca de informa\u00e7\u00f5es dos detentos mortos. Os parentes relataram ter ficado sabendo das mortes pela imprensa e redes sociais.<br \/>\n&#8220;Eu soube pela m\u00eddia que ocorreram mortes no pres\u00eddio e vim para c\u00e1. Vou ficar at\u00e9 que eu saiba o que aconteceu l\u00e1 dentro&#8221;, disse Dorinha Dorentina, m\u00e3e de dois presos que cumprem pena na unidade.<br \/>\nParentes de detentos tamb\u00e9m foram ao IML, em Boa Vista, em busca das identidades dos presos mortos.<\/p>\n<p style=\"text-align: justify;\"><strong>Alerta emitido pelo Amazonas<\/strong><\/p>\n<p style=\"text-align: justify;\">Na ter\u00e7a-feira (3), o Amazonas emitiu alerta para Roraima no intuito de avisar sobre poss\u00edveis confrontos entre presos nas unidades do estado. No domingo (1\u00ba), 56 presos foram mortos durante uma rebeli\u00e3o no Complexo Penitenci\u00e1rio An\u00edsio Jobim, em Manaus.<\/p>\n<p style=\"text-align: justify;\"><strong>Confronto de fac\u00e7\u00f5es<\/strong><\/p>\n<p style=\"text-align: justify;\">Em outubro, 10 detentos morreram na penitenci\u00e1ria agr\u00edcola durante um confronto de duas fac\u00e7\u00f5es rivais e familiares foram feitos ref\u00e9ns. Alguns detentos foram queimados e outros decapitados. Na \u00e9poca, a pol\u00edcia apontou 50 suspeitos. O n\u00famero de mortos colocou Roraima em 9\u00ba no ranking de mortes violentas em pres\u00eddios, conforme levantamento do G1.<\/p>\n<p style=\"text-align: justify;\"><strong>Mais de 1,4 mil presos<\/strong><\/p>\n<p style=\"text-align: justify;\">A Penitenci\u00e1ria Agr\u00edcola de Monte Cristo \u00e9 a maior unidade prisional de Roraima e at\u00e9 outubro abrigava mais de 1,4 mil presos, o dobro da capacidade. O pres\u00eddio \u00e9 administrado pelo pr\u00f3prio estado.<\/p>\n<p style=\"text-align: justify;\"><em><strong>Veja a nota do governo na \u00edntegra:<\/strong><\/em><\/p>\n<p style=\"text-align: justify;\"><em>A Secretaria de Justi\u00e7a e Cidadania informa que nesta madrugada (dia 6) foram registradas 33 mortes na Pamc (Penitenci\u00e1ria Agr\u00edcola de Monte Cristo).<\/em><br \/>\n<em> Esclarece que a situa\u00e7\u00e3o est\u00e1 sob controle e que o Bope (Batalh\u00e3o de Opera\u00e7\u00f5es Especiais) da PMRR (Pol\u00edcia Militar) est\u00e1 nas alas do referido pres\u00eddio.<\/em><\/p>\n<p style=\"line-height: 14.25pt; text-align: justify;\"><strong><span style=\"font-size: 10.0pt; font-family: 'Georgia','serif'; color: #333333;\">Acompanhe tamb\u00e9m o SE Not\u00edcias no<\/span><\/strong><span class=\"apple-converted-space\"><b><span style=\"font-size: 10.0pt; font-family: 'Georgia','serif'; color: #333333;\">\u00a0<\/span><\/b><\/span><strong><span style=\"font-size: 10.0pt; font-family: 'Georgia','serif'; color: #333333;\"><a href=\"https:\/\/twitter.com\/Senoticias\" target=\"_blank\">Twitter<\/a>,<\/span><\/strong><span class=\"apple-converted-space\"><b><span style=\"font-size: 10.0pt; font-family: 'Georgia','serif'; color: #333333;\">\u00a0<\/span><\/b><\/span><strong><span style=\"font-size: 10.0pt; font-family: 'Georgia','serif'; color: #333333;\"><a href=\"https:\/\/www.facebook.com\/senoticias1\" target=\"_blank\">Facebook<span class=\"apple-converted-space\"><span style=\"color: windowtext; text-decoration: none;\">\u00a0<\/span><\/span><\/a>e no<\/span><\/strong><span class=\"apple-converted-space\"><b><span style=\"font-size: 10.0pt; font-family: 'Georgia','serif'; color: #333333;\">\u00a0<\/span><\/b><\/span><strong><span style=\"font-size: 10.0pt; font-family: 'Georgia','serif'; color: #333333;\"><a href=\"https:\/\/www.instagram.com\/senoticias\/\" target=\"_blank\">Instagram<\/a><\/span><\/strong><\/p>\n<p style=\"text-align: justify;\"><a href=\"http:\/\/senoticias.com.br\/se\/wp-content\/uploads\/2016\/12\/Logo-fone-1-2-1-2.jpg\"><img loading=\"lazy\" decoding=\"async\" class=\"aligncenter size-full wp-image-98981\" src=\"http:\/\/senoticias.com.br\/se\/wp-content\/uploads\/2016\/12\/Logo-fone-1-2-1-2.jpg\" alt=\"logo-fone-1-2-1\" width=\"599\" height=\"78\" srcset=\"https:\/\/senoticias.com.br\/se\/wp-content\/uploads\/2016\/12\/Logo-fone-1-2-1-2.jpg 599w, https:\/\/senoticias.com.br\/se\/wp-content\/uploads\/2016\/12\/Logo-fone-1-2-1-2-300x39.jpg 300w\" sizes=\"(max-width: 599px) 100vw, 599px\" \/><\/a><\/p>\n<p style=\"text-align: justify;\"><a href=\"http:\/\/g1.globo.com\/rr\/roraima\/noticia\/2017\/01\/mais-de-30-presos-sao-mortos-na-penitenciaria-de-roraima-diz-sejuc.html\"><em>Do G1 RR<\/em><\/a><\/p>\n<p style=\"text-align: justify;\">\n","protected":false},"excerpt":{"rendered":"<p>Ao menos 33 presos morreram na madrugada desta sexta-feira (6) na Penitenci\u00e1ria Agr\u00edcola de Monte Cristo, a maior de Roraima, informou a Secretaria de Justi\u00e7a e Cidadania (Sejuc). De acordo com nota da secretaria, o Batalh\u00e3o de Opera\u00e7\u00f5es Especiais (Bope) e a Pol\u00edcia Militar (PM) est\u00e3o na unidade que fica na BR-174, na zona Rural [&hellip;]<\/p>\n","protected":false},"author":5618,"featured_media":99225,"comment_status":"closed","ping_status":"closed","sticky":false,"template":"","format":"standard","meta":{"footnotes":""},"categories":[15,7],"tags":[1893,1892],"class_list":{"0":"post-99223","1":"post","2":"type-post","3":"status-publish","4":"format-standard","5":"has-post-thumbnail","7":"category-destaques","8":"category-policia","9":"tag-diz-governo","10":"tag-mais-de-30-presos-morrem-na-penitenciaria-de-roraima"},"_links":{"self":[{"href":"https:\/\/senoticias.com.br\/se\/wp-json\/wp\/v2\/posts\/99223"}],"collection":[{"href":"https:\/\/senoticias.com.br\/se\/wp-json\/wp\/v2\/posts"}],"about":[{"href":"https:\/\/senoticias.com.br\/se\/wp-json\/wp\/v2\/types\/post"}],"author":[{"embeddable":true,"href":"https:\/\/senoticias.com.br\/se\/wp-json\/wp\/v2\/users\/5618"}],"replies":[{"embeddable":true,"href":"https:\/\/senoticias.com.br\/se\/wp-json\/wp\/v2\/comments?post=99223"}],"version-history":[{"count":0,"href":"https:\/\/senoticias.com.br\/se\/wp-json\/wp\/v2\/posts\/99223\/revisions"}],"wp:featuredmedia":[{"embeddable":true,"href":"https:\/\/senoticias.com.br\/se\/wp-json\/wp\/v2\/media\/99225"}],"wp:attachment":[{"href":"https:\/\/senoticias.com.br\/se\/wp-json\/wp\/v2\/media?parent=99223"}],"wp:term":[{"taxonomy":"category","embeddable":true,"href":"https:\/\/senoticias.com.br\/se\/wp-json\/wp\/v2\/categories?post=99223"},{"taxonomy":"post_tag","embeddable":true,"href":"https:\/\/senoticias.com.br\/se\/wp-json\/wp\/v2\/tags?post=99223"}],"curies":[{"name":"wp","href":"https:\/\/api.w.org\/{rel}","templated":true}]}}