{"id":99221,"date":"2017-01-06T10:24:07","date_gmt":"2017-01-06T13:24:07","guid":{"rendered":"http:\/\/senoticias.com.br\/se\/?p=99221"},"modified":"2017-01-06T10:24:07","modified_gmt":"2017-01-06T13:24:07","slug":"zagueiro-neto-participa-da-apresentacao-do-elenco-da-chapecoense","status":"publish","type":"post","link":"https:\/\/senoticias.com.br\/se\/zagueiro-neto-participa-da-apresentacao-do-elenco-da-chapecoense\/","title":{"rendered":"Zagueiro Neto participa da apresenta\u00e7\u00e3o do elenco da Chapecoense"},"content":{"rendered":"<p style=\"text-align: justify\">A Chapecoense apresentou o novo elenco para a temporada de 2017 um m\u00eas e meio ap\u00f3s acontecer a trag\u00e9dia com a delega\u00e7\u00e3o, onde morreram 19 atletas e toda a comiss\u00e3o t\u00e9cnica. O zagueiro Neto, um dos seis sobreviventes do acidente a\u00e9reo na Col\u00f4mbia, se juntou ao elenco no CT do clube.<\/p>\n<div id=\"attachment_99222\" style=\"width: 590px\" class=\"wp-caption aligncenter\"><a href=\"http:\/\/senoticias.com.br\/se\/wp-content\/uploads\/2017\/01\/Chapecoense-apresenta-o-novo-elenco-para-temporada-2017-SE-Noticias-e1483708946149.jpg\"><img loading=\"lazy\" decoding=\"async\" aria-describedby=\"caption-attachment-99222\" class=\"size-full wp-image-99222\" src=\"http:\/\/senoticias.com.br\/se\/wp-content\/uploads\/2017\/01\/Chapecoense-apresenta-o-novo-elenco-para-temporada-2017-SE-Noticias-e1483708946149.jpg\" alt=\"Foto: Divulga\u00e7\u00e3o no Twitter da Chapecoense\" width=\"580\" height=\"387\" \/><\/a><p id=\"caption-attachment-99222\" class=\"wp-caption-text\">Foto: Divulga\u00e7\u00e3o no Twitter da Chapecoense<\/p><\/div>\n<p style=\"text-align: justify\">\nO jornalista Rafael Henzel, outro sobrevivente, compartilhou uma foto do defensor no seu Twitter. H\u00e1 a possibilidade do radialista voltar a trabalhar na R\u00e1dio Oeste Capital FM na pr\u00f3xima segunda-feira.<br \/>\n\u201cA Chapecoense est\u00e1 sendo apresentada neste momento. Guerreiro, zagueiro Neto est\u00e1 no grupo. Momento importante: o recome\u00e7o\u201d, escreveu o radialista na rede social.<\/p>\n<p style=\"text-align: justify\">Neto chegou ao clube de muletas, conversou com funcion\u00e1rios e jogadores, e vestiu a camisa do time. Na apresenta\u00e7\u00e3o, foi aplaudido quando anunciado pelo diretor executivo Rui Costa.<br \/>\n\u2013 Estamos aqui com os principais nomes para a reconstru\u00e7\u00e3o. Eu fa\u00e7o agradecimento especial a um atleta que est\u00e1 se reapresentando aqui: o Neto. Seja bem-vindo, Neto. Seja bem-vindo a sua casa. Ao lugar que te pertence \u2013 disse o dirigente.<\/p>\n<p style=\"text-align: justify\">O t\u00e9cnico Vagner Mancini j\u00e1 trabalhou com Neto e comentou sobre a nova etapa da equipe ap\u00f3s a remontada.<br \/>\n\u2013 Eu j\u00e1 falei nas entrevistas a minha satisfa\u00e7\u00e3o de ficar aqui e todos daqui sabem que foram escolhidos assim como eu. A nossa responsabilidade \u00e9 exatamente n\u00e3o s\u00f3 devolver o bom futebol que a Chape teve durante a sua hist\u00f3ria, mas fazer de tudo para homenagear a cada dia aqueles que estavam no avi\u00e3o e serem lembrados. O Neto foi meu atleta e a presen\u00e7a dele aqui hoje nos d\u00e1 muito mais for\u00e7a para fazer o que desejamos e queremos. Agrade\u00e7o todos aqui da cidade, os funcion\u00e1rios, \u00e0 diretoria e \u00e0 imprensa. Contamos com o apoio de todos \u2013 disse o treinador.<br \/>\nNeto foi um dos seis sobreviventes do desastre a\u00e9reo que matou 71 pessoas, no dia 29 de novembro, perto de Medell\u00edn, na Col\u00f4mbia. Al\u00e9m dele, s\u00f3 outros dois jogadores permaneceram com vida: o goleiro Jackson Follmann e o lateral Alan Ruschel. Neto e Ruschel devem voltar aos gramados em 2017, mas Follmann acabou perdendo uma perna no acidente.<\/p>\n<p style=\"text-align: justify\"><strong>Elenco enxuto<\/strong><br \/>\nA ideia da diretoria \u00e9 trabalhar com 25 ou 30 atletas. At\u00e9 o momento, 15 jogadores j\u00e1 foram acertados, entre empr\u00e9stimos e contrata\u00e7\u00f5es. Cinco j\u00e1 foram apresentados e os demais ser\u00e3o nesta sexta-feira.<br \/>\n&#8211; O elenco que queremos trabahar \u00e9 de 25 a 30 atletas, pooque \u00e9 uma temporada com muitos jogos, de 70 a 80 partidas, isso com uma temporada de sucesso. Os atletas est\u00e3o chegando ainda, n\u00e3o temos o grupo fechado, estamos fazendo contrata\u00e7\u00f5es &#8211; disse o diretor de ffutebol Rui Costa.<\/p>\n<p style=\"text-align: justify\">O treinador ainda falou sobre os desafios da equipe, que precisou se remontar ap\u00f3s perder quase todo o elenco. ressaltou que<br \/>\n&#8211; Desafio realmente grande o que vamos enfrentar e estou comovido, porque sei que vamos ter \u00eaxito. Existe uma energia muito grande em volta da Chapecoense. Vamos enfrentar dificuldade naturais, como montar um time rapidamente, sem tempo h\u00e1bil. Mas vamos contar com a vontade dos jogadores para queimar etapas e mostrar um bom futebol \u2013 disse na coletiva.<br \/>\nAntes de estrear na Primeira Liga e no Campeonato Catarinense, a Chapecoense vai enfrenta o Palmeiras, o campe\u00e3o brasileiro de 2016, em um amistoso marcado para o dia 21. O Alviverde vai bancar todas as despesas e toda a renda ser\u00e1 revertida para o time da Arena Cond\u00e1.<\/p>\n<p style=\"line-height: 14.25pt\"><strong><span style=\"font-size: 10.0pt;font-family: 'Georgia','serif';color: #333333\">Acompanhe tamb\u00e9m o SE Not\u00edcias no<\/span><\/strong><span class=\"apple-converted-space\"><b><span style=\"font-size: 10.0pt;font-family: 'Georgia','serif';color: #333333\">\u00a0<\/span><\/b><\/span><strong><span style=\"font-size: 10.0pt;font-family: 'Georgia','serif';color: #333333\"><a href=\"https:\/\/twitter.com\/Senoticias\" target=\"_blank\">Twitter<\/a>,<\/span><\/strong><span class=\"apple-converted-space\"><b><span style=\"font-size: 10.0pt;font-family: 'Georgia','serif';color: #333333\">\u00a0<\/span><\/b><\/span><strong><span style=\"font-size: 10.0pt;font-family: 'Georgia','serif';color: #333333\"><a href=\"https:\/\/www.facebook.com\/senoticias1\" target=\"_blank\">Facebook<span class=\"apple-converted-space\"><span style=\"color: windowtext;text-decoration: none\">\u00a0<\/span><\/span><\/a>e no<\/span><\/strong><span class=\"apple-converted-space\"><b><span style=\"font-size: 10.0pt;font-family: 'Georgia','serif';color: #333333\">\u00a0<\/span><\/b><\/span><strong><span style=\"font-size: 10.0pt;font-family: 'Georgia','serif';color: #333333\"><a href=\"https:\/\/www.instagram.com\/senoticias\/\" target=\"_blank\">Instagram<\/a>.<\/span><\/strong><\/p>\n<p style=\"text-align: justify\"><a href=\"http:\/\/senoticias.com.br\/se\/wp-content\/uploads\/2016\/12\/Logo-fone-1-2-1-2.jpg\"><img loading=\"lazy\" decoding=\"async\" class=\"aligncenter size-full wp-image-98981\" src=\"http:\/\/senoticias.com.br\/se\/wp-content\/uploads\/2016\/12\/Logo-fone-1-2-1-2.jpg\" alt=\"logo-fone-1-2-1\" width=\"599\" height=\"78\" srcset=\"https:\/\/senoticias.com.br\/se\/wp-content\/uploads\/2016\/12\/Logo-fone-1-2-1-2.jpg 599w, https:\/\/senoticias.com.br\/se\/wp-content\/uploads\/2016\/12\/Logo-fone-1-2-1-2-300x39.jpg 300w\" sizes=\"(max-width: 599px) 100vw, 599px\" \/><\/a><\/p>\n<p style=\"text-align: justify\">Do Jornal Extra<\/p>\n","protected":false},"excerpt":{"rendered":"<p>A Chapecoense apresentou o novo elenco para a temporada de 2017 um m\u00eas e meio ap\u00f3s acontecer a trag\u00e9dia com a delega\u00e7\u00e3o, onde morreram 19 atletas e toda a comiss\u00e3o t\u00e9cnica. O zagueiro Neto, um dos seis sobreviventes do acidente a\u00e9reo na Col\u00f4mbia, se juntou ao elenco no CT do clube. O jornalista Rafael Henzel, [&hellip;]<\/p>\n","protected":false},"author":5618,"featured_media":99222,"comment_status":"closed","ping_status":"closed","sticky":false,"template":"","format":"standard","meta":{"footnotes":""},"categories":[26],"tags":[1891],"class_list":{"0":"post-99221","1":"post","2":"type-post","3":"status-publish","4":"format-standard","5":"has-post-thumbnail","7":"category-esportes","8":"tag-zagueiro-neto-participa-da-apresentacao-do-elenco-da-chapecoense"},"_links":{"self":[{"href":"https:\/\/senoticias.com.br\/se\/wp-json\/wp\/v2\/posts\/99221"}],"collection":[{"href":"https:\/\/senoticias.com.br\/se\/wp-json\/wp\/v2\/posts"}],"about":[{"href":"https:\/\/senoticias.com.br\/se\/wp-json\/wp\/v2\/types\/post"}],"author":[{"embeddable":true,"href":"https:\/\/senoticias.com.br\/se\/wp-json\/wp\/v2\/users\/5618"}],"replies":[{"embeddable":true,"href":"https:\/\/senoticias.com.br\/se\/wp-json\/wp\/v2\/comments?post=99221"}],"version-history":[{"count":0,"href":"https:\/\/senoticias.com.br\/se\/wp-json\/wp\/v2\/posts\/99221\/revisions"}],"wp:featuredmedia":[{"embeddable":true,"href":"https:\/\/senoticias.com.br\/se\/wp-json\/wp\/v2\/media\/99222"}],"wp:attachment":[{"href":"https:\/\/senoticias.com.br\/se\/wp-json\/wp\/v2\/media?parent=99221"}],"wp:term":[{"taxonomy":"category","embeddable":true,"href":"https:\/\/senoticias.com.br\/se\/wp-json\/wp\/v2\/categories?post=99221"},{"taxonomy":"post_tag","embeddable":true,"href":"https:\/\/senoticias.com.br\/se\/wp-json\/wp\/v2\/tags?post=99221"}],"curies":[{"name":"wp","href":"https:\/\/api.w.org\/{rel}","templated":true}]}}