{"id":99220,"date":"2017-01-06T10:12:27","date_gmt":"2017-01-06T13:12:27","guid":{"rendered":"http:\/\/senoticias.com.br\/se\/?p=99220"},"modified":"2017-01-06T10:12:27","modified_gmt":"2017-01-06T13:12:27","slug":"brasil-registra-1-982-mortes-pelo-virus-h1n1","status":"publish","type":"post","link":"https:\/\/senoticias.com.br\/se\/brasil-registra-1-982-mortes-pelo-virus-h1n1\/","title":{"rendered":"Brasil registra 1.982 mortes pelo v\u00edrus H1N1"},"content":{"rendered":"<p style=\"text-align: justify\">Dados do Minist\u00e9rio da Sa\u00fade mostram que, em 2016, foram registradas 1.982 mortes em decorr\u00eancia da influenza A (H1N1). No total, foram notificadas 2.220 mortes pelos diversos tipos de influenza. Segundo o levantamento,\u00a0 69% das mortes s\u00e3o de pessoas com fatores de risco, sendo que 42% s\u00e3o maiores de 60 anos de idade. Outros 29% das v\u00edtimias tinham doen\u00e7a cardiovascular cr\u00f4nica.<\/p>\n<div id=\"attachment_90293\" style=\"width: 590px\" class=\"wp-caption aligncenter\"><a href=\"http:\/\/senoticias.com.br\/se\/wp-content\/uploads\/2016\/04\/SENOTICIAS-noticia_H1N1-1-e1459709168997.jpg\"><img loading=\"lazy\" decoding=\"async\" aria-describedby=\"caption-attachment-90293\" class=\"wp-image-90293\" src=\"http:\/\/senoticias.com.br\/se\/wp-content\/uploads\/2016\/04\/SENOTICIAS-noticia_H1N1-1-e1459709168997.jpg\" alt=\"(Foto: Ascom\/MS)\" width=\"580\" height=\"435\" \/><\/a><p id=\"caption-attachment-90293\" class=\"wp-caption-text\">(Foto: Ascom\/MS)<\/p><\/div>\n<p style=\"text-align: justify\">No per\u00edodo, foram registrados 54.224 casos de S\u00edndrome Respirat\u00f3ria Aguda Grave (Srag), quadro mais complicado da gripe, causado por diversos tipos de v\u00edrus, entre eles, o influenza. Em 2016, 7.171 pessoas morreram com esta s\u00edndrome.<\/p>\n<p style=\"text-align: justify\">Em 2016 a incid\u00eancia do v\u00edrus come\u00e7ou mais cedo, com pico em abril. Normalmente o per\u00edodo de maior transmiss\u00e3o \u00e9 junho, quando come\u00e7a o inverno. Nos tr\u00eas primeiros meses do ano passado, o n\u00famero de casos ultrapassou o total de 2015.<\/p>\n<p style=\"line-height: 14.25pt\"><strong><span style=\"font-size: 10.0pt;font-family: 'Georgia','serif';color: #333333\">Acompanhe tamb\u00e9m o SE Not\u00edcias no<\/span><\/strong><span class=\"apple-converted-space\"><b><span style=\"font-size: 10.0pt;font-family: 'Georgia','serif';color: #333333\">\u00a0<\/span><\/b><\/span><strong><span style=\"font-size: 10.0pt;font-family: 'Georgia','serif';color: #333333\"><a href=\"https:\/\/twitter.com\/Senoticias\" target=\"_blank\">Twitter<\/a>,<\/span><\/strong><span class=\"apple-converted-space\"><b><span style=\"font-size: 10.0pt;font-family: 'Georgia','serif';color: #333333\">\u00a0<\/span><\/b><\/span><strong><span style=\"font-size: 10.0pt;font-family: 'Georgia','serif';color: #333333\"><a href=\"https:\/\/www.facebook.com\/senoticias1\" target=\"_blank\">Facebook<span class=\"apple-converted-space\"><span style=\"color: windowtext;text-decoration: none\">\u00a0<\/span><\/span><\/a>e no<\/span><\/strong><span class=\"apple-converted-space\"><b><span style=\"font-size: 10.0pt;font-family: 'Georgia','serif';color: #333333\">\u00a0<\/span><\/b><\/span><strong><span style=\"font-size: 10.0pt;font-family: 'Georgia','serif';color: #333333\"><a href=\"https:\/\/www.instagram.com\/senoticias\/\" target=\"_blank\">Instagram<\/a>.<\/span><\/strong><\/p>\n<p style=\"line-height: 14.25pt\"><a href=\"http:\/\/senoticias.com.br\/se\/wp-content\/uploads\/2016\/12\/Logo-fone-1-2-1-2.jpg\"><img loading=\"lazy\" decoding=\"async\" class=\"aligncenter size-full wp-image-98981\" src=\"http:\/\/senoticias.com.br\/se\/wp-content\/uploads\/2016\/12\/Logo-fone-1-2-1-2.jpg\" alt=\"logo-fone-1-2-1\" width=\"599\" height=\"78\" srcset=\"https:\/\/senoticias.com.br\/se\/wp-content\/uploads\/2016\/12\/Logo-fone-1-2-1-2.jpg 599w, https:\/\/senoticias.com.br\/se\/wp-content\/uploads\/2016\/12\/Logo-fone-1-2-1-2-300x39.jpg 300w\" sizes=\"(max-width: 599px) 100vw, 599px\" \/><\/a><\/p>\n<p style=\"line-height: 14.25pt\">Da Ag\u00eancia Brasil<\/p>\n","protected":false},"excerpt":{"rendered":"<p>Dados do Minist\u00e9rio da Sa\u00fade mostram que, em 2016, foram registradas 1.982 mortes em decorr\u00eancia da influenza A (H1N1). No total, foram notificadas 2.220 mortes pelos diversos tipos de influenza. Segundo o levantamento,\u00a0 69% das mortes s\u00e3o de pessoas com fatores de risco, sendo que 42% s\u00e3o maiores de 60 anos de idade. Outros 29% [&hellip;]<\/p>\n","protected":false},"author":5618,"featured_media":90293,"comment_status":"closed","ping_status":"closed","sticky":false,"template":"","format":"standard","meta":{"footnotes":""},"categories":[20,8],"tags":[1890],"class_list":{"0":"post-99220","1":"post","2":"type-post","3":"status-publish","4":"format-standard","5":"has-post-thumbnail","7":"category-saude","8":"category-esporte-e-cultura","9":"tag-brasil-registra-1-982-mortes-pelo-virus-h1n1"},"_links":{"self":[{"href":"https:\/\/senoticias.com.br\/se\/wp-json\/wp\/v2\/posts\/99220"}],"collection":[{"href":"https:\/\/senoticias.com.br\/se\/wp-json\/wp\/v2\/posts"}],"about":[{"href":"https:\/\/senoticias.com.br\/se\/wp-json\/wp\/v2\/types\/post"}],"author":[{"embeddable":true,"href":"https:\/\/senoticias.com.br\/se\/wp-json\/wp\/v2\/users\/5618"}],"replies":[{"embeddable":true,"href":"https:\/\/senoticias.com.br\/se\/wp-json\/wp\/v2\/comments?post=99220"}],"version-history":[{"count":0,"href":"https:\/\/senoticias.com.br\/se\/wp-json\/wp\/v2\/posts\/99220\/revisions"}],"wp:featuredmedia":[{"embeddable":true,"href":"https:\/\/senoticias.com.br\/se\/wp-json\/wp\/v2\/media\/90293"}],"wp:attachment":[{"href":"https:\/\/senoticias.com.br\/se\/wp-json\/wp\/v2\/media?parent=99220"}],"wp:term":[{"taxonomy":"category","embeddable":true,"href":"https:\/\/senoticias.com.br\/se\/wp-json\/wp\/v2\/categories?post=99220"},{"taxonomy":"post_tag","embeddable":true,"href":"https:\/\/senoticias.com.br\/se\/wp-json\/wp\/v2\/tags?post=99220"}],"curies":[{"name":"wp","href":"https:\/\/api.w.org\/{rel}","templated":true}]}}