{"id":99219,"date":"2017-01-06T10:07:45","date_gmt":"2017-01-06T13:07:45","guid":{"rendered":"http:\/\/senoticias.com.br\/se\/?p=99219"},"modified":"2017-01-06T10:07:45","modified_gmt":"2017-01-06T13:07:45","slug":"em-missa-da-epifania-papa-condena-culto-ao-poder","status":"publish","type":"post","link":"https:\/\/senoticias.com.br\/se\/em-missa-da-epifania-papa-condena-culto-ao-poder\/","title":{"rendered":"Em missa da Epifania, papa condena culto ao poder"},"content":{"rendered":"<p style=\"text-align: justify\">Ao celebrar hoje (6) a missa da Epifania, quando a Igreja Cat\u00f3lica celebra a visita dos Reis Magos ao menino Jesus, o papa Francisco criticou o culto ao poder que existe no mundo.<\/p>\n<div id=\"attachment_84886\" style=\"width: 610px\" class=\"wp-caption aligncenter\"><a href=\"http:\/\/senoticias.com.br\/se\/wp-content\/uploads\/2015\/10\/164000.jpg\"><img loading=\"lazy\" decoding=\"async\" aria-describedby=\"caption-attachment-84886\" class=\"size-full wp-image-84886\" src=\"http:\/\/senoticias.com.br\/se\/wp-content\/uploads\/2015\/10\/164000.jpg\" alt=\" (Foto: Divulga\u00e7\u00e3o) \" width=\"600\" height=\"400\" srcset=\"https:\/\/senoticias.com.br\/se\/wp-content\/uploads\/2015\/10\/164000.jpg 600w, https:\/\/senoticias.com.br\/se\/wp-content\/uploads\/2015\/10\/164000-300x200.jpg 300w, https:\/\/senoticias.com.br\/se\/wp-content\/uploads\/2015\/10\/164000-342x227.jpg 342w\" sizes=\"(max-width: 600px) 100vw, 600px\" \/><\/a><p id=\"caption-attachment-84886\" class=\"wp-caption-text\">(Foto: Divulga\u00e7\u00e3o)<\/p><\/div>\n<p style=\"text-align: justify\">&#8220;Os magos vieram do Oriente para adorar e foram ao lugar pr\u00f3prio de um rei: o pal\u00e1cio. \u00c9 pr\u00f3prio de um rei nascer em um pal\u00e1cio e ter sua corte e seus s\u00faditos. \u00c9 sinal de poder, de sucesso, de \u00e1pice. E se pode acreditar que um rei seja venerado, temido e adulado, sim, mas n\u00e3o necessariamente amado&#8221;, afirmou no in\u00edcio da homilia. As informa\u00e7\u00f5es s\u00e3o da ag\u00eancia de not\u00edcias Ansa.<\/p>\n<p style=\"text-align: justify\">O papa destacou que &#8220;esses s\u00e3o os esquemas mundanos, os pequenos \u00eddolos para os quais prestamos culto&#8221;. &#8220;O culto do poder, da apar\u00eancia e da superioridade. \u00cddolos que prometem apenas tristeza, escravid\u00e3o, medo&#8221;, acrescentou.<\/p>\n<p style=\"text-align: justify\">Ele disse, ainda, que as pessoas, assim como ocorreu com os magos, devem perceber que Deus n\u00e3o est\u00e1 nos pal\u00e1cios, mas nas periferias.<\/p>\n<p style=\"line-height: 14.25pt;text-align: justify\"><strong><span style=\"font-size: 10.0pt;font-family: 'Georgia','serif';color: #333333\">Acompanhe tamb\u00e9m o SE Not\u00edcias no<\/span><\/strong><span class=\"apple-converted-space\"><b><span style=\"font-size: 10.0pt;font-family: 'Georgia','serif';color: #333333\">\u00a0<\/span><\/b><\/span><strong><span style=\"font-size: 10.0pt;font-family: 'Georgia','serif';color: #333333\"><a href=\"https:\/\/twitter.com\/Senoticias\" target=\"_blank\">Twitter<\/a>,<\/span><\/strong><span class=\"apple-converted-space\"><b><span style=\"font-size: 10.0pt;font-family: 'Georgia','serif';color: #333333\">\u00a0<\/span><\/b><\/span><strong><span style=\"font-size: 10.0pt;font-family: 'Georgia','serif';color: #333333\"><a href=\"https:\/\/www.facebook.com\/senoticias1\" target=\"_blank\">Facebook<span class=\"apple-converted-space\"><span style=\"color: windowtext;text-decoration: none\">\u00a0<\/span><\/span><\/a>e no<\/span><\/strong><span class=\"apple-converted-space\"><b><span style=\"font-size: 10.0pt;font-family: 'Georgia','serif';color: #333333\">\u00a0<\/span><\/b><\/span><strong><span style=\"font-size: 10.0pt;font-family: 'Georgia','serif';color: #333333\"><a href=\"https:\/\/www.instagram.com\/senoticias\/\" target=\"_blank\">Instagram<\/a>.<\/span><\/strong><\/p>\n<p style=\"line-height: 14.25pt;text-align: justify\"><a href=\"http:\/\/senoticias.com.br\/se\/wp-content\/uploads\/2016\/12\/Logo-fone-1-2-1-2.jpg\"><img loading=\"lazy\" decoding=\"async\" class=\"aligncenter size-full wp-image-98981\" src=\"http:\/\/senoticias.com.br\/se\/wp-content\/uploads\/2016\/12\/Logo-fone-1-2-1-2.jpg\" alt=\"logo-fone-1-2-1\" width=\"599\" height=\"78\" srcset=\"https:\/\/senoticias.com.br\/se\/wp-content\/uploads\/2016\/12\/Logo-fone-1-2-1-2.jpg 599w, https:\/\/senoticias.com.br\/se\/wp-content\/uploads\/2016\/12\/Logo-fone-1-2-1-2-300x39.jpg 300w\" sizes=\"(max-width: 599px) 100vw, 599px\" \/><\/a><\/p>\n<p style=\"line-height: 14.25pt;text-align: justify\">Da Ag\u00eancia Brasil<\/p>\n","protected":false},"excerpt":{"rendered":"<p>Ao celebrar hoje (6) a missa da Epifania, quando a Igreja Cat\u00f3lica celebra a visita dos Reis Magos ao menino Jesus, o papa Francisco criticou o culto ao poder que existe no mundo. &#8220;Os magos vieram do Oriente para adorar e foram ao lugar pr\u00f3prio de um rei: o pal\u00e1cio. \u00c9 pr\u00f3prio de um rei [&hellip;]<\/p>\n","protected":false},"author":5618,"featured_media":84886,"comment_status":"closed","ping_status":"closed","sticky":false,"template":"","format":"standard","meta":{"footnotes":""},"categories":[46],"tags":[1888,1889],"class_list":{"0":"post-99219","1":"post","2":"type-post","3":"status-publish","4":"format-standard","5":"has-post-thumbnail","7":"category-religiao","8":"tag-em-missa-da-epifania","9":"tag-papa-condena-culto-ao-poder"},"_links":{"self":[{"href":"https:\/\/senoticias.com.br\/se\/wp-json\/wp\/v2\/posts\/99219"}],"collection":[{"href":"https:\/\/senoticias.com.br\/se\/wp-json\/wp\/v2\/posts"}],"about":[{"href":"https:\/\/senoticias.com.br\/se\/wp-json\/wp\/v2\/types\/post"}],"author":[{"embeddable":true,"href":"https:\/\/senoticias.com.br\/se\/wp-json\/wp\/v2\/users\/5618"}],"replies":[{"embeddable":true,"href":"https:\/\/senoticias.com.br\/se\/wp-json\/wp\/v2\/comments?post=99219"}],"version-history":[{"count":0,"href":"https:\/\/senoticias.com.br\/se\/wp-json\/wp\/v2\/posts\/99219\/revisions"}],"wp:featuredmedia":[{"embeddable":true,"href":"https:\/\/senoticias.com.br\/se\/wp-json\/wp\/v2\/media\/84886"}],"wp:attachment":[{"href":"https:\/\/senoticias.com.br\/se\/wp-json\/wp\/v2\/media?parent=99219"}],"wp:term":[{"taxonomy":"category","embeddable":true,"href":"https:\/\/senoticias.com.br\/se\/wp-json\/wp\/v2\/categories?post=99219"},{"taxonomy":"post_tag","embeddable":true,"href":"https:\/\/senoticias.com.br\/se\/wp-json\/wp\/v2\/tags?post=99219"}],"curies":[{"name":"wp","href":"https:\/\/api.w.org\/{rel}","templated":true}]}}