{"id":99216,"date":"2017-01-06T10:01:59","date_gmt":"2017-01-06T13:01:59","guid":{"rendered":"http:\/\/senoticias.com.br\/se\/?p=99216"},"modified":"2017-01-06T10:01:59","modified_gmt":"2017-01-06T13:01:59","slug":"programa-gerador-do-ir-2017-estara-disponivel-em-23-de-fevereiro","status":"publish","type":"post","link":"https:\/\/senoticias.com.br\/se\/programa-gerador-do-ir-2017-estara-disponivel-em-23-de-fevereiro\/","title":{"rendered":"Programa gerador do IR 2017 estar\u00e1 dispon\u00edvel em 23 de fevereiro"},"content":{"rendered":"<p style=\"text-align: justify\">O programa gerador da Declara\u00e7\u00e3o do Imposto de Renda da Pessoa F\u00edsica (DIRPF) de 2017 estar\u00e1 dispon\u00edvel a partir do dia 23 de fevereiro, informou hoje (6) a Secretaria da Receita Federal. Mas o contribuinte pode preencher o <a href=\"http:\/\/idg.receita.fazenda.gov.br\/orientacao\/tributaria\/declaracoes-e-demonstrativos\/dirpf\/rascunho-irpf\/rascunho-irpf\" target=\"_blank\">rascunho<\/a> da declara\u00e7\u00e3o deste ano, desde maio de 2016.<\/p>\n<div id=\"attachment_99218\" style=\"width: 590px\" class=\"wp-caption aligncenter\"><a href=\"http:\/\/senoticias.com.br\/se\/wp-content\/uploads\/2017\/01\/Imposto-de-Renda-2017-SE-Noticias.jpg\"><img loading=\"lazy\" decoding=\"async\" aria-describedby=\"caption-attachment-99218\" class=\"size-full wp-image-99218\" src=\"http:\/\/senoticias.com.br\/se\/wp-content\/uploads\/2017\/01\/Imposto-de-Renda-2017-SE-Noticias.jpg\" alt=\"Bras\u00edlia - Os dados do rascunho podem ser acessados de qualquer computador ou celular por meio de aplicativo e ficam armazenados no sistema da Receita FederalMarcelo Camargo\/Ag\u00eancia Brasil\" width=\"580\" height=\"388\" srcset=\"https:\/\/senoticias.com.br\/se\/wp-content\/uploads\/2017\/01\/Imposto-de-Renda-2017-SE-Noticias.jpg 580w, https:\/\/senoticias.com.br\/se\/wp-content\/uploads\/2017\/01\/Imposto-de-Renda-2017-SE-Noticias-300x201.jpg 300w, https:\/\/senoticias.com.br\/se\/wp-content\/uploads\/2017\/01\/Imposto-de-Renda-2017-SE-Noticias-90x60.jpg 90w, https:\/\/senoticias.com.br\/se\/wp-content\/uploads\/2017\/01\/Imposto-de-Renda-2017-SE-Noticias-180x120.jpg 180w, https:\/\/senoticias.com.br\/se\/wp-content\/uploads\/2017\/01\/Imposto-de-Renda-2017-SE-Noticias-95x64.jpg 95w\" sizes=\"(max-width: 580px) 100vw, 580px\" \/><\/a><p id=\"caption-attachment-99218\" class=\"wp-caption-text\">Bras\u00edlia &#8211; Os dados do rascunho podem ser acessados de qualquer computador ou celular por meio de aplicativo e ficam armazenados no sistema da Receita FederalMarcelo Camargo\/Ag\u00eancia Brasil<\/p><\/div>\n<p style=\"text-align: justify\">Os <a href=\"http:\/\/agenciabrasil.ebc.com.br\/economia\/noticia\/2016-04\/contribuinte-podera-preencher-rascunho-da-declaracao-de-2017-partir-do-dia\" target=\"_blank\">dados do rascunho<\/a> podem ser acessados de qualquer computador ou celular por meio de aplicativo e ficam armazenados no sistema da Receita Federal. Quando come\u00e7ar o prazo de entrega da declara\u00e7\u00e3o de 2017, o contribuinte pode importar as informa\u00e7\u00f5es para o formul\u00e1rio.<\/p>\n<p style=\"text-align: justify\">No dia 2 de mar\u00e7o deste ano, a Receita come\u00e7ar\u00e1 a receber a DIRPF e vai disponibilizar as declara\u00e7\u00f5es pr\u00e9-preenchidas. E o fim do prazo de apresenta\u00e7\u00e3o das declara\u00e7\u00f5es \u00e9 28 de abril.<\/p>\n<p style=\"text-align: justify\">A Receita tamb\u00e9m vai disponibilizar os programas do Carn\u00ea Le\u00e3o 2017 e de Apura\u00e7\u00e3o dos Ganhos de Capital no dia 20 deste m\u00eas.<\/p>\n<p style=\"line-height: 14.25pt\"><strong><span style=\"font-size: 10.0pt;font-family: 'Georgia','serif';color: #333333\">Acompanhe tamb\u00e9m o SE Not\u00edcias no<\/span><\/strong><span class=\"apple-converted-space\"><b><span style=\"font-size: 10.0pt;font-family: 'Georgia','serif';color: #333333\">\u00a0<\/span><\/b><\/span><strong><span style=\"font-size: 10.0pt;font-family: 'Georgia','serif';color: #333333\"><a href=\"https:\/\/twitter.com\/Senoticias\" target=\"_blank\">Twitter<\/a>,<\/span><\/strong><span class=\"apple-converted-space\"><b><span style=\"font-size: 10.0pt;font-family: 'Georgia','serif';color: #333333\">\u00a0<\/span><\/b><\/span><strong><span style=\"font-size: 10.0pt;font-family: 'Georgia','serif';color: #333333\"><a href=\"https:\/\/www.facebook.com\/senoticias1\" target=\"_blank\">Facebook<span class=\"apple-converted-space\"><span style=\"color: windowtext;text-decoration: none\">\u00a0<\/span><\/span><\/a>e no<\/span><\/strong><span class=\"apple-converted-space\"><b><span style=\"font-size: 10.0pt;font-family: 'Georgia','serif';color: #333333\">\u00a0<\/span><\/b><\/span><strong><span style=\"font-size: 10.0pt;font-family: 'Georgia','serif';color: #333333\"><a href=\"https:\/\/www.instagram.com\/senoticias\/\" target=\"_blank\">Instagram<\/a>.<\/span><\/strong><\/p>\n<p style=\"line-height: 14.25pt\"><a href=\"http:\/\/senoticias.com.br\/se\/wp-content\/uploads\/2016\/12\/Logo-fone-1-2-1-2.jpg\"><img loading=\"lazy\" decoding=\"async\" class=\"aligncenter size-full wp-image-98981\" src=\"http:\/\/senoticias.com.br\/se\/wp-content\/uploads\/2016\/12\/Logo-fone-1-2-1-2.jpg\" alt=\"logo-fone-1-2-1\" width=\"599\" height=\"78\" srcset=\"https:\/\/senoticias.com.br\/se\/wp-content\/uploads\/2016\/12\/Logo-fone-1-2-1-2.jpg 599w, https:\/\/senoticias.com.br\/se\/wp-content\/uploads\/2016\/12\/Logo-fone-1-2-1-2-300x39.jpg 300w\" sizes=\"(max-width: 599px) 100vw, 599px\" \/><\/a><\/p>\n<p style=\"line-height: 14.25pt\">Da Ag\u00eancia Brasil<\/p>\n","protected":false},"excerpt":{"rendered":"<p>O programa gerador da Declara\u00e7\u00e3o do Imposto de Renda da Pessoa F\u00edsica (DIRPF) de 2017 estar\u00e1 dispon\u00edvel a partir do dia 23 de fevereiro, informou hoje (6) a Secretaria da Receita Federal. Mas o contribuinte pode preencher o rascunho da declara\u00e7\u00e3o deste ano, desde maio de 2016. Os dados do rascunho podem ser acessados de [&hellip;]<\/p>\n","protected":false},"author":5618,"featured_media":99218,"comment_status":"closed","ping_status":"closed","sticky":false,"template":"","format":"standard","meta":{"footnotes":""},"categories":[8],"tags":[1887],"class_list":{"0":"post-99216","1":"post","2":"type-post","3":"status-publish","4":"format-standard","5":"has-post-thumbnail","7":"category-esporte-e-cultura","8":"tag-programa-gerador-do-ir-2017-estara-disponivel-em-23-de-fevereiro"},"_links":{"self":[{"href":"https:\/\/senoticias.com.br\/se\/wp-json\/wp\/v2\/posts\/99216"}],"collection":[{"href":"https:\/\/senoticias.com.br\/se\/wp-json\/wp\/v2\/posts"}],"about":[{"href":"https:\/\/senoticias.com.br\/se\/wp-json\/wp\/v2\/types\/post"}],"author":[{"embeddable":true,"href":"https:\/\/senoticias.com.br\/se\/wp-json\/wp\/v2\/users\/5618"}],"replies":[{"embeddable":true,"href":"https:\/\/senoticias.com.br\/se\/wp-json\/wp\/v2\/comments?post=99216"}],"version-history":[{"count":0,"href":"https:\/\/senoticias.com.br\/se\/wp-json\/wp\/v2\/posts\/99216\/revisions"}],"wp:featuredmedia":[{"embeddable":true,"href":"https:\/\/senoticias.com.br\/se\/wp-json\/wp\/v2\/media\/99218"}],"wp:attachment":[{"href":"https:\/\/senoticias.com.br\/se\/wp-json\/wp\/v2\/media?parent=99216"}],"wp:term":[{"taxonomy":"category","embeddable":true,"href":"https:\/\/senoticias.com.br\/se\/wp-json\/wp\/v2\/categories?post=99216"},{"taxonomy":"post_tag","embeddable":true,"href":"https:\/\/senoticias.com.br\/se\/wp-json\/wp\/v2\/tags?post=99216"}],"curies":[{"name":"wp","href":"https:\/\/api.w.org\/{rel}","templated":true}]}}