{"id":99214,"date":"2017-01-06T10:02:56","date_gmt":"2017-01-06T13:02:56","guid":{"rendered":"http:\/\/senoticias.com.br\/se\/?p=99214"},"modified":"2017-01-06T10:03:32","modified_gmt":"2017-01-06T13:03:32","slug":"sindilojas-e-fcdl-preocupadas-com-facultativos-e-feriados","status":"publish","type":"post","link":"https:\/\/senoticias.com.br\/se\/sindilojas-e-fcdl-preocupadas-com-facultativos-e-feriados\/","title":{"rendered":"Sindilojas e FCDL preocupadas com \u201cfacultativos\u201d e \u201cferiados\u201d"},"content":{"rendered":"<p style=\"text-align: justify;\">A previs\u00e3o nada boa para o com\u00e9rcio no ano de 2017 em rela\u00e7\u00e3o ao n\u00famero de feriados prolongados, o que pode acarretar na perda de R$ 10,5 bilh\u00f5es segundo dados da Fecom\u00e9rcio (SP), est\u00e1 preocupando o Sindicato dos Lojistas de Sergipe (Sindilojas) e tamb\u00e9m a FCDL\/Sergipe.<\/p>\n<div id=\"attachment_99217\" style=\"width: 610px\" class=\"wp-caption aligncenter\"><img loading=\"lazy\" decoding=\"async\" aria-describedby=\"caption-attachment-99217\" class=\"size-full wp-image-99217\" src=\"http:\/\/senoticias.com.br\/se\/wp-content\/uploads\/2017\/01\/Feriados-2017-SE-Noticias.jpg\" alt=\"FCDL e Sindilojas preocupadas com \u201cfacultativos\u201d e \u201cferiados\u201d(Foto: feriados.com)\" width=\"600\" height=\"323\" srcset=\"https:\/\/senoticias.com.br\/se\/wp-content\/uploads\/2017\/01\/Feriados-2017-SE-Noticias.jpg 600w, https:\/\/senoticias.com.br\/se\/wp-content\/uploads\/2017\/01\/Feriados-2017-SE-Noticias-300x162.jpg 300w\" sizes=\"(max-width: 600px) 100vw, 600px\" \/><p id=\"caption-attachment-99217\" class=\"wp-caption-text\">FCDL e Sindilojas preocupadas com \u201cfacultativos\u201d e \u201cferiados\u201d(Foto: Feriados.com)<\/p><\/div>\n<p style=\"text-align: justify;\">E um dos motivos, al\u00e9m dos j\u00e1 tradicionais feriados como Carnaval, Semana Santa, Dia da Independ\u00eancia, Finados e outros, est\u00e1 relacionado \u00e0 decreta\u00e7\u00e3o de pontos facultativos por parte das prefeituras municipais e governo do Estado.<\/p>\n<p style=\"text-align: justify;\">Para Gilson Figueiredo, presidente do Sindilojas, h\u00e1 pelo menos cinco situa\u00e7\u00f5es de feriados considerados imprensados onde a entidade espera que n\u00e3o ocorram os chamados \u201cfacultativos\u201d.<\/p>\n<p style=\"text-align: justify;\">\u201cS\u00e3o eles, quinta-feira Santa, v\u00e9spera de S\u00e3o Pedro, feriados ap\u00f3s a independ\u00eancia, Nossa Sra. Aparecida e Finados\u201d, diz Gilson enfatizando que se os governos decretarem o facultativo \u201cesvaziar\u00e1 ainda mais os Centros comerciais das cidades\u201d.<\/p>\n<p style=\"text-align: justify;\">A previs\u00e3o nada animadora tamb\u00e9m afeta \u00e0s CDLs sergipana, num total de 19, comandadas pela Federa\u00e7\u00e3o das C\u00e2maras de Dirigentes Lojistas de Sergipe (FCDL).<\/p>\n<p style=\"text-align: justify;\">\u201cAs CDLs do interior e da capital esperam dos prefeitos municipais que eles n\u00e3o adiram a esta onde de decreta\u00e7\u00e3o de ponto facultativo no servi\u00e7o p\u00fablico sempre que h\u00e1 um feriado imprensado\u201d, declara Edivaldo cunha, que preside a entidade.<\/p>\n<p style=\"text-align: justify;\"><strong>Bom exemplo<\/strong> \u2013 Se por um lado a preocupa\u00e7\u00e3o manifestada pelas duas entidades ligadas ao com\u00e9rcio sergipano est\u00e1 explicitada, um bom exemplo foi dado ano passado durante o per\u00edodo de feriado prolongado.<\/p>\n<p style=\"text-align: justify;\">\u201cO governador Jackson Barreto atendeu ao pedido das entidades empresariais e em 2016 ele n\u00e3o imprensou feriados, ajudando para que o com\u00e9rcio n\u00e3o ficasse esvaziado. Esperamos que ele repita a postura, bem como o prefeito Edvaldo Nogueira\u201d, pontua Gilson Figueiredo.<\/p>\n<p style=\"text-align: justify;\">Uma das poss\u00edveis medidas para tentar minimizar o preju\u00edzo com o grande n\u00famero de feriados em 2017 seria trabalhar nesses feriados. Mas, segundo a Fecomercio-SP, essa medida poderia ocasionar aumento nos custos operacionais, o que prejudica as empresas.<\/p>\n<p style=\"text-align: justify;\">\u201cA Federa\u00e7\u00e3o alerta para os custos adicionais (100% para trabalhos em feriados adicionados de cerca de 37% de encargos) para a empresa, o que pode inviabilizar essa op\u00e7\u00e3o\u201d, diz, em nota, a entidade paulista.<img loading=\"lazy\" decoding=\"async\" class=\"aligncenter size-full wp-image-98981\" src=\"http:\/\/senoticias.com.br\/se\/wp-content\/uploads\/2016\/12\/Logo-fone-1-2-1-2.jpg\" alt=\"logo-fone-1-2-1\" width=\"599\" height=\"78\" srcset=\"https:\/\/senoticias.com.br\/se\/wp-content\/uploads\/2016\/12\/Logo-fone-1-2-1-2.jpg 599w, https:\/\/senoticias.com.br\/se\/wp-content\/uploads\/2016\/12\/Logo-fone-1-2-1-2-300x39.jpg 300w\" sizes=\"(max-width: 599px) 100vw, 599px\" \/><\/p>\n<p style=\"text-align: justify;\"><em><strong>Acompanhe tamb\u00e9m o SE Not\u00edcias no<\/strong><strong>\u00a0<\/strong><strong><a href=\"https:\/\/twitter.com\/Senoticias\">Twitter<\/a>,<\/strong><strong>\u00a0<\/strong><strong><a href=\"https:\/\/www.facebook.com\/senoticias1\">Facebook<\/a><\/strong><strong>\u00a0<\/strong><strong>e no<\/strong><a href=\"https:\/\/www.instagram.com\/senoticias\/\"><strong>\u00a0<\/strong><strong>Instagram<\/strong><\/a><\/em><\/p>\n<p><strong>FCDL, com informa\u00e7\u00f5es da Fecom\u00e9rcio SP<\/strong><\/p>\n","protected":false},"excerpt":{"rendered":"<p>A previs\u00e3o nada boa para o com\u00e9rcio no ano de 2017 em rela\u00e7\u00e3o ao n\u00famero de feriados prolongados, o que pode acarretar na perda de R$ 10,5 bilh\u00f5es segundo dados da Fecom\u00e9rcio (SP), est\u00e1 preocupando o Sindicato dos Lojistas de Sergipe (Sindilojas) e tamb\u00e9m a FCDL\/Sergipe. E um dos motivos, al\u00e9m dos j\u00e1 tradicionais feriados [&hellip;]<\/p>\n","protected":false},"author":2,"featured_media":99217,"comment_status":"closed","ping_status":"closed","sticky":false,"template":"","format":"standard","meta":{"footnotes":""},"categories":[15],"tags":[],"class_list":{"0":"post-99214","1":"post","2":"type-post","3":"status-publish","4":"format-standard","5":"has-post-thumbnail","7":"category-destaques"},"_links":{"self":[{"href":"https:\/\/senoticias.com.br\/se\/wp-json\/wp\/v2\/posts\/99214"}],"collection":[{"href":"https:\/\/senoticias.com.br\/se\/wp-json\/wp\/v2\/posts"}],"about":[{"href":"https:\/\/senoticias.com.br\/se\/wp-json\/wp\/v2\/types\/post"}],"author":[{"embeddable":true,"href":"https:\/\/senoticias.com.br\/se\/wp-json\/wp\/v2\/users\/2"}],"replies":[{"embeddable":true,"href":"https:\/\/senoticias.com.br\/se\/wp-json\/wp\/v2\/comments?post=99214"}],"version-history":[{"count":0,"href":"https:\/\/senoticias.com.br\/se\/wp-json\/wp\/v2\/posts\/99214\/revisions"}],"wp:featuredmedia":[{"embeddable":true,"href":"https:\/\/senoticias.com.br\/se\/wp-json\/wp\/v2\/media\/99217"}],"wp:attachment":[{"href":"https:\/\/senoticias.com.br\/se\/wp-json\/wp\/v2\/media?parent=99214"}],"wp:term":[{"taxonomy":"category","embeddable":true,"href":"https:\/\/senoticias.com.br\/se\/wp-json\/wp\/v2\/categories?post=99214"},{"taxonomy":"post_tag","embeddable":true,"href":"https:\/\/senoticias.com.br\/se\/wp-json\/wp\/v2\/tags?post=99214"}],"curies":[{"name":"wp","href":"https:\/\/api.w.org\/{rel}","templated":true}]}}