{"id":99213,"date":"2017-01-06T09:54:40","date_gmt":"2017-01-06T12:54:40","guid":{"rendered":"http:\/\/senoticias.com.br\/se\/?p=99213"},"modified":"2017-01-06T09:54:40","modified_gmt":"2017-01-06T12:54:40","slug":"torneio-de-pre-temporada-florida-cup-tera-transmissao-na-tv-aberta","status":"publish","type":"post","link":"https:\/\/senoticias.com.br\/se\/torneio-de-pre-temporada-florida-cup-tera-transmissao-na-tv-aberta\/","title":{"rendered":"Torneio de pr\u00e9-temporada, Florida Cup ter\u00e1 transmiss\u00e3o na TV aberta"},"content":{"rendered":"<p>A Band anunciou nesta quinta-feira (05) que transmitir\u00e1 o torneio de pr\u00e9-temporada Florida Cup, a ser disputado nos Estados Unidos. Cinco clubes brasileiros participar\u00e3o da competi\u00e7\u00e3o: Corinthians, S\u00e3o Paulo, Vasco, Atl\u00e9tico-MG e Bahia.<\/p>\n<div id=\"attachment_99215\" style=\"width: 590px\" class=\"wp-caption aligncenter\"><a href=\"http:\/\/senoticias.com.br\/se\/wp-content\/uploads\/2017\/01\/Florida-cup-2017-SE-Noticias-e1483707234160.jpg\"><img loading=\"lazy\" decoding=\"async\" aria-describedby=\"caption-attachment-99215\" class=\"size-full wp-image-99215\" src=\"http:\/\/senoticias.com.br\/se\/wp-content\/uploads\/2017\/01\/Florida-cup-2017-SE-Noticias-e1483707234160.jpg\" alt=\"Atl\u00e9tico-MG, campe\u00e3o da Fl\u00f3rida Cup em 2016, levanta a ta\u00e7a (Bruno Cantini\/Atl\u00e9tico-MG)\" width=\"580\" height=\"283\" \/><\/a><p id=\"caption-attachment-99215\" class=\"wp-caption-text\">Atl\u00e9tico-MG, campe\u00e3o da Fl\u00f3rida Cup em 2016, levanta a ta\u00e7a (Bruno Cantini\/Atl\u00e9tico-MG)<\/p><\/div>\n<div>A Fl\u00f3rida Cup ter\u00e1 in\u00edcio no pr\u00f3ximo domingo (08). J\u00e1 no primeiro dia de disputas, a Band transmitir\u00e1, segundo o comunicado, o jogo do Estudiantes contra o Bayer Leverkusen, \u00e0s 17h, e do Tampa Bay Rowdies contra o Wolfsburg, \u00e0s 19h45.<\/div>\n<div><\/div>\n<div>Na quarta-feira (11), o Atl\u00e9tico-MG, que jogar\u00e1 contra o Bayer Leverkusen, ser\u00e1 o primeiro time brasileiro a ter jogo na tela da Band.<\/div>\n<div><\/div>\n<div><strong>Para entender a Florida Cup<\/strong><\/div>\n<div><\/div>\n<div>O torneio ser\u00e1 dividido em duas partes. Na primeira, os times defendem seus pa\u00edses: Atl\u00e9tico-MG e Bahia representam o Brasil; Bayer Leverkusen e Wolfsburg, a Alemanha; Estudiantes, a Argentina; e o Tampa Bay Rowdies, os Estados Unidos. Cada partida render\u00e1 pontos ao pa\u00eds, e n\u00e3o aos clubes, e no final o campe\u00e3o ser\u00e1 o pa\u00eds melhor colocado.<\/div>\n<div><\/div>\n<div>A segunda parte ser\u00e1 um mata-mata entre Corinthians, S\u00e3o Paulo, Vasco, River Plate, Barcelona SC-EQU e Millonarios-COL.<\/div>\n<div>\n<p style=\"line-height: 14.25pt\"><strong><span style=\"font-size: 10.0pt;font-family: 'Georgia','serif';color: #333333\">Acompanhe tamb\u00e9m o SE Not\u00edcias no<\/span><\/strong><span class=\"apple-converted-space\"><b><span style=\"font-size: 10.0pt;font-family: 'Georgia','serif';color: #333333\">\u00a0<\/span><\/b><\/span><strong><span style=\"font-size: 10.0pt;font-family: 'Georgia','serif';color: #333333\"><a href=\"https:\/\/twitter.com\/Senoticias\" target=\"_blank\">Twitter<\/a>,<\/span><\/strong><span class=\"apple-converted-space\"><b><span style=\"font-size: 10.0pt;font-family: 'Georgia','serif';color: #333333\">\u00a0<\/span><\/b><\/span><strong><span style=\"font-size: 10.0pt;font-family: 'Georgia','serif';color: #333333\"><a href=\"https:\/\/www.facebook.com\/senoticias1\" target=\"_blank\">Facebook<span class=\"apple-converted-space\"><span style=\"color: windowtext;text-decoration: none\">\u00a0<\/span><\/span><\/a>e no<\/span><\/strong><span class=\"apple-converted-space\"><b><span style=\"font-size: 10.0pt;font-family: 'Georgia','serif';color: #333333\">\u00a0<\/span><\/b><\/span><strong><span style=\"font-size: 10.0pt;font-family: 'Georgia','serif';color: #333333\"><a href=\"https:\/\/www.instagram.com\/senoticias\/\" target=\"_blank\">Instagram<\/a>.<\/span><\/strong><\/p>\n<\/div>\n<div><a href=\"http:\/\/senoticias.com.br\/se\/wp-content\/uploads\/2016\/12\/Logo-fone-1-2-1-2.jpg\"><img loading=\"lazy\" decoding=\"async\" class=\"aligncenter size-full wp-image-98981\" src=\"http:\/\/senoticias.com.br\/se\/wp-content\/uploads\/2016\/12\/Logo-fone-1-2-1-2.jpg\" alt=\"logo-fone-1-2-1\" width=\"599\" height=\"78\" srcset=\"https:\/\/senoticias.com.br\/se\/wp-content\/uploads\/2016\/12\/Logo-fone-1-2-1-2.jpg 599w, https:\/\/senoticias.com.br\/se\/wp-content\/uploads\/2016\/12\/Logo-fone-1-2-1-2-300x39.jpg 300w\" sizes=\"(max-width: 599px) 100vw, 599px\" \/><\/a><\/div>\n<div>Do\u00a0UOL Esporte<\/div>\n","protected":false},"excerpt":{"rendered":"<p>A Band anunciou nesta quinta-feira (05) que transmitir\u00e1 o torneio de pr\u00e9-temporada Florida Cup, a ser disputado nos Estados Unidos. Cinco clubes brasileiros participar\u00e3o da competi\u00e7\u00e3o: Corinthians, S\u00e3o Paulo, Vasco, Atl\u00e9tico-MG e Bahia. A Fl\u00f3rida Cup ter\u00e1 in\u00edcio no pr\u00f3ximo domingo (08). J\u00e1 no primeiro dia de disputas, a Band transmitir\u00e1, segundo o comunicado, o [&hellip;]<\/p>\n","protected":false},"author":5618,"featured_media":99215,"comment_status":"closed","ping_status":"closed","sticky":false,"template":"","format":"standard","meta":{"footnotes":""},"categories":[26],"tags":[1886,1885],"class_list":{"0":"post-99213","1":"post","2":"type-post","3":"status-publish","4":"format-standard","5":"has-post-thumbnail","7":"category-esportes","8":"tag-florida-cup-tera-transmissao-na-tv-aberta","9":"tag-torneio-de-pre-temporada"},"_links":{"self":[{"href":"https:\/\/senoticias.com.br\/se\/wp-json\/wp\/v2\/posts\/99213"}],"collection":[{"href":"https:\/\/senoticias.com.br\/se\/wp-json\/wp\/v2\/posts"}],"about":[{"href":"https:\/\/senoticias.com.br\/se\/wp-json\/wp\/v2\/types\/post"}],"author":[{"embeddable":true,"href":"https:\/\/senoticias.com.br\/se\/wp-json\/wp\/v2\/users\/5618"}],"replies":[{"embeddable":true,"href":"https:\/\/senoticias.com.br\/se\/wp-json\/wp\/v2\/comments?post=99213"}],"version-history":[{"count":0,"href":"https:\/\/senoticias.com.br\/se\/wp-json\/wp\/v2\/posts\/99213\/revisions"}],"wp:featuredmedia":[{"embeddable":true,"href":"https:\/\/senoticias.com.br\/se\/wp-json\/wp\/v2\/media\/99215"}],"wp:attachment":[{"href":"https:\/\/senoticias.com.br\/se\/wp-json\/wp\/v2\/media?parent=99213"}],"wp:term":[{"taxonomy":"category","embeddable":true,"href":"https:\/\/senoticias.com.br\/se\/wp-json\/wp\/v2\/categories?post=99213"},{"taxonomy":"post_tag","embeddable":true,"href":"https:\/\/senoticias.com.br\/se\/wp-json\/wp\/v2\/tags?post=99213"}],"curies":[{"name":"wp","href":"https:\/\/api.w.org\/{rel}","templated":true}]}}