{"id":99211,"date":"2017-01-06T06:58:59","date_gmt":"2017-01-06T09:58:59","guid":{"rendered":"http:\/\/senoticias.com.br\/se\/?p=99211"},"modified":"2017-01-06T11:31:48","modified_gmt":"2017-01-06T14:31:48","slug":"edvaldo-se-reune-com-sindicato-e-pede-fim-da-paralisacao-dos-medicos","status":"publish","type":"post","link":"https:\/\/senoticias.com.br\/se\/edvaldo-se-reune-com-sindicato-e-pede-fim-da-paralisacao-dos-medicos\/","title":{"rendered":"Edvaldo se re\u00fane com sindicato e pede fim da paralisa\u00e7\u00e3o dos m\u00e9dicos"},"content":{"rendered":"<p style=\"text-align: justify;\">Reafirmando sua disposi\u00e7\u00e3o para o di\u00e1logo e para a transpar\u00eancia, o prefeito Edvaldo Nogueira se reuniu nesta quinta-feira (5) com representantes do Sindicato dos M\u00e9dicos para discutir a situa\u00e7\u00e3o financeira da prefeitura e fazer um apelo para que a categoria retorne ao trabalho e, assim, o atendimento \u00e0 popula\u00e7\u00e3o nas unidades de sa\u00fade seja normalizado. Ficou definido que no pr\u00f3ximo dia 20, o prefeito voltar\u00e1 a se reunir com o sindicato para apresentar a proposta de pagamento da folha salarial de dezembro, deixada pela gest\u00e3o anterior, e anunciar como a nova administra\u00e7\u00e3o ir\u00e1 desenvolver a sua pol\u00edtica salarial.<\/p>\n<div id=\"attachment_99212\" style=\"width: 609px\" class=\"wp-caption aligncenter\"><img loading=\"lazy\" decoding=\"async\" aria-describedby=\"caption-attachment-99212\" class=\"size-full wp-image-99212\" src=\"http:\/\/senoticias.com.br\/se\/wp-content\/uploads\/2017\/01\/Edvaldo-se-reune-com-Medicos-SE-Noticias-e1483696635563.jpg\" alt=\"Prefeito se re\u00fane com com sindicato e pede fim da paralisa\u00e7\u00e3o dos m\u00e9dicos. (Foto: Jana\u00edna Santos)\" width=\"599\" height=\"428\" \/><p id=\"caption-attachment-99212\" class=\"wp-caption-text\">Prefeito se re\u00fane com com sindicato e pede fim da paralisa\u00e7\u00e3o dos m\u00e9dicos. (Foto: Jana\u00edna Santos)<\/p><\/div>\n<p style=\"text-align: justify;\">\u201cJ\u00e1 demos uma reposta ontem aos servidores quando pagamos o 13\u00ba sal\u00e1rio para todas as categorias. 87% dos 14 mil servidores receberam o benef\u00edcio que a administra\u00e7\u00e3o anterior n\u00e3o pagou. Em apenas tr\u00eas dias de gest\u00e3o, demonstramos o nosso compromisso com os servidores. No caso da Sa\u00fade, todos os servidores, inclusive os inativos j\u00e1 receberam integralmente. Com este gesto, pedimos um voto de confian\u00e7a aos servidores para que eles voltem ao trabalho, e a popula\u00e7\u00e3o possa ter acesso aos servi\u00e7os p\u00fablicos\u201d, afirmou o prefeito.<\/p>\n<p style=\"text-align: justify;\">Ele refor\u00e7ou que no dia 20 voltar\u00e1 a se encontrar com os servidores para anunciar o plano de enfrentamento \u00e0 crise salarial deixada pela gest\u00e3o passada. \u201cNa reuni\u00e3o do dia 20, vamos apresentar como iremos proceder com o pagamento do sal\u00e1rio de dezembro e sobre o futuro da pol\u00edtica salarial. At\u00e9 l\u00e1, estaremos no processo de planejamento e levantamento das d\u00edvidas e dos contratos, para termos um quadro real e objetivo da situa\u00e7\u00e3o financeira e propor como iremos desenvolver a pol\u00edtica salarial. Queremos resolver os problemas de maneira s\u00f3lida\u201d, disse.<\/p>\n<p><strong>\u201cReuni\u00e3o denotou respeito\u201d<\/strong><\/p>\n<p style=\"text-align: justify;\">O presidente do Sindicato dos M\u00e9dicos, Jo\u00e3o Augusto Oliveira, considerou a reuni\u00e3o como positiva. \u201cO prefeito e sua equipe demonstrou respeito \u00e0 categoria. Foi uma reuni\u00e3o proveitosa. Tratamos da quest\u00e3o salarial e de outros \u00e2mbitos de interesse dos profissionais. A gente avalia como positivo este encontro pelo fato de o prefeito ter recebido a nossa categoria em espec\u00edfico. Isto ser\u00e1 levado para a categoria avaliar e ponderar acerca dos rumos do movimento de paralisa\u00e7\u00e3o\u201d, explicou.<\/p>\n<p style=\"text-align: justify;\">Ele destacou ainda que na reuni\u00e3o desta quinta o prefeito abriu tamb\u00e9m o di\u00e1logo para tratar de propostas de melhoria das condi\u00e7\u00f5es de trabalho dos m\u00e9dicos. \u201cCom a presen\u00e7a do secretario da Sa\u00fade, n\u00f3s abrimos o di\u00e1logo sobre as condi\u00e7\u00f5es de trabalho, o que nos ajudar\u00e1 a melhorar a assist\u00eancia da popula\u00e7\u00e3o. Reunindo todas as nossas reivindica\u00e7\u00f5es, ser\u00e1 mais f\u00e1cil diminuir a crise\u201d, ponderou.<\/p>\n<p style=\"text-align: justify;\"><img loading=\"lazy\" decoding=\"async\" class=\"aligncenter size-full wp-image-98981\" src=\"http:\/\/senoticias.com.br\/se\/wp-content\/uploads\/2016\/12\/Logo-fone-1-2-1-2.jpg\" alt=\"logo-fone-1-2-1\" width=\"599\" height=\"78\" srcset=\"https:\/\/senoticias.com.br\/se\/wp-content\/uploads\/2016\/12\/Logo-fone-1-2-1-2.jpg 599w, https:\/\/senoticias.com.br\/se\/wp-content\/uploads\/2016\/12\/Logo-fone-1-2-1-2-300x39.jpg 300w\" sizes=\"(max-width: 599px) 100vw, 599px\" \/><\/p>\n<p style=\"text-align: justify;\"><em><strong>Acompanhe tamb\u00e9m o SE Not\u00edcias no<\/strong><strong>\u00a0<\/strong><strong><a href=\"https:\/\/twitter.com\/Senoticias\">Twitter<\/a>,<\/strong><strong>\u00a0<\/strong><strong><a href=\"https:\/\/www.facebook.com\/senoticias1\">Facebook<\/a><\/strong><strong>\u00a0<\/strong><strong>e no<\/strong><a href=\"https:\/\/www.instagram.com\/senoticias\/\"><strong>\u00a0<\/strong><strong>Instagram<\/strong><\/a><\/em><\/p>\n<p style=\"text-align: justify;\"><em>Ascom\/Edvaldo Nogueira<\/em><\/p>\n","protected":false},"excerpt":{"rendered":"<p>Reafirmando sua disposi\u00e7\u00e3o para o di\u00e1logo e para a transpar\u00eancia, o prefeito Edvaldo Nogueira se reuniu nesta quinta-feira (5) com representantes do Sindicato dos M\u00e9dicos para discutir a situa\u00e7\u00e3o financeira da prefeitura e fazer um apelo para que a categoria retorne ao trabalho e, assim, o atendimento \u00e0 popula\u00e7\u00e3o nas unidades de sa\u00fade seja normalizado. [&hellip;]<\/p>\n","protected":false},"author":2,"featured_media":99212,"comment_status":"closed","ping_status":"closed","sticky":false,"template":"","format":"standard","meta":{"footnotes":""},"categories":[6],"tags":[],"class_list":{"0":"post-99211","1":"post","2":"type-post","3":"status-publish","4":"format-standard","5":"has-post-thumbnail","7":"category-politica"},"_links":{"self":[{"href":"https:\/\/senoticias.com.br\/se\/wp-json\/wp\/v2\/posts\/99211"}],"collection":[{"href":"https:\/\/senoticias.com.br\/se\/wp-json\/wp\/v2\/posts"}],"about":[{"href":"https:\/\/senoticias.com.br\/se\/wp-json\/wp\/v2\/types\/post"}],"author":[{"embeddable":true,"href":"https:\/\/senoticias.com.br\/se\/wp-json\/wp\/v2\/users\/2"}],"replies":[{"embeddable":true,"href":"https:\/\/senoticias.com.br\/se\/wp-json\/wp\/v2\/comments?post=99211"}],"version-history":[{"count":0,"href":"https:\/\/senoticias.com.br\/se\/wp-json\/wp\/v2\/posts\/99211\/revisions"}],"wp:featuredmedia":[{"embeddable":true,"href":"https:\/\/senoticias.com.br\/se\/wp-json\/wp\/v2\/media\/99212"}],"wp:attachment":[{"href":"https:\/\/senoticias.com.br\/se\/wp-json\/wp\/v2\/media?parent=99211"}],"wp:term":[{"taxonomy":"category","embeddable":true,"href":"https:\/\/senoticias.com.br\/se\/wp-json\/wp\/v2\/categories?post=99211"},{"taxonomy":"post_tag","embeddable":true,"href":"https:\/\/senoticias.com.br\/se\/wp-json\/wp\/v2\/tags?post=99211"}],"curies":[{"name":"wp","href":"https:\/\/api.w.org\/{rel}","templated":true}]}}