{"id":99209,"date":"2017-01-06T06:38:07","date_gmt":"2017-01-06T09:38:07","guid":{"rendered":"http:\/\/senoticias.com.br\/se\/?p=99209"},"modified":"2017-01-06T06:41:36","modified_gmt":"2017-01-06T09:41:36","slug":"governo-da-sequencia-aos-trabalhos-de-enfrentamento-a-escassez-hidrica-em-malhador","status":"publish","type":"post","link":"https:\/\/senoticias.com.br\/se\/governo-da-sequencia-aos-trabalhos-de-enfrentamento-a-escassez-hidrica-em-malhador\/","title":{"rendered":"Governo d\u00e1 sequ\u00eancia aos trabalhos de enfrentamento \u00e0 escassez h\u00eddrica em Malhador"},"content":{"rendered":"<p style=\"text-align: justify;\">Foi realizada na manh\u00e3 desta quinta-feira, 5, a terceira reuni\u00e3o conjunta entre t\u00e9cnicos da Secretaria de Estado do Meio Ambiente e dos Recursos H\u00eddricos (Semarh), da Prefeitura de Malhador, Deso, pequenos agricultores e membros dos comit\u00eas das tr\u00eas bacias hidrogr\u00e1ficas de Sergipe, visando dar continuidade aos trabalhos de enfrentamento \u00e0 escassez de \u00e1gua que atinge severamente o munic\u00edpio, localizado na regi\u00e3o Agreste.<\/p>\n<div id=\"attachment_99210\" style=\"width: 609px\" class=\"wp-caption aligncenter\"><img loading=\"lazy\" decoding=\"async\" aria-describedby=\"caption-attachment-99210\" class=\"size-full wp-image-99210\" src=\"http:\/\/senoticias.com.br\/se\/wp-content\/uploads\/2017\/01\/Falta-de-Agua-em-Malhador-SE-Noticias-e1483695362229.jpg\" alt=\"Governo d\u00e1 sequ\u00eancia aos trabalhos de enfrentamento \u00e0 escassez h\u00eddrica em Malhador. (Fato: Edinaldo Nascimento)\" width=\"599\" height=\"449\" \/><p id=\"caption-attachment-99210\" class=\"wp-caption-text\">T\u00e9cnicos do governo d\u00e3o sequ\u00eancia aos trabalhos de enfrentamento \u00e0 escassez h\u00eddrica em Malhador. (Fato: Edinaldo Nascimento)<\/p><\/div>\n<p style=\"text-align: justify;\">Durante a reuni\u00e3o, coordenada pelo secret\u00e1rio de Estado do Meio Ambiente e dos Recursos H\u00eddricos, Olivier Chagas, e pelo superintendente de Recursos H\u00eddricos do Estado, Ailton Rocha, foi feito um balan\u00e7o das a\u00e7\u00f5es executadas ao longo da \u00faltima semana, al\u00e9m de tra\u00e7adas as diretrizes que ir\u00e3o nortear a for\u00e7a-tarefa pelos pr\u00f3ximos sete dias.<\/p>\n<p style=\"text-align: justify;\">Nesse sentido, foi pactuado com os agricultores a proibi\u00e7\u00e3o de novos plantios, al\u00e9m de se reduzir, ao m\u00e1ximo, a irriga\u00e7\u00e3o das culturas j\u00e1 instaladas, e aquelas culturas mais resistentes \u00e0 aus\u00eancia de \u00e1gua ter\u00e3o suspensas suas irriga\u00e7\u00f5es, a exemplo de macaxeira, inhame, entre outros.<\/p>\n<p style=\"text-align: justify;\">Ainda conforme o desfecho da reuni\u00e3o, os produtores ficaram de liberar as \u00e1guas das barragens ao ponto de retroalimentar a barragem da Deso [que abastece a cidade], para se garantir os 82 metros c\u00fabicos de \u00e1gua da vaz\u00e3o durante, pelo menos, 24 horas. Nos \u00faltimos tr\u00eas dias, a vaz\u00e3o opera com 65 metros c\u00fabicos para uma popula\u00e7\u00e3o de sete mil habitantes.<\/p>\n<p style=\"text-align: justify;\">Preocupado com a situa\u00e7\u00e3o, Olivier Chagas conversou com os agricultores e lembrou que o governo do Estado preza pelo di\u00e1logo para se chegar a uma solu\u00e7\u00e3o proeminente.<\/p>\n<p style=\"text-align: justify;\">\u00a0\u201cEstamos aqui com os nossos melhores t\u00e9cnicos, altamente capacitados, para ajudar a equacionar essa quest\u00e3o. A crise h\u00eddrica, como j\u00e1 disse em outras ocasi\u00f5es, come\u00e7ou l\u00e1 atr\u00e1s e n\u00f3s precisamos enfrent\u00e1-la. Para isso, apoio a ideia de reflorestar a \u00e1rea dos mananciais, mas isso precisa ser feito com estudo t\u00e9cnico. Se n\u00e3o tivermos parceria, a escassez vai continuar. A sociedade precisa participar. Temos um problema concreto que deve ser resolvido. Vamos perder um pouco agora para ganharmos amanh\u00e3\u201d, colocou o secret\u00e1rio.<\/p>\n<p style=\"text-align: justify;\">O superintendente de Recursos H\u00eddricos da Semarh, Ailton Rocha, revelou que um grupo de t\u00e9cnicos, ao lado dos irrigantes, far\u00e1 visita de campo na pr\u00f3xima semana para verificar a situa\u00e7\u00e3o. Al\u00e9m disso, diz Ailton, tamb\u00e9m haver\u00e1, na semana que vem, outra reuni\u00e3o para avaliar o que ocorreu nesses \u00faltimos dias. Ailton revelou tamb\u00e9m que entrou em contato com a Ag\u00eancia Nacional de \u00c1guas para que seja enviado a Sergipe um t\u00e9cnico para ajudar a solucionar o problema. \u201cEstamos no caminho certo. H\u00e1 algumas dificuldades, mas estamos evoluindo para resultados positivos\u201d.<\/p>\n<p style=\"text-align: justify;\"><strong>Educa\u00e7\u00e3o Ambiental<\/strong><\/p>\n<p style=\"text-align: justify;\">Tamb\u00e9m ser\u00e1 feita uma campanha de educa\u00e7\u00e3o ambiental com a comunidade, visando conscientizar os moradores sobre a import\u00e2ncia de se fazer racionamento e n\u00e3o desperdi\u00e7ar \u00e1gua. \u201cQueremos provocar uma mudan\u00e7a de pensamento\u201d, destacou a diretora do departamento de educa\u00e7\u00e3o ambiental da Deso, Ana Cl\u00e1udia, que est\u00e1 \u00e0 frente da campanha.<\/p>\n<p style=\"text-align: justify;\"><strong>Reflorestamento<\/strong><\/p>\n<p style=\"text-align: justify;\">Pensando numa solu\u00e7\u00e3o a longo prazo, foi colocada em quest\u00e3o a possibilidade de reflorestar todos os mananciais da cidade, em parceria com o Instituto de Reflorestamento, do professor Luiz Eduardo, assessor especial do governo, o qual tamb\u00e9m participou da reuni\u00e3o. \u201cA ideia \u00e9 doar centenas de mudas para serem plantadas nessas \u00e1reas e, com isso, n\u00e3o ocorrer o assoreamento dos leitos dos rios\u201d.<\/p>\n<p style=\"text-align: justify;\"><strong>Previs\u00e3o meteorol\u00f3gica<\/strong><\/p>\n<p style=\"text-align: justify;\">Na oportunidade, o coordenador do Centro de Meteorologia de Sergipe, Overland Amaral, realizou uma apresenta\u00e7\u00e3o pormenorizada a respeito da previs\u00e3o climatol\u00f3gica para os pr\u00f3ximos tr\u00eas meses. E o cen\u00e1rio n\u00e3o \u00e9 nada bom. Segundo Overland, a previs\u00e3o \u00e9 de chuvas abaixo da m\u00e9dia para a regi\u00e3o, algo em torno de 150 a 200 mil\u00edmetros no acumulado de 90 dias.<\/p>\n<p><strong>Participa\u00e7\u00e3o<\/strong><\/p>\n<p style=\"text-align: justify;\">Tamb\u00e9m participaram da reuni\u00e3o integrantes da Secretaria de Estado do Meio Ambiente e representantes de \u00f3rg\u00e3os como Cohidro, Deso, Departamento Nacional de Obras Contra as Secas (DNOCS), al\u00e9m dos comit\u00eas de tr\u00eas bacias hidrogr\u00e1ficas de Sergipe e irrigantes, e a secret\u00e1ria de Estado da Agricultura de Malhador, Josefa Meneses.<\/p>\n<p style=\"text-align: justify;\"><img loading=\"lazy\" decoding=\"async\" class=\"aligncenter size-full wp-image-98981\" src=\"http:\/\/senoticias.com.br\/se\/wp-content\/uploads\/2016\/12\/Logo-fone-1-2-1-2.jpg\" alt=\"logo-fone-1-2-1\" width=\"599\" height=\"78\" srcset=\"https:\/\/senoticias.com.br\/se\/wp-content\/uploads\/2016\/12\/Logo-fone-1-2-1-2.jpg 599w, https:\/\/senoticias.com.br\/se\/wp-content\/uploads\/2016\/12\/Logo-fone-1-2-1-2-300x39.jpg 300w\" sizes=\"(max-width: 599px) 100vw, 599px\" \/><\/p>\n<p style=\"text-align: justify;\"><em><strong>Acompanhe tamb\u00e9m o SE Not\u00edcias no<\/strong><strong>\u00a0<\/strong><strong><a href=\"https:\/\/twitter.com\/Senoticias\">Twitter<\/a>,<\/strong><strong>\u00a0<\/strong><strong><a href=\"https:\/\/www.facebook.com\/senoticias1\">Facebook<\/a><\/strong><strong>\u00a0<\/strong><strong>e no<\/strong><a href=\"https:\/\/www.instagram.com\/senoticias\/\"><strong>\u00a0<\/strong><strong>Instagram<\/strong><\/a><\/em><\/p>\n<p style=\"text-align: justify;\"><em>Ascom\/Semarh<\/em><\/p>\n","protected":false},"excerpt":{"rendered":"<p>Foi realizada na manh\u00e3 desta quinta-feira, 5, a terceira reuni\u00e3o conjunta entre t\u00e9cnicos da Secretaria de Estado do Meio Ambiente e dos Recursos H\u00eddricos (Semarh), da Prefeitura de Malhador, Deso, pequenos agricultores e membros dos comit\u00eas das tr\u00eas bacias hidrogr\u00e1ficas de Sergipe, visando dar continuidade aos trabalhos de enfrentamento \u00e0 escassez de \u00e1gua que atinge [&hellip;]<\/p>\n","protected":false},"author":2,"featured_media":99210,"comment_status":"closed","ping_status":"closed","sticky":false,"template":"","format":"standard","meta":{"footnotes":""},"categories":[15,38],"tags":[],"class_list":{"0":"post-99209","1":"post","2":"type-post","3":"status-publish","4":"format-standard","5":"has-post-thumbnail","7":"category-destaques","8":"category-municipios"},"_links":{"self":[{"href":"https:\/\/senoticias.com.br\/se\/wp-json\/wp\/v2\/posts\/99209"}],"collection":[{"href":"https:\/\/senoticias.com.br\/se\/wp-json\/wp\/v2\/posts"}],"about":[{"href":"https:\/\/senoticias.com.br\/se\/wp-json\/wp\/v2\/types\/post"}],"author":[{"embeddable":true,"href":"https:\/\/senoticias.com.br\/se\/wp-json\/wp\/v2\/users\/2"}],"replies":[{"embeddable":true,"href":"https:\/\/senoticias.com.br\/se\/wp-json\/wp\/v2\/comments?post=99209"}],"version-history":[{"count":0,"href":"https:\/\/senoticias.com.br\/se\/wp-json\/wp\/v2\/posts\/99209\/revisions"}],"wp:featuredmedia":[{"embeddable":true,"href":"https:\/\/senoticias.com.br\/se\/wp-json\/wp\/v2\/media\/99210"}],"wp:attachment":[{"href":"https:\/\/senoticias.com.br\/se\/wp-json\/wp\/v2\/media?parent=99209"}],"wp:term":[{"taxonomy":"category","embeddable":true,"href":"https:\/\/senoticias.com.br\/se\/wp-json\/wp\/v2\/categories?post=99209"},{"taxonomy":"post_tag","embeddable":true,"href":"https:\/\/senoticias.com.br\/se\/wp-json\/wp\/v2\/tags?post=99209"}],"curies":[{"name":"wp","href":"https:\/\/api.w.org\/{rel}","templated":true}]}}