{"id":99207,"date":"2017-01-05T21:04:24","date_gmt":"2017-01-06T00:04:24","guid":{"rendered":"http:\/\/senoticias.com.br\/se\/?p=99207"},"modified":"2017-01-05T21:04:24","modified_gmt":"2017-01-06T00:04:24","slug":"petrobras-anuncia-aumento-de-6-no-preco-do-diesel-nas-refinarias","status":"publish","type":"post","link":"https:\/\/senoticias.com.br\/se\/petrobras-anuncia-aumento-de-6-no-preco-do-diesel-nas-refinarias\/","title":{"rendered":"Petrobras anuncia aumento de 6% no pre\u00e7o do diesel nas refinarias"},"content":{"rendered":"<p>A Petrobras anunciou na noite de hoje (5) um aumento de 6,1% no pre\u00e7o do diesel nas refinarias. O novo valor vale a partir de amanh\u00e3 (6). Segundo a estatal, n\u00e3o haver\u00e1 reflexos no pre\u00e7o da gasolina.<\/p>\n<div id=\"attachment_49360\" style=\"width: 607px\" class=\"wp-caption aligncenter\"><a href=\"http:\/\/senoticias.com.br\/se\/wp-content\/uploads\/2013\/06\/universidade-petrobras-predio-rio-de-janeiro-20121127-0068-size-598.jpg\"><img loading=\"lazy\" decoding=\"async\" aria-describedby=\"caption-attachment-49360\" class=\"size-full wp-image-49360\" src=\"http:\/\/senoticias.com.br\/se\/wp-content\/uploads\/2013\/06\/universidade-petrobras-predio-rio-de-janeiro-20121127-0068-size-598.jpg\" alt=\" (Foto: Ricardo Moraes\/Reuters)\" width=\"597\" height=\"336\" srcset=\"https:\/\/senoticias.com.br\/se\/wp-content\/uploads\/2013\/06\/universidade-petrobras-predio-rio-de-janeiro-20121127-0068-size-598.jpg 597w, https:\/\/senoticias.com.br\/se\/wp-content\/uploads\/2013\/06\/universidade-petrobras-predio-rio-de-janeiro-20121127-0068-size-598-300x168.jpg 300w, https:\/\/senoticias.com.br\/se\/wp-content\/uploads\/2013\/06\/universidade-petrobras-predio-rio-de-janeiro-20121127-0068-size-598-342x192.jpg 342w\" sizes=\"(max-width: 597px) 100vw, 597px\" \/><\/a><p id=\"caption-attachment-49360\" class=\"wp-caption-text\">(Foto: Ricardo Moraes\/Reuters)<\/p><\/div>\n<p>De acordo com a estatal, se o reajuste for integralmente repassado e n\u00e3o houver altera\u00e7\u00f5es nas demais parcelas que comp\u00f5em o pre\u00e7o ao consumidor final, o diesel pode subir 3,8% ou cerca de R$ 0,12 por litro, em m\u00e9dia, nas bombas.<\/p>\n<p>No entanto, de acordo com a Petrobras, o impacto no pre\u00e7o depende de repasses feitos por outros integrantes da cadeia de combust\u00edveis, especialmente distribuidoras e postos revendedores.<\/p>\n<p><strong>Causas<\/strong><\/p>\n<p>Em nota, a estatal diz que o reajuste se deve \u00e0 eleva\u00e7\u00e3o dos pre\u00e7os do petr\u00f3leo nos mercados internacionais, \u00e0 valoriza\u00e7\u00e3o do real desde a \u00faltima revis\u00e3o de pre\u00e7os e a ajustes na competitividade da empresa no mercado interno de gasolina e diesel.<\/p>\n<p>\u201cAs revis\u00f5es anunciadas hoje refletem tamb\u00e9m movimentos sazonais nas cota\u00e7\u00f5es globais dos derivados, com os pre\u00e7os do diesel respondendo a uma maior demanda em fun\u00e7\u00e3o de inverno no Hemisf\u00e9rio Norte. A Petrobras reafirma sua pol\u00edtica de revis\u00e3o de pre\u00e7os pelos menos uma vez a cada 30 dias, o que lhe d\u00e1 a flexibilidade necess\u00e1ria para lidar com vari\u00e1veis com alta volatilidade\u201d, informou a companhia.<\/p>\n<p style=\"line-height: 14.25pt\"><strong><span style=\"font-size: 10.0pt;font-family: 'Georgia','serif';color: #333333\">Acompanhe tamb\u00e9m o SE Not\u00edcias no<\/span><\/strong><span class=\"apple-converted-space\"><b><span style=\"font-size: 10.0pt;font-family: 'Georgia','serif';color: #333333\">\u00a0<\/span><\/b><\/span><strong><span style=\"font-size: 10.0pt;font-family: 'Georgia','serif';color: #333333\"><a href=\"https:\/\/twitter.com\/Senoticias\" target=\"_blank\">Twitter<\/a>,<\/span><\/strong><span class=\"apple-converted-space\"><b><span style=\"font-size: 10.0pt;font-family: 'Georgia','serif';color: #333333\">\u00a0<\/span><\/b><\/span><strong><span style=\"font-size: 10.0pt;font-family: 'Georgia','serif';color: #333333\"><a href=\"https:\/\/www.facebook.com\/senoticias1\" target=\"_blank\">Facebook<span class=\"apple-converted-space\"><span style=\"color: windowtext;text-decoration: none\">\u00a0<\/span><\/span><\/a>e no<\/span><\/strong><span class=\"apple-converted-space\"><b><span style=\"font-size: 10.0pt;font-family: 'Georgia','serif';color: #333333\">\u00a0<\/span><\/b><\/span><strong><span style=\"font-size: 10.0pt;font-family: 'Georgia','serif';color: #333333\"><a href=\"https:\/\/www.instagram.com\/senoticias\/\" target=\"_blank\">Instagram<\/a>.<\/span><\/strong><\/p>\n<p style=\"line-height: 14.25pt\"><a href=\"http:\/\/senoticias.com.br\/se\/wp-content\/uploads\/2016\/12\/Logo-fone-1-2-1-2.jpg\"><img loading=\"lazy\" decoding=\"async\" class=\"aligncenter size-full wp-image-98981\" src=\"http:\/\/senoticias.com.br\/se\/wp-content\/uploads\/2016\/12\/Logo-fone-1-2-1-2.jpg\" alt=\"logo-fone-1-2-1\" width=\"599\" height=\"78\" srcset=\"https:\/\/senoticias.com.br\/se\/wp-content\/uploads\/2016\/12\/Logo-fone-1-2-1-2.jpg 599w, https:\/\/senoticias.com.br\/se\/wp-content\/uploads\/2016\/12\/Logo-fone-1-2-1-2-300x39.jpg 300w\" sizes=\"(max-width: 599px) 100vw, 599px\" \/><\/a><\/p>\n<p style=\"line-height: 14.25pt\">Da Ag\u00eancia Brasil<\/p>\n","protected":false},"excerpt":{"rendered":"<p>A Petrobras anunciou na noite de hoje (5) um aumento de 6,1% no pre\u00e7o do diesel nas refinarias. O novo valor vale a partir de amanh\u00e3 (6). Segundo a estatal, n\u00e3o haver\u00e1 reflexos no pre\u00e7o da gasolina. De acordo com a estatal, se o reajuste for integralmente repassado e n\u00e3o houver altera\u00e7\u00f5es nas demais parcelas [&hellip;]<\/p>\n","protected":false},"author":5618,"featured_media":49360,"comment_status":"closed","ping_status":"closed","sticky":false,"template":"","format":"standard","meta":{"footnotes":""},"categories":[38],"tags":[1884],"class_list":{"0":"post-99207","1":"post","2":"type-post","3":"status-publish","4":"format-standard","5":"has-post-thumbnail","7":"category-municipios","8":"tag-petrobras-anuncia-aumento-de-6-no-preco-do-diesel-nas-refinarias"},"_links":{"self":[{"href":"https:\/\/senoticias.com.br\/se\/wp-json\/wp\/v2\/posts\/99207"}],"collection":[{"href":"https:\/\/senoticias.com.br\/se\/wp-json\/wp\/v2\/posts"}],"about":[{"href":"https:\/\/senoticias.com.br\/se\/wp-json\/wp\/v2\/types\/post"}],"author":[{"embeddable":true,"href":"https:\/\/senoticias.com.br\/se\/wp-json\/wp\/v2\/users\/5618"}],"replies":[{"embeddable":true,"href":"https:\/\/senoticias.com.br\/se\/wp-json\/wp\/v2\/comments?post=99207"}],"version-history":[{"count":0,"href":"https:\/\/senoticias.com.br\/se\/wp-json\/wp\/v2\/posts\/99207\/revisions"}],"wp:featuredmedia":[{"embeddable":true,"href":"https:\/\/senoticias.com.br\/se\/wp-json\/wp\/v2\/media\/49360"}],"wp:attachment":[{"href":"https:\/\/senoticias.com.br\/se\/wp-json\/wp\/v2\/media?parent=99207"}],"wp:term":[{"taxonomy":"category","embeddable":true,"href":"https:\/\/senoticias.com.br\/se\/wp-json\/wp\/v2\/categories?post=99207"},{"taxonomy":"post_tag","embeddable":true,"href":"https:\/\/senoticias.com.br\/se\/wp-json\/wp\/v2\/tags?post=99207"}],"curies":[{"name":"wp","href":"https:\/\/api.w.org\/{rel}","templated":true}]}}