{"id":99206,"date":"2017-01-05T20:58:07","date_gmt":"2017-01-05T23:58:07","guid":{"rendered":"http:\/\/senoticias.com.br\/se\/?p=99206"},"modified":"2017-01-05T23:13:48","modified_gmt":"2017-01-06T02:13:48","slug":"mais-de-10-mil-brasileiros-se-inscrevem-para-concorrer-a-vagas-do-mais-medicos","status":"publish","type":"post","link":"https:\/\/senoticias.com.br\/se\/mais-de-10-mil-brasileiros-se-inscrevem-para-concorrer-a-vagas-do-mais-medicos\/","title":{"rendered":"Mais de 10 mil brasileiros se inscrevem para concorrer a vagas do Mais M\u00e9dicos"},"content":{"rendered":"<p style=\"text-align: justify;\">Mais de 10,5 mil brasileiros se inscreveram para concorrer a cerca de 1,2 mil vagas do Mais M\u00e9dicos. Entre as vagas ofertadas nesta etapa, 708 est\u00e3o atualmente ocupadas por m\u00e9dicos cubanos e as demais referem-se a reposi\u00e7\u00f5es de rotina do programa para substituir profissionais que deixaram os postos. O edital foi lan\u00e7ado em novembro de 2016.<\/p>\n<div id=\"attachment_57554\" style=\"width: 590px\" class=\"wp-caption aligncenter\"><a href=\"http:\/\/senoticias.com.br\/se\/wp-content\/uploads\/2013\/12\/grande-maismedicos_251013.jpg\"><img loading=\"lazy\" decoding=\"async\" aria-describedby=\"caption-attachment-57554\" class=\"wp-image-57554\" src=\"http:\/\/senoticias.com.br\/se\/wp-content\/uploads\/2013\/12\/grande-maismedicos_251013.jpg\" alt=\"(Foto: Divulga\u00e7\u00e3o)\" width=\"580\" height=\"385\" srcset=\"https:\/\/senoticias.com.br\/se\/wp-content\/uploads\/2013\/12\/grande-maismedicos_251013.jpg 1000w, https:\/\/senoticias.com.br\/se\/wp-content\/uploads\/2013\/12\/grande-maismedicos_251013-300x199.jpg 300w, https:\/\/senoticias.com.br\/se\/wp-content\/uploads\/2013\/12\/grande-maismedicos_251013-342x227.jpg 342w\" sizes=\"(max-width: 580px) 100vw, 580px\" \/><\/a><p id=\"caption-attachment-57554\" class=\"wp-caption-text\">(Foto: Divulga\u00e7\u00e3o)<\/p><\/div>\n<p style=\"text-align: justify;\">O resultado das inscri\u00e7\u00f5es validadas deve sair no dia 9 de janeiro e a sele\u00e7\u00e3o das localidades de prefer\u00eancia dos m\u00e9dicos ocorrer\u00e1 nos dias 10 e 11.<\/p>\n<p style=\"text-align: justify;\">A substitui\u00e7\u00e3o dos profissionais cubanos por brasileiros \u00e9 uma prioridade do ministro Ricardo Barros desde que assumiu a pasta, em maio de 2016. A procura de profissionais com registro profissional no Brasil pelo Mais M\u00e9dicos come\u00e7ou a aumentar ainda na gest\u00e3o do ex-ministro Artur Chioro, que tornou os editais do programa mais\u00a0<a href=\"http:\/\/agenciabrasil.ebc.com.br\/geral\/noticia\/2015-02\/maioria-das-vagas-do-mais-medicos-e-preenchida-por-profissionais-brasileiros\" target=\"_blank\">atraentes para os brasileiros<\/a>.<\/p>\n<p style=\"text-align: justify;\">Desde o lan\u00e7amento do programa, em 2013, uma das principais cr\u00edticas das entidades m\u00e9dicas era a contrata\u00e7\u00e3o de profissionais estrangeiros sem a necessidade da revalida\u00e7\u00e3o do diploma. Vindos por um acordo entre Cuba e Brasil, intermediado pela Organiza\u00e7\u00e3o Pan-Americana da Sa\u00fade, os profissionais cubanos ocuparam a maior parte das vagas em cidades fora dos grandes centros e periferias, onde os brasileiros n\u00e3o se dispuseram a trabalhar.<\/p>\n<p style=\"text-align: justify;\">Apesar de o programa sempre ter priorizado a contrata\u00e7\u00e3o de brasileiros, at\u00e9 2014 o interesse destes profissionais pelo Mais M\u00e9dicos era muito baixo. Dos cerca de 15 mil m\u00e9dicos do programa, 11,4 mil s\u00e3o cubanos. A meta do governo \u00e9 substituir 4 mil deles por brasileiros nos pr\u00f3prios tr\u00eas anos.<\/p>\n<p style=\"text-align: justify;\"><strong>Candidatos<\/strong><\/p>\n<p style=\"text-align: justify;\">Os profissionais inscritos nesta etapa, s\u00e3o, em geral, rec\u00e9m-formados graduados nos \u00faltimos cinco anos (86,2%), t\u00eam entre 26 e 30 anos (44,4%). A maioria dos inscritos \u00e9 mulher (54%).<\/p>\n<p style=\"text-align: justify;\">As inscri\u00e7\u00f5es ainda v\u00e3o passar por processo de valida\u00e7\u00e3o. Os profissionais com inscri\u00e7\u00e3o validada poder\u00e3o ent\u00e3o escolher quatro cidades de prefer\u00eancia entre as dispon\u00edveis no edital e ser\u00e3o alocados de acordo com crit\u00e9rios de classifica\u00e7\u00e3o, como deten\u00e7\u00e3o de t\u00edtulo de especialista e experi\u00eancia na \u00e1rea de Sa\u00fade da Fam\u00edlia.<\/p>\n<p style=\"line-height: 14.25pt;\"><strong><span style=\"font-size: 10.0pt; font-family: 'Georgia','serif'; color: #333333;\">Acompanhe tamb\u00e9m o SE Not\u00edcias no<\/span><\/strong><span class=\"apple-converted-space\"><b><span style=\"font-size: 10.0pt; font-family: 'Georgia','serif'; color: #333333;\">\u00a0<\/span><\/b><\/span><strong><span style=\"font-size: 10.0pt; font-family: 'Georgia','serif'; color: #333333;\"><a href=\"https:\/\/twitter.com\/Senoticias\" target=\"_blank\">Twitter<\/a>,<\/span><\/strong><span class=\"apple-converted-space\"><b><span style=\"font-size: 10.0pt; font-family: 'Georgia','serif'; color: #333333;\">\u00a0<\/span><\/b><\/span><strong><span style=\"font-size: 10.0pt; font-family: 'Georgia','serif'; color: #333333;\"><a href=\"https:\/\/www.facebook.com\/senoticias1\" target=\"_blank\">Facebook<span class=\"apple-converted-space\"><span style=\"color: windowtext; text-decoration: none;\">\u00a0<\/span><\/span><\/a>e no<\/span><\/strong><span class=\"apple-converted-space\"><b><span style=\"font-size: 10.0pt; font-family: 'Georgia','serif'; color: #333333;\">\u00a0<\/span><\/b><\/span><strong><span style=\"font-size: 10.0pt; font-family: 'Georgia','serif'; color: #333333;\"><a href=\"https:\/\/www.instagram.com\/senoticias\/\" target=\"_blank\">Instagram<\/a>.<\/span><\/strong><\/p>\n<p style=\"line-height: 14.25pt;\"><a href=\"http:\/\/senoticias.com.br\/se\/wp-content\/uploads\/2016\/12\/Logo-fone-1-2-1-2.jpg\"><img loading=\"lazy\" decoding=\"async\" class=\"aligncenter size-full wp-image-98981\" src=\"http:\/\/senoticias.com.br\/se\/wp-content\/uploads\/2016\/12\/Logo-fone-1-2-1-2.jpg\" alt=\"logo-fone-1-2-1\" width=\"599\" height=\"78\" srcset=\"https:\/\/senoticias.com.br\/se\/wp-content\/uploads\/2016\/12\/Logo-fone-1-2-1-2.jpg 599w, https:\/\/senoticias.com.br\/se\/wp-content\/uploads\/2016\/12\/Logo-fone-1-2-1-2-300x39.jpg 300w\" sizes=\"(max-width: 599px) 100vw, 599px\" \/><\/a><\/p>\n<p style=\"line-height: 14.25pt;\">Da Ag\u00eancia Brasil<\/p>\n","protected":false},"excerpt":{"rendered":"<p>Mais de 10,5 mil brasileiros se inscreveram para concorrer a cerca de 1,2 mil vagas do Mais M\u00e9dicos. Entre as vagas ofertadas nesta etapa, 708 est\u00e3o atualmente ocupadas por m\u00e9dicos cubanos e as demais referem-se a reposi\u00e7\u00f5es de rotina do programa para substituir profissionais que deixaram os postos. O edital foi lan\u00e7ado em novembro de [&hellip;]<\/p>\n","protected":false},"author":5618,"featured_media":51399,"comment_status":"closed","ping_status":"closed","sticky":false,"template":"","format":"standard","meta":{"footnotes":""},"categories":[6],"tags":[1883],"class_list":{"0":"post-99206","1":"post","2":"type-post","3":"status-publish","4":"format-standard","5":"has-post-thumbnail","7":"category-politica","8":"tag-mais-de-10-mil-brasileiros-se-inscrevem-para-concorrer-a-vagas-do-mais-medicos"},"_links":{"self":[{"href":"https:\/\/senoticias.com.br\/se\/wp-json\/wp\/v2\/posts\/99206"}],"collection":[{"href":"https:\/\/senoticias.com.br\/se\/wp-json\/wp\/v2\/posts"}],"about":[{"href":"https:\/\/senoticias.com.br\/se\/wp-json\/wp\/v2\/types\/post"}],"author":[{"embeddable":true,"href":"https:\/\/senoticias.com.br\/se\/wp-json\/wp\/v2\/users\/5618"}],"replies":[{"embeddable":true,"href":"https:\/\/senoticias.com.br\/se\/wp-json\/wp\/v2\/comments?post=99206"}],"version-history":[{"count":0,"href":"https:\/\/senoticias.com.br\/se\/wp-json\/wp\/v2\/posts\/99206\/revisions"}],"wp:featuredmedia":[{"embeddable":true,"href":"https:\/\/senoticias.com.br\/se\/wp-json\/wp\/v2\/media\/51399"}],"wp:attachment":[{"href":"https:\/\/senoticias.com.br\/se\/wp-json\/wp\/v2\/media?parent=99206"}],"wp:term":[{"taxonomy":"category","embeddable":true,"href":"https:\/\/senoticias.com.br\/se\/wp-json\/wp\/v2\/categories?post=99206"},{"taxonomy":"post_tag","embeddable":true,"href":"https:\/\/senoticias.com.br\/se\/wp-json\/wp\/v2\/tags?post=99206"}],"curies":[{"name":"wp","href":"https:\/\/api.w.org\/{rel}","templated":true}]}}