{"id":99204,"date":"2017-01-05T20:26:06","date_gmt":"2017-01-05T23:26:06","guid":{"rendered":"http:\/\/senoticias.com.br\/se\/?p=99204"},"modified":"2017-01-05T20:26:06","modified_gmt":"2017-01-05T23:26:06","slug":"plano-de-seguranca-vai-combater-homicidios-trafico-e-modernizar-prisoes","status":"publish","type":"post","link":"https:\/\/senoticias.com.br\/se\/plano-de-seguranca-vai-combater-homicidios-trafico-e-modernizar-prisoes\/","title":{"rendered":"Plano de seguran\u00e7a vai combater homic\u00eddios, tr\u00e1fico e modernizar pris\u00f5es"},"content":{"rendered":"<p style=\"text-align: justify\">O ministro da Justi\u00e7a, Alexandre Moraes, disse hoje (5) que o novo Plano Nacional de Seguran\u00e7a P\u00fablica ter\u00e1 tr\u00eas objetivos: reduzir homic\u00eddios dolosos e feminic\u00eddios, promover o combate integrado \u00e0 criminalidade transnacional \u2013 ligada a grandes quadrilhas que atuam tanto no tr\u00e1fico de drogas e de armamento pesado \u2013 e a racionaliza\u00e7\u00e3o e a moderniza\u00e7\u00e3o do sistema penitenci\u00e1rio.<\/p>\n<div id=\"attachment_99205\" style=\"width: 590px\" class=\"wp-caption aligncenter\"><a href=\"http:\/\/senoticias.com.br\/se\/wp-content\/uploads\/2017\/01\/ministro-da-justica-SE-Noticias-e1483658690738.jpeg\"><img loading=\"lazy\" decoding=\"async\" aria-describedby=\"caption-attachment-99205\" class=\"size-full wp-image-99205\" src=\"http:\/\/senoticias.com.br\/se\/wp-content\/uploads\/2017\/01\/ministro-da-justica-SE-Noticias-e1483658690738.jpeg\" alt=\"Luiz Carlos Murauskas \/Folhapress\" width=\"580\" height=\"493\" \/><\/a><p id=\"caption-attachment-99205\" class=\"wp-caption-text\">Luiz Carlos Murauskas \/Folhapress<\/p><\/div>\n<p style=\"text-align: justify\">\u201cA constru\u00e7\u00e3o de pres\u00eddio n\u00e3o \u00e9 o que, sozinho, vai solucionar a quest\u00e3o presidi\u00e1ria\u201d, disse Moraes, em entrevista no Pal\u00e1cio do Planalto ap\u00f3s reuni\u00e3o do presidente Michel Temer com ministros do n\u00facleo institucional. \u201cTemos que racionalizar o sistema penitenci\u00e1rio brasileiro. Prendemos muito, mas prendemos mal. Prendemos quantitativamente, n\u00e3o qualitativamente. S\u00e3o necess\u00e1rios equipamentos, como os que vimos [faltar] no de Manaus\u201d, acrescentou.<\/p>\n<p style=\"text-align: justify\"><strong>Medidas alternativas<\/strong><\/p>\n<p style=\"text-align: justify\">Moraes tamb\u00e9m defendeu o fortalecimento de medidas alternativas ao encarceramento, como o uso de tornozeleiras eletr\u00f4nicas e restri\u00e7\u00e3o de direitos. Al\u00e9m disso, segundo o ministro, \u00e9 preciso mudar a legisla\u00e7\u00e3o para evitar redu\u00e7\u00f5es significativas nas penas de criminosos que cometeram crimes violentos.<\/p>\n<p style=\"text-align: justify\">\u201cPresos por crimes graves com um sexto da pena cumprida podem estar de novo na rua. Temos de tirar isso. Vamos propor mudan\u00e7a na legisla\u00e7\u00e3o para que presos violentos cumpram pelo menos metade da pena\u201d, adiantou.<\/p>\n<p style=\"text-align: justify\"><strong>Terceiriza\u00e7\u00e3o<\/strong><\/p>\n<p style=\"text-align: justify\">O ministro Alexandre de Moraes disse \u00e0 <strong>Ag\u00eancia Brasil<\/strong> que o novo plano, ainda em elabora\u00e7\u00e3o, n\u00e3o prev\u00ea mudan\u00e7as nos crit\u00e9rios de terceiriza\u00e7\u00e3o de pres\u00eddios.\u00a0O ministro<a href=\"http:\/\/agenciabrasil.ebc.com.br\/geral\/noticia\/2017-01\/moraes-culpa-terceirizada-por-chacina-em-presidio-de-manaus-empresa-nega\" target=\"_blank\"> responsabilizou<\/a> a empresa Umanizzare, que administra o Complexo Prisional An\u00edsio Jobim (Compaj), em Manaus, pela chacina na unidade, onde 56 presos foram mortos. A empresa nega ser respons\u00e1vel pela seguran\u00e7a e vigil\u00e2ncia da pris\u00e3o, que, segundo a Umanizzare, \u00e9 uma tarefa do governo do Amazonas.<\/p>\n<p style=\"line-height: 14.25pt\"><strong><span style=\"font-size: 10.0pt;font-family: 'Georgia','serif';color: #333333\">Acompanhe tamb\u00e9m o SE Not\u00edcias no<\/span><\/strong><span class=\"apple-converted-space\"><b><span style=\"font-size: 10.0pt;font-family: 'Georgia','serif';color: #333333\">\u00a0<\/span><\/b><\/span><strong><span style=\"font-size: 10.0pt;font-family: 'Georgia','serif';color: #333333\"><a href=\"https:\/\/twitter.com\/Senoticias\" target=\"_blank\">Twitter<\/a>,<\/span><\/strong><span class=\"apple-converted-space\"><b><span style=\"font-size: 10.0pt;font-family: 'Georgia','serif';color: #333333\">\u00a0<\/span><\/b><\/span><strong><span style=\"font-size: 10.0pt;font-family: 'Georgia','serif';color: #333333\"><a href=\"https:\/\/www.facebook.com\/senoticias1\" target=\"_blank\">Facebook<span class=\"apple-converted-space\"><span style=\"color: windowtext;text-decoration: none\">\u00a0<\/span><\/span><\/a>e no<\/span><\/strong><span class=\"apple-converted-space\"><b><span style=\"font-size: 10.0pt;font-family: 'Georgia','serif';color: #333333\">\u00a0<\/span><\/b><\/span><strong><span style=\"font-size: 10.0pt;font-family: 'Georgia','serif';color: #333333\"><a href=\"https:\/\/www.instagram.com\/senoticias\/\" target=\"_blank\">Instagram<\/a>.<\/span><\/strong><\/p>\n<p style=\"line-height: 14.25pt\"><a href=\"http:\/\/senoticias.com.br\/se\/wp-content\/uploads\/2016\/12\/Logo-fone-1-2-1-2.jpg\"><img loading=\"lazy\" decoding=\"async\" class=\"aligncenter size-full wp-image-98981\" src=\"http:\/\/senoticias.com.br\/se\/wp-content\/uploads\/2016\/12\/Logo-fone-1-2-1-2.jpg\" alt=\"logo-fone-1-2-1\" width=\"599\" height=\"78\" srcset=\"https:\/\/senoticias.com.br\/se\/wp-content\/uploads\/2016\/12\/Logo-fone-1-2-1-2.jpg 599w, https:\/\/senoticias.com.br\/se\/wp-content\/uploads\/2016\/12\/Logo-fone-1-2-1-2-300x39.jpg 300w\" sizes=\"(max-width: 599px) 100vw, 599px\" \/><\/a><\/p>\n<p style=\"line-height: 14.25pt\">Da Ag\u00eancia Brasil<\/p>\n<p>&nbsp;<\/p>\n","protected":false},"excerpt":{"rendered":"<p>O ministro da Justi\u00e7a, Alexandre Moraes, disse hoje (5) que o novo Plano Nacional de Seguran\u00e7a P\u00fablica ter\u00e1 tr\u00eas objetivos: reduzir homic\u00eddios dolosos e feminic\u00eddios, promover o combate integrado \u00e0 criminalidade transnacional \u2013 ligada a grandes quadrilhas que atuam tanto no tr\u00e1fico de drogas e de armamento pesado \u2013 e a racionaliza\u00e7\u00e3o e a moderniza\u00e7\u00e3o [&hellip;]<\/p>\n","protected":false},"author":5618,"featured_media":99205,"comment_status":"closed","ping_status":"closed","sticky":false,"template":"","format":"standard","meta":{"footnotes":""},"categories":[6],"tags":[1881,1882],"class_list":{"0":"post-99204","1":"post","2":"type-post","3":"status-publish","4":"format-standard","5":"has-post-thumbnail","7":"category-politica","8":"tag-plano-de-seguranca-vai-combater-homicidios","9":"tag-trafico-e-modernizar-prisoes"},"_links":{"self":[{"href":"https:\/\/senoticias.com.br\/se\/wp-json\/wp\/v2\/posts\/99204"}],"collection":[{"href":"https:\/\/senoticias.com.br\/se\/wp-json\/wp\/v2\/posts"}],"about":[{"href":"https:\/\/senoticias.com.br\/se\/wp-json\/wp\/v2\/types\/post"}],"author":[{"embeddable":true,"href":"https:\/\/senoticias.com.br\/se\/wp-json\/wp\/v2\/users\/5618"}],"replies":[{"embeddable":true,"href":"https:\/\/senoticias.com.br\/se\/wp-json\/wp\/v2\/comments?post=99204"}],"version-history":[{"count":0,"href":"https:\/\/senoticias.com.br\/se\/wp-json\/wp\/v2\/posts\/99204\/revisions"}],"wp:featuredmedia":[{"embeddable":true,"href":"https:\/\/senoticias.com.br\/se\/wp-json\/wp\/v2\/media\/99205"}],"wp:attachment":[{"href":"https:\/\/senoticias.com.br\/se\/wp-json\/wp\/v2\/media?parent=99204"}],"wp:term":[{"taxonomy":"category","embeddable":true,"href":"https:\/\/senoticias.com.br\/se\/wp-json\/wp\/v2\/categories?post=99204"},{"taxonomy":"post_tag","embeddable":true,"href":"https:\/\/senoticias.com.br\/se\/wp-json\/wp\/v2\/tags?post=99204"}],"curies":[{"name":"wp","href":"https:\/\/api.w.org\/{rel}","templated":true}]}}