{"id":99181,"date":"2017-01-04T14:05:21","date_gmt":"2017-01-04T17:05:21","guid":{"rendered":"http:\/\/senoticias.com.br\/se\/?p=99181"},"modified":"2017-01-04T14:05:21","modified_gmt":"2017-01-04T17:05:21","slug":"prefeita-de-japaratuba-herda-divida-de-r-30-milhoes-e-patrimonio-publico-destruido","status":"publish","type":"post","link":"https:\/\/senoticias.com.br\/se\/prefeita-de-japaratuba-herda-divida-de-r-30-milhoes-e-patrimonio-publico-destruido\/","title":{"rendered":"Prefeita de Japaratuba herda d\u00edvida de R$ 30 milh\u00f5es e patrim\u00f4nio p\u00fablico destru\u00eddo"},"content":{"rendered":"<p style=\"text-align: justify;\">Nesta ter\u00e7a-feira, dia 3, a prefeita de Japaratuba, Lara Moura (PSC), reuniu o secretariado municipal e tra\u00e7ou as diretrizes para o in\u00edcio do primeiro ano da sua gest\u00e3o.<\/p>\n<div id=\"attachment_99182\" style=\"width: 609px\" class=\"wp-caption aligncenter\"><img loading=\"lazy\" decoding=\"async\" aria-describedby=\"caption-attachment-99182\" class=\"size-full wp-image-99182\" src=\"http:\/\/senoticias.com.br\/se\/wp-content\/uploads\/2017\/01\/Patrimonio-de-Japaratuba-SE-Noticias-e1483549429574.jpg\" alt=\"Diversos Ve\u00edculos foram encontrados totalmente destru\u00eddos. (Foto: ascom\/Japaratuba) \" width=\"599\" height=\"399\" \/><p id=\"caption-attachment-99182\" class=\"wp-caption-text\">Diversos Ve\u00edculos foram encontrados totalmente destru\u00eddos. (Foto: ascom\/Japaratuba)<\/p><\/div>\n<p style=\"text-align: justify;\">Cortar gastos, enxugar a m\u00e1quina e trabalhar em conjunto para oferecer solu\u00e7\u00f5es para os problemas do munic\u00edpio s\u00e3o as metas principais.<\/p>\n<p style=\"text-align: justify;\">Al\u00e9m de uma d\u00edvida de, aproximadamente, R$ 30 milh\u00f5es, a chamada &#8220;heran\u00e7a maldita&#8221; deixada pela gest\u00e3o anterior tem outra face: parte do patrim\u00f4nio p\u00fablico foi destru\u00edda ou simplesmente desapareceu.<\/p>\n<p style=\"text-align: justify;\">Ambul\u00e2ncias, por exemplo, o munic\u00edpio j\u00e1 teve oito servindo \u00e0 popula\u00e7\u00e3o. Durante a fase de transi\u00e7\u00e3o do governo, no final do ano passado, contudo, a equipe de Lara constatou a redu\u00e7\u00e3o para apenas duas. As demais estavam quebradas ou em estado de sucata. J\u00e1 depois da posse da prefeita, as duas ambul\u00e2ncias restantes tamb\u00e9m foram encontradas encostadas.<\/p>\n<p style=\"text-align: justify;\">De toda a frota da prefeitura, 18 ve\u00edculos v\u00e3o a leil\u00e3o. Apenas oito est\u00e3o rodando, entre eles uma patrol e uma ca\u00e7amba. Os 14 \u00f4nibus do munic\u00edpio est\u00e3o em condi\u00e7\u00f5es prec\u00e1rias. Os pr\u00e9dios da Prefeitura de Japaratuba est\u00e3o em p\u00e9ssimo estado de conserva\u00e7\u00e3o. Salas com odor de mofo e lixo. O mato cresceu nas \u00e1reas externas. H\u00e1 vazamentos. Descargas quebradas. Problemas el\u00e9tricos.<\/p>\n<p style=\"text-align: justify;\">H\u00e1 ainda portas e janelas estragadas. Telhados e paredes precisando de reparos. At\u00e9 uma TV que estava afixada em uma parede no gabinete da prefeita \u201csumiu misteriosamente\u201d. O mesmo aconteceu com um frigobar, com aparelhos de ar condicionado, computadores, impressoras e at\u00e9 com as c\u00e2meras de monitoramento. No entulho, h\u00e1 restos de computadores, cadeiras, mesas, bebedouros entre outros equipamentos e objetos de praxe na administra\u00e7\u00e3o p\u00fablica.<\/p>\n<p style=\"text-align: justify;\">Nas ruas e pra\u00e7as do munic\u00edpio tamb\u00e9m \u00e9 poss\u00edvel atestar o caos administrativo. Bancos deteriorados, buracos, entulhos jogados no ch\u00e3o e lixo acumulado fazem parte do cen\u00e1rio. Assim como escolas precisando de reformas e obras inacabadas. Japaratuba tamb\u00e9m tem problemas de ilumina\u00e7\u00e3o e at\u00e9 cupins em pr\u00e9dios p\u00fablicos.<\/p>\n<p style=\"text-align: justify;\">Al\u00e9m de estar diagnosticando os problemas herdados, a prefeita Lara, que assumiu o mandato, no \u00faltimo domingo, dia 1\u00ba, j\u00e1 tomou algumas medidas de conten\u00e7\u00e3o de despensas &#8211; como a exonera\u00e7\u00e3o de todos os ocupantes de cargos comissionados e o corte de gratifica\u00e7\u00f5es. Tamb\u00e9m solicitou an\u00e1lise em todos os contratos, determinou um levantamento de todo patrim\u00f4nio e estuda medidas judiciais visando o ressarcimento do bem p\u00fablico, na quest\u00e3o do patrim\u00f4nio p\u00fablico que foi destru\u00eddo. Lara tamb\u00e9m conseguiu duas ambul\u00e2ncias que j\u00e1 est\u00e3o servindo \u00e0 popula\u00e7\u00e3o.<\/p>\n<p style=\"text-align: justify;\">A prefeita tamb\u00e9m projetou a programa\u00e7\u00e3o da edi\u00e7\u00e3o 2017 da tradicional Festa das Cabacinhas, agora em janeiro, mais modesta que outras festas realizadas por ela mesma na sua primeira gest\u00e3o. Os recursos economizados ser\u00e3o investidos nas diversas \u00e1reas da prefeitura para solucionar problemas.<\/p>\n<p style=\"text-align: justify;\">\u201cCompraremos duas novas ambul\u00e2ncias e abasteceremos com rem\u00e9dios a Farm\u00e1cia da Prefeitura, al\u00e9m de garantirmos a merenda escolar de qualidade. As prioridades s\u00e3o as escolas e os postos de sa\u00fade. A festa ter\u00e1 uma estrutura modesta, mas vamos fazer um grande Festival de Arte, valorizando os grupos locais e as nossas ra\u00edzes culturais\u201d, disse a prefeita Lara.<\/p>\n<p style=\"text-align: justify;\"><img loading=\"lazy\" decoding=\"async\" class=\"aligncenter size-full wp-image-98981\" src=\"http:\/\/senoticias.com.br\/se\/wp-content\/uploads\/2016\/12\/Logo-fone-1-2-1-2.jpg\" alt=\"logo-fone-1-2-1\" width=\"599\" height=\"78\" srcset=\"https:\/\/senoticias.com.br\/se\/wp-content\/uploads\/2016\/12\/Logo-fone-1-2-1-2.jpg 599w, https:\/\/senoticias.com.br\/se\/wp-content\/uploads\/2016\/12\/Logo-fone-1-2-1-2-300x39.jpg 300w\" sizes=\"(max-width: 599px) 100vw, 599px\" \/><\/p>\n<p style=\"text-align: justify;\">Acompanhe tamb\u00e9m o SE Not\u00edcias no Twitter, Facebook e no Instagram<\/p>\n<p style=\"text-align: justify;\"><em>Da Ascom\/Japaratuba<\/em><\/p>\n","protected":false},"excerpt":{"rendered":"<p>Nesta ter\u00e7a-feira, dia 3, a prefeita de Japaratuba, Lara Moura (PSC), reuniu o secretariado municipal e tra\u00e7ou as diretrizes para o in\u00edcio do primeiro ano da sua gest\u00e3o. Cortar gastos, enxugar a m\u00e1quina e trabalhar em conjunto para oferecer solu\u00e7\u00f5es para os problemas do munic\u00edpio s\u00e3o as metas principais. Al\u00e9m de uma d\u00edvida de, aproximadamente, [&hellip;]<\/p>\n","protected":false},"author":2,"featured_media":99182,"comment_status":"closed","ping_status":"closed","sticky":false,"template":"","format":"standard","meta":{"footnotes":""},"categories":[15,38],"tags":[],"class_list":{"0":"post-99181","1":"post","2":"type-post","3":"status-publish","4":"format-standard","5":"has-post-thumbnail","7":"category-destaques","8":"category-municipios"},"_links":{"self":[{"href":"https:\/\/senoticias.com.br\/se\/wp-json\/wp\/v2\/posts\/99181"}],"collection":[{"href":"https:\/\/senoticias.com.br\/se\/wp-json\/wp\/v2\/posts"}],"about":[{"href":"https:\/\/senoticias.com.br\/se\/wp-json\/wp\/v2\/types\/post"}],"author":[{"embeddable":true,"href":"https:\/\/senoticias.com.br\/se\/wp-json\/wp\/v2\/users\/2"}],"replies":[{"embeddable":true,"href":"https:\/\/senoticias.com.br\/se\/wp-json\/wp\/v2\/comments?post=99181"}],"version-history":[{"count":0,"href":"https:\/\/senoticias.com.br\/se\/wp-json\/wp\/v2\/posts\/99181\/revisions"}],"wp:featuredmedia":[{"embeddable":true,"href":"https:\/\/senoticias.com.br\/se\/wp-json\/wp\/v2\/media\/99182"}],"wp:attachment":[{"href":"https:\/\/senoticias.com.br\/se\/wp-json\/wp\/v2\/media?parent=99181"}],"wp:term":[{"taxonomy":"category","embeddable":true,"href":"https:\/\/senoticias.com.br\/se\/wp-json\/wp\/v2\/categories?post=99181"},{"taxonomy":"post_tag","embeddable":true,"href":"https:\/\/senoticias.com.br\/se\/wp-json\/wp\/v2\/tags?post=99181"}],"curies":[{"name":"wp","href":"https:\/\/api.w.org\/{rel}","templated":true}]}}