{"id":99177,"date":"2017-01-04T13:25:41","date_gmt":"2017-01-04T16:25:41","guid":{"rendered":"http:\/\/senoticias.com.br\/se\/?p=99177"},"modified":"2017-01-04T13:35:43","modified_gmt":"2017-01-04T16:35:43","slug":"prefeito-empossa-secretarios-em-rosario-do-catete","status":"publish","type":"post","link":"https:\/\/senoticias.com.br\/se\/prefeito-empossa-secretarios-em-rosario-do-catete\/","title":{"rendered":"Prefeito de Ros\u00e1rio do Catete empossa secret\u00e1rios"},"content":{"rendered":"<p>&nbsp;<\/p>\n<p style=\"text-align: justify;\">Em cerim\u00f4nia realizada no in\u00edcio da tarde do \u00faltimo domingo (01), no munic\u00edpio de Ros\u00e1rio do Catete, o novo prefeito, Etelvino Barreto e seu vice, Magno Monteiro, juntamente com os secret\u00e1rios e vereadores, tomaram posse para a nova administra\u00e7\u00e3o (2017-2020) que se inicia.<\/p>\n<div id=\"attachment_99178\" style=\"width: 609px\" class=\"wp-caption aligncenter\"><img loading=\"lazy\" decoding=\"async\" aria-describedby=\"caption-attachment-99178\" class=\"size-full wp-image-99178\" src=\"http:\/\/senoticias.com.br\/se\/wp-content\/uploads\/2017\/01\/IMG_6817-e1483546913277.jpg\" alt=\"Prefeito eleito de Ros\u00e1rio \u00e9 empossado. (Foto: ascom\/Ros\u00e1rio)\" width=\"599\" height=\"399\" \/><p id=\"caption-attachment-99178\" class=\"wp-caption-text\">Prefeito de Ros\u00e1rio apresenta os novos secret\u00e1rios. (Foto: ascom\/Ros\u00e1rio)<\/p><\/div>\n<p style=\"text-align: justify;\">Na oportunidade, o prefeito reafirmou seu total comprometimento em melhorar a qualidade de vida da popula\u00e7\u00e3o e reestruturar a cidade, onde foi eleito com uma diferen\u00e7a de quase 600 votos. \u201cSou muito grato pela confiabilidade de todos, estou aqui para trabalhar por uma cidade mais justa e digna. Sei da dificuldade que iremos enfrentar, pois o que temos hoje \u00e9 uma cidade abandonada, sem falar na crise que assola nosso pa\u00eds. Iremos enfrentar toda essa instabilidade com trabalho \u00e1rduo, no intuito de dias melhores\u201d, ressalta o prefeito.<\/p>\n<p style=\"text-align: justify;\">Os dezesseis (16) secret\u00e1rios empossados foram: Adriana Maria Santana, na Secretaria de Finan\u00e7as; Anderson Sales, na Secretaria de Assuntos Jur\u00eddicos; Delson Le\u00e3o, na Secretaria de Juventude e Esporte; Edjaria Chagas, na Secretaria de Educa\u00e7\u00e3o; Ellyson da Silva, na Secretaria de Assist\u00eancia Social; H\u00e9lio dos Santos, na Secretaria de Sa\u00fade; Joseane Andrade, no Gabinete; Jos\u00e9 Souza, na Secretaria de Planejamento; Jose Marcos Batista, na Secretaria de Ordem Publica, Karlison Daniel Souza, na Secretaria de Administra\u00e7\u00e3o; Maura Cecilia Santos, na Secretaria de Cultura; Rubens Vitorino, na Secretaria de Controle Interno; Rafael Dantas, na Secretaria de Desenvolvimento Econ\u00f4mico; Rui Bispo, na Secretaria de Meio Ambiente e Tirzah Rezende Barreto, na Secretaria de Comunica\u00e7\u00e3o.<\/p>\n<p style=\"text-align: justify;\">Tomaram posse tamb\u00e9m os 9 vereadores: Walter Barreto (filho do prefeito), Leonardo Santos, Manuel Santana, Wagner Quintela, Am\u00e9lia Passos (eleita presidente para o bi\u00eanio 2017-2018), Adelmo Menezes, Elton Lima, George dos Santos e Alexsandro Ara\u00fajo.<\/p>\n<p style=\"text-align: justify;\"><img loading=\"lazy\" decoding=\"async\" class=\"aligncenter size-full wp-image-98981\" src=\"http:\/\/senoticias.com.br\/se\/wp-content\/uploads\/2016\/12\/Logo-fone-1-2-1-2.jpg\" alt=\"logo-fone-1-2-1\" width=\"599\" height=\"78\" srcset=\"https:\/\/senoticias.com.br\/se\/wp-content\/uploads\/2016\/12\/Logo-fone-1-2-1-2.jpg 599w, https:\/\/senoticias.com.br\/se\/wp-content\/uploads\/2016\/12\/Logo-fone-1-2-1-2-300x39.jpg 300w\" sizes=\"(max-width: 599px) 100vw, 599px\" \/><\/p>\n<p style=\"text-align: justify;\"><em><strong>Acompanhe tamb\u00e9m o SE Not\u00edcias no<\/strong><span class=\"apple-converted-space\"><b>\u00a0<\/b><\/span><strong><a href=\"https:\/\/twitter.com\/Senoticias\" target=\"_blank\">Twitter<\/a>,<\/strong><span class=\"apple-converted-space\"><b>\u00a0<\/b><\/span><strong><a href=\"https:\/\/www.facebook.com\/senoticias1\" target=\"_blank\">Facebook<span class=\"apple-converted-space\">\u00a0<\/span><\/a>e no<\/strong><span class=\"apple-converted-space\"><b>\u00a0<\/b><\/span><strong><a href=\"https:\/\/www.instagram.com\/senoticias\/\" target=\"_blank\">Instagram<\/a><\/strong><\/em><\/p>\n","protected":false},"excerpt":{"rendered":"<p>&nbsp; Em cerim\u00f4nia realizada no in\u00edcio da tarde do \u00faltimo domingo (01), no munic\u00edpio de Ros\u00e1rio do Catete, o novo prefeito, Etelvino Barreto e seu vice, Magno Monteiro, juntamente com os secret\u00e1rios e vereadores, tomaram posse para a nova administra\u00e7\u00e3o (2017-2020) que se inicia. Na oportunidade, o prefeito reafirmou seu total comprometimento em melhorar a [&hellip;]<\/p>\n","protected":false},"author":2,"featured_media":99178,"comment_status":"closed","ping_status":"closed","sticky":false,"template":"","format":"standard","meta":{"footnotes":""},"categories":[38],"tags":[],"class_list":{"0":"post-99177","1":"post","2":"type-post","3":"status-publish","4":"format-standard","5":"has-post-thumbnail","7":"category-municipios"},"_links":{"self":[{"href":"https:\/\/senoticias.com.br\/se\/wp-json\/wp\/v2\/posts\/99177"}],"collection":[{"href":"https:\/\/senoticias.com.br\/se\/wp-json\/wp\/v2\/posts"}],"about":[{"href":"https:\/\/senoticias.com.br\/se\/wp-json\/wp\/v2\/types\/post"}],"author":[{"embeddable":true,"href":"https:\/\/senoticias.com.br\/se\/wp-json\/wp\/v2\/users\/2"}],"replies":[{"embeddable":true,"href":"https:\/\/senoticias.com.br\/se\/wp-json\/wp\/v2\/comments?post=99177"}],"version-history":[{"count":0,"href":"https:\/\/senoticias.com.br\/se\/wp-json\/wp\/v2\/posts\/99177\/revisions"}],"wp:featuredmedia":[{"embeddable":true,"href":"https:\/\/senoticias.com.br\/se\/wp-json\/wp\/v2\/media\/99178"}],"wp:attachment":[{"href":"https:\/\/senoticias.com.br\/se\/wp-json\/wp\/v2\/media?parent=99177"}],"wp:term":[{"taxonomy":"category","embeddable":true,"href":"https:\/\/senoticias.com.br\/se\/wp-json\/wp\/v2\/categories?post=99177"},{"taxonomy":"post_tag","embeddable":true,"href":"https:\/\/senoticias.com.br\/se\/wp-json\/wp\/v2\/tags?post=99177"}],"curies":[{"name":"wp","href":"https:\/\/api.w.org\/{rel}","templated":true}]}}