{"id":99174,"date":"2017-01-04T10:35:23","date_gmt":"2017-01-04T13:35:23","guid":{"rendered":"http:\/\/senoticias.com.br\/se\/?p=99174"},"modified":"2017-01-04T10:35:23","modified_gmt":"2017-01-04T13:35:23","slug":"traficante-e-preso-em-estancia","status":"publish","type":"post","link":"https:\/\/senoticias.com.br\/se\/traficante-e-preso-em-estancia\/","title":{"rendered":"Traficante \u00e9 preso em Est\u00e2ncia"},"content":{"rendered":"<p style=\"text-align: justify\">A droga era comercializada em um posto de gasolina na BR 101<br \/>\nAgentes da Policia Civil lotados na Delegacia Regional de Est\u00e2ncia prenderam em flagrante M\u00e1rcio Santos Ferreira, 30, conhecido por Galego, pelo crime de tr\u00e1fico de drogas. O fato ocorreu no munic\u00edpio de Est\u00e2ncia, no \u00faltimo dia 30.<\/p>\n<div id=\"attachment_99175\" style=\"width: 590px\" class=\"wp-caption aligncenter\"><a href=\"http:\/\/senoticias.com.br\/se\/wp-content\/uploads\/2017\/01\/Traficante-Preso-em-Estancia-SE-Noticias-e1483536862416.jpg\"><img loading=\"lazy\" decoding=\"async\" aria-describedby=\"caption-attachment-99175\" class=\"size-full wp-image-99175\" src=\"http:\/\/senoticias.com.br\/se\/wp-content\/uploads\/2017\/01\/Traficante-Preso-em-Estancia-SE-Noticias-e1483536862416.jpg\" alt=\"Foto: SSP\/SE\" width=\"580\" height=\"326\" \/><\/a><p id=\"caption-attachment-99175\" class=\"wp-caption-text\">Foto: SSP\/SE<\/p><\/div>\n<p style=\"text-align: justify\">Segundo o delegado Hugo Leonardo, do Departamento de Narc\u00f3tico da Regional de Est\u00e2ncia (Denarc), por volta das 21h, a equipe recebeu uma den\u00fancia an\u00f4nima informando que o suspeito comercializava drogas pr\u00f3ximo a um posto de combust\u00edvel na BR 101.<\/p>\n<p style=\"text-align: justify\">\u201cOs policiais se dirigiram ao local e ficaram observando o investigado, ent\u00e3o, foi constatado que Galego escondia o entorpecente em um canteiro. No procedimento de abordagem foi encontrado 25 pedras de crack\u201d, informou.<\/p>\n<p style=\"text-align: justify\">Ainda com informa\u00e7\u00f5es do delegado, o homem ser\u00e1 indiciado pelo crime de tr\u00e1fico de drogas, cuja pena pode chegar a 15 anos de reclus\u00e3o.<\/p>\n<p style=\"line-height: 14.25pt\"><strong><span style=\"font-size: 10.0pt;font-family: 'Georgia','serif';color: #333333\">Acompanhe tamb\u00e9m o SE Not\u00edcias no<\/span><\/strong><span class=\"apple-converted-space\"><b><span style=\"font-size: 10.0pt;font-family: 'Georgia','serif';color: #333333\">\u00a0<\/span><\/b><\/span><strong><span style=\"font-size: 10.0pt;font-family: 'Georgia','serif';color: #333333\"><a href=\"https:\/\/twitter.com\/Senoticias\" target=\"_blank\">Twitter<\/a>,<\/span><\/strong><span class=\"apple-converted-space\"><b><span style=\"font-size: 10.0pt;font-family: 'Georgia','serif';color: #333333\">\u00a0<\/span><\/b><\/span><strong><span style=\"font-size: 10.0pt;font-family: 'Georgia','serif';color: #333333\"><a href=\"https:\/\/www.facebook.com\/senoticias1\" target=\"_blank\">Facebook<span class=\"apple-converted-space\"><span style=\"color: windowtext;text-decoration: none\">\u00a0<\/span><\/span><\/a>e no<\/span><\/strong><span class=\"apple-converted-space\"><b><span style=\"font-size: 10.0pt;font-family: 'Georgia','serif';color: #333333\">\u00a0<\/span><\/b><\/span><strong><span style=\"font-size: 10.0pt;font-family: 'Georgia','serif';color: #333333\"><a href=\"https:\/\/www.instagram.com\/senoticias\/\" target=\"_blank\">Instagram<\/a>.<\/span><\/strong><\/p>\n<p style=\"line-height: 14.25pt\"><a href=\"http:\/\/senoticias.com.br\/se\/wp-content\/uploads\/2016\/12\/Logo-fone-1-2-1-2.jpg\"><img loading=\"lazy\" decoding=\"async\" class=\"aligncenter size-full wp-image-98981\" src=\"http:\/\/senoticias.com.br\/se\/wp-content\/uploads\/2016\/12\/Logo-fone-1-2-1-2.jpg\" alt=\"logo-fone-1-2-1\" width=\"599\" height=\"78\" srcset=\"https:\/\/senoticias.com.br\/se\/wp-content\/uploads\/2016\/12\/Logo-fone-1-2-1-2.jpg 599w, https:\/\/senoticias.com.br\/se\/wp-content\/uploads\/2016\/12\/Logo-fone-1-2-1-2-300x39.jpg 300w\" sizes=\"(max-width: 599px) 100vw, 599px\" \/><\/a><\/p>\n<p style=\"line-height: 14.25pt\">Da SSP\/SE<\/p>\n","protected":false},"excerpt":{"rendered":"<p>A droga era comercializada em um posto de gasolina na BR 101 Agentes da Policia Civil lotados na Delegacia Regional de Est\u00e2ncia prenderam em flagrante M\u00e1rcio Santos Ferreira, 30, conhecido por Galego, pelo crime de tr\u00e1fico de drogas. O fato ocorreu no munic\u00edpio de Est\u00e2ncia, no \u00faltimo dia 30. Segundo o delegado Hugo Leonardo, do [&hellip;]<\/p>\n","protected":false},"author":5618,"featured_media":99175,"comment_status":"closed","ping_status":"closed","sticky":false,"template":"","format":"standard","meta":{"footnotes":""},"categories":[7],"tags":[1867],"class_list":{"0":"post-99174","1":"post","2":"type-post","3":"status-publish","4":"format-standard","5":"has-post-thumbnail","7":"category-policia","8":"tag-traficante-e-preso-em-estancia"},"_links":{"self":[{"href":"https:\/\/senoticias.com.br\/se\/wp-json\/wp\/v2\/posts\/99174"}],"collection":[{"href":"https:\/\/senoticias.com.br\/se\/wp-json\/wp\/v2\/posts"}],"about":[{"href":"https:\/\/senoticias.com.br\/se\/wp-json\/wp\/v2\/types\/post"}],"author":[{"embeddable":true,"href":"https:\/\/senoticias.com.br\/se\/wp-json\/wp\/v2\/users\/5618"}],"replies":[{"embeddable":true,"href":"https:\/\/senoticias.com.br\/se\/wp-json\/wp\/v2\/comments?post=99174"}],"version-history":[{"count":0,"href":"https:\/\/senoticias.com.br\/se\/wp-json\/wp\/v2\/posts\/99174\/revisions"}],"wp:featuredmedia":[{"embeddable":true,"href":"https:\/\/senoticias.com.br\/se\/wp-json\/wp\/v2\/media\/99175"}],"wp:attachment":[{"href":"https:\/\/senoticias.com.br\/se\/wp-json\/wp\/v2\/media?parent=99174"}],"wp:term":[{"taxonomy":"category","embeddable":true,"href":"https:\/\/senoticias.com.br\/se\/wp-json\/wp\/v2\/categories?post=99174"},{"taxonomy":"post_tag","embeddable":true,"href":"https:\/\/senoticias.com.br\/se\/wp-json\/wp\/v2\/tags?post=99174"}],"curies":[{"name":"wp","href":"https:\/\/api.w.org\/{rel}","templated":true}]}}