{"id":99173,"date":"2017-01-04T10:23:17","date_gmt":"2017-01-04T13:23:17","guid":{"rendered":"http:\/\/senoticias.com.br\/se\/?p=99173"},"modified":"2017-01-04T10:23:17","modified_gmt":"2017-01-04T13:23:17","slug":"papa-lamenta-morte-de-detentos-em-presidio-do-brasil","status":"publish","type":"post","link":"https:\/\/senoticias.com.br\/se\/papa-lamenta-morte-de-detentos-em-presidio-do-brasil\/","title":{"rendered":"Papa lamenta morte de detentos em pres\u00eddio do Brasil"},"content":{"rendered":"<header>\n<div class=\"node-info\" style=\"text-align: justify\"><strong>Da Ag\u00eancia Ansa<\/strong><\/div>\n<\/header>\n<div class=\"content\">\n<p style=\"text-align: justify\">O papa Francisco fez ora\u00e7\u00f5es pelas v\u00edtimas da rebeli\u00e3o no pres\u00eddio de Manaus na primeira audi\u00eancia geral de 2017, realizada nessa quarta-feira (4). Ao todo, 60 pessoas morreram no Complexo Penitenci\u00e1rio An\u00edsio Jobim ap\u00f3s a rebeli\u00e3o. A informa\u00e7\u00e3o \u00e9 da Ag\u00eancia Ansa.<\/p>\n<div id=\"attachment_92434\" style=\"width: 590px\" class=\"wp-caption aligncenter\"><a href=\"http:\/\/senoticias.com.br\/se\/wp-content\/uploads\/2016\/05\/Papa-diz-a-criancas-que-imigrantes-nao-sao-um-perigo-mas-estao-em-perigo-SE-Noticias.jpg\"><img loading=\"lazy\" decoding=\"async\" aria-describedby=\"caption-attachment-92434\" class=\"size-full wp-image-92434\" src=\"http:\/\/senoticias.com.br\/se\/wp-content\/uploads\/2016\/05\/Papa-diz-a-criancas-que-imigrantes-nao-sao-um-perigo-mas-estao-em-perigo-SE-Noticias.jpg\" alt=\"Papa Francisco Ag\u00eancia Lusa\/EPA\/Pool\/Alessandro Di Meo\/Direitos Reservados \" width=\"580\" height=\"388\" srcset=\"https:\/\/senoticias.com.br\/se\/wp-content\/uploads\/2016\/05\/Papa-diz-a-criancas-que-imigrantes-nao-sao-um-perigo-mas-estao-em-perigo-SE-Noticias.jpg 580w, https:\/\/senoticias.com.br\/se\/wp-content\/uploads\/2016\/05\/Papa-diz-a-criancas-que-imigrantes-nao-sao-um-perigo-mas-estao-em-perigo-SE-Noticias-300x200.jpg 300w, https:\/\/senoticias.com.br\/se\/wp-content\/uploads\/2016\/05\/Papa-diz-a-criancas-que-imigrantes-nao-sao-um-perigo-mas-estao-em-perigo-SE-Noticias-342x228.jpg 342w\" sizes=\"(max-width: 580px) 100vw, 580px\" \/><\/a><p id=\"caption-attachment-92434\" class=\"wp-caption-text\">Papa Francisco Ag\u00eancia Lusa\/EPA\/Pool\/Alessandro Di Meo\/Direitos Reservados<\/p><\/div>\n<p style=\"text-align: justify\">&#8220;Ontem, chegaram not\u00edcias dram\u00e1ticas do Brasil sobre o massacre ocorrido no pres\u00eddio de Manaus, onde um violent\u00edssimo confronto entre grupos rivais causou dezenas de mortes&#8221;, disse o pont\u00edfice nas mensagens finais da audi\u00eancia.<\/p>\n<p>&#8220;Exprimo dor e preocupa\u00e7\u00e3o pelo que aconteceu. Convido a todos para rezar pelos mortos, pelos seus familiares, por todos os detentos daquele pres\u00eddio e por aqueles que l\u00e1 trabalham. E renovo meu apelo para que os institutos penitenci\u00e1rios sejam locais de reeduca\u00e7\u00e3o e de reinser\u00e7\u00e3o social e as condi\u00e7\u00f5es de vida dos presidi\u00e1rios sejam dignas de pessoas humanas&#8221;, afirmou o papa.<\/p>\n<p>Ap\u00f3s um momento de sil\u00eancio, ele pediu que os pres\u00eddios de todo o mundo &#8220;sejam locais de reinser\u00e7\u00e3o, que n\u00e3o sejam superlotados&#8221; e concluiu solicitando que todos rezassem uma Ave Maria.<\/p>\n<p>O papa Francisco manifesta apre\u00e7o pela quest\u00e3o dos encarcerados, pedindo condi\u00e7\u00f5es dignas e humanas para gestores do sistema prisional de todo o mundo. Ele, inclusive, visita pris\u00f5es ao redor do mundo &#8211; sempre que poss\u00edvel &#8211; quando faz viagens internacionais.<\/p>\n<p style=\"line-height: 14.25pt\"><strong><span style=\"font-size: 10.0pt;font-family: 'Georgia','serif';color: #333333\">Acompanhe tamb\u00e9m o SE Not\u00edcias no<\/span><\/strong><span class=\"apple-converted-space\"><b><span style=\"font-size: 10.0pt;font-family: 'Georgia','serif';color: #333333\">\u00a0<\/span><\/b><\/span><strong><span style=\"font-size: 10.0pt;font-family: 'Georgia','serif';color: #333333\"><a href=\"https:\/\/twitter.com\/Senoticias\" target=\"_blank\">Twitter<\/a>,<\/span><\/strong><span class=\"apple-converted-space\"><b><span style=\"font-size: 10.0pt;font-family: 'Georgia','serif';color: #333333\">\u00a0<\/span><\/b><\/span><strong><span style=\"font-size: 10.0pt;font-family: 'Georgia','serif';color: #333333\"><a href=\"https:\/\/www.facebook.com\/senoticias1\" target=\"_blank\">Facebook<span class=\"apple-converted-space\"><span style=\"color: windowtext;text-decoration: none\">\u00a0<\/span><\/span><\/a>e no<\/span><\/strong><span class=\"apple-converted-space\"><b><span style=\"font-size: 10.0pt;font-family: 'Georgia','serif';color: #333333\">\u00a0<\/span><\/b><\/span><strong><span style=\"font-size: 10.0pt;font-family: 'Georgia','serif';color: #333333\"><a href=\"https:\/\/www.instagram.com\/senoticias\/\" target=\"_blank\">Instagram<\/a>.<\/span><\/strong><\/p>\n<p style=\"line-height: 14.25pt\"><a href=\"http:\/\/senoticias.com.br\/se\/wp-content\/uploads\/2016\/12\/Logo-fone-1-2-1-2.jpg\"><img loading=\"lazy\" decoding=\"async\" class=\"aligncenter size-full wp-image-98981\" src=\"http:\/\/senoticias.com.br\/se\/wp-content\/uploads\/2016\/12\/Logo-fone-1-2-1-2.jpg\" alt=\"logo-fone-1-2-1\" width=\"599\" height=\"78\" srcset=\"https:\/\/senoticias.com.br\/se\/wp-content\/uploads\/2016\/12\/Logo-fone-1-2-1-2.jpg 599w, https:\/\/senoticias.com.br\/se\/wp-content\/uploads\/2016\/12\/Logo-fone-1-2-1-2-300x39.jpg 300w\" sizes=\"(max-width: 599px) 100vw, 599px\" \/><\/a><\/p>\n<\/div>\n","protected":false},"excerpt":{"rendered":"<p>Da Ag\u00eancia Ansa O papa Francisco fez ora\u00e7\u00f5es pelas v\u00edtimas da rebeli\u00e3o no pres\u00eddio de Manaus na primeira audi\u00eancia geral de 2017, realizada nessa quarta-feira (4). Ao todo, 60 pessoas morreram no Complexo Penitenci\u00e1rio An\u00edsio Jobim ap\u00f3s a rebeli\u00e3o. A informa\u00e7\u00e3o \u00e9 da Ag\u00eancia Ansa. &#8220;Ontem, chegaram not\u00edcias dram\u00e1ticas do Brasil sobre o massacre ocorrido [&hellip;]<\/p>\n","protected":false},"author":5618,"featured_media":92434,"comment_status":"closed","ping_status":"closed","sticky":false,"template":"","format":"standard","meta":{"footnotes":""},"categories":[46],"tags":[1866],"class_list":{"0":"post-99173","1":"post","2":"type-post","3":"status-publish","4":"format-standard","5":"has-post-thumbnail","7":"category-religiao","8":"tag-papa-lamenta-morte-de-detentos-em-presidio-do-brasil"},"_links":{"self":[{"href":"https:\/\/senoticias.com.br\/se\/wp-json\/wp\/v2\/posts\/99173"}],"collection":[{"href":"https:\/\/senoticias.com.br\/se\/wp-json\/wp\/v2\/posts"}],"about":[{"href":"https:\/\/senoticias.com.br\/se\/wp-json\/wp\/v2\/types\/post"}],"author":[{"embeddable":true,"href":"https:\/\/senoticias.com.br\/se\/wp-json\/wp\/v2\/users\/5618"}],"replies":[{"embeddable":true,"href":"https:\/\/senoticias.com.br\/se\/wp-json\/wp\/v2\/comments?post=99173"}],"version-history":[{"count":0,"href":"https:\/\/senoticias.com.br\/se\/wp-json\/wp\/v2\/posts\/99173\/revisions"}],"wp:featuredmedia":[{"embeddable":true,"href":"https:\/\/senoticias.com.br\/se\/wp-json\/wp\/v2\/media\/92434"}],"wp:attachment":[{"href":"https:\/\/senoticias.com.br\/se\/wp-json\/wp\/v2\/media?parent=99173"}],"wp:term":[{"taxonomy":"category","embeddable":true,"href":"https:\/\/senoticias.com.br\/se\/wp-json\/wp\/v2\/categories?post=99173"},{"taxonomy":"post_tag","embeddable":true,"href":"https:\/\/senoticias.com.br\/se\/wp-json\/wp\/v2\/tags?post=99173"}],"curies":[{"name":"wp","href":"https:\/\/api.w.org\/{rel}","templated":true}]}}