{"id":99171,"date":"2017-01-04T10:18:42","date_gmt":"2017-01-04T13:18:42","guid":{"rendered":"http:\/\/senoticias.com.br\/se\/?p=99171"},"modified":"2017-01-04T10:18:42","modified_gmt":"2017-01-04T13:18:42","slug":"termina-hoje-prazo-para-brasileiros-se-inscreverem-no-mais-medicos","status":"publish","type":"post","link":"https:\/\/senoticias.com.br\/se\/termina-hoje-prazo-para-brasileiros-se-inscreverem-no-mais-medicos\/","title":{"rendered":"Termina hoje prazo para brasileiros se inscreverem no Mais M\u00e9dicos"},"content":{"rendered":"<p style=\"text-align: justify\">Brasileiros interessados em participar do Mais M\u00e9dicos t\u00eam at\u00e9 hoje (4) para se inscrever no programa. Os profissionais concorrer\u00e3o a 1,2 mil vagas distribu\u00eddas em 563 munic\u00edpios e dois distritos ind\u00edgenas. At\u00e9 o dia 26 de dezembro, 5.887 inscri\u00e7\u00f5es j\u00e1 tinham sido homologadas.<\/p>\n<div id=\"attachment_99172\" style=\"width: 590px\" class=\"wp-caption aligncenter\"><a href=\"http:\/\/senoticias.com.br\/se\/wp-content\/uploads\/2017\/01\/Mais-Medicos-SE-Noticias.jpg\"><img loading=\"lazy\" decoding=\"async\" aria-describedby=\"caption-attachment-99172\" class=\"size-full wp-image-99172\" src=\"http:\/\/senoticias.com.br\/se\/wp-content\/uploads\/2017\/01\/Mais-Medicos-SE-Noticias.jpg\" alt=\"Bras\u00edlia - O ministro da Sa\u00fade, Ricardo Barros, com profissionais cubanos e brasileiros que atuam no Programa Mais M\u00e9dicos  -Elza Fi\u00faza\/Ag\u00eancia Brasil\" width=\"580\" height=\"388\" srcset=\"https:\/\/senoticias.com.br\/se\/wp-content\/uploads\/2017\/01\/Mais-Medicos-SE-Noticias.jpg 580w, https:\/\/senoticias.com.br\/se\/wp-content\/uploads\/2017\/01\/Mais-Medicos-SE-Noticias-300x201.jpg 300w, https:\/\/senoticias.com.br\/se\/wp-content\/uploads\/2017\/01\/Mais-Medicos-SE-Noticias-90x60.jpg 90w, https:\/\/senoticias.com.br\/se\/wp-content\/uploads\/2017\/01\/Mais-Medicos-SE-Noticias-180x120.jpg 180w, https:\/\/senoticias.com.br\/se\/wp-content\/uploads\/2017\/01\/Mais-Medicos-SE-Noticias-95x64.jpg 95w\" sizes=\"(max-width: 580px) 100vw, 580px\" \/><\/a><p id=\"caption-attachment-99172\" class=\"wp-caption-text\">Bras\u00edlia &#8211; O ministro da Sa\u00fade, Ricardo Barros, com profissionais cubanos e brasileiros que atuam no Programa Mais M\u00e9dicos -Elza Fi\u00faza\/Ag\u00eancia Brasil<\/p><\/div>\n<p style=\"text-align: justify\">Nesta fase, os m\u00e9dicos devem apenas realizar a inscri\u00e7\u00e3o no<em> <a href=\"https:\/\/maismedicos.saude.gov.br\/\" target=\"_blank\">site<\/a><\/em><a href=\"https:\/\/maismedicos.saude.gov.br\/\" target=\"_blank\"> do programa<\/a> e submeter a documenta\u00e7\u00e3o exigida no edital. O resultado das inscri\u00e7\u00f5es validadas deve ser divulgado no dia 9 de janeiro.<\/p>\n<p style=\"text-align: justify\">A sele\u00e7\u00e3o de localidades ser\u00e1 entre os dias 10 e 11 de janeiro e os profissionais dever\u00e3o escolher quatro cidades de prefer\u00eancia. Eles ser\u00e3o alocados nas vagas de acordo com crit\u00e9rios de classifica\u00e7\u00e3o. A novidade \u00e9 que os m\u00e9dicos que n\u00e3o estiverem totalmente satisfeitos com a aloca\u00e7\u00e3o, poder\u00e3o permutar a localidade com outro m\u00e9dico que tenha interesse.<\/p>\n<p style=\"text-align: justify\">As atividades desses profissionais nas unidades b\u00e1sicas dos munic\u00edpios come\u00e7am em fevereiro.<\/p>\n<p style=\"text-align: justify\">Entre as vagas ofertadas, 708 est\u00e3o atualmente ocupadas por m\u00e9dicos cubanos, que participam do programa mediante acordo de coopera\u00e7\u00e3o com a Organiza\u00e7\u00e3o Pan-americana da Sa\u00fade (Opas). As demais vagas s\u00e3o relativas a reposi\u00e7\u00f5es peri\u00f3dicas de rotina feitas em decorr\u00eancia de sa\u00eddas de profissionais.<\/p>\n<p style=\"text-align: justify\">A meta do governo \u00e9 substituir 4 mil m\u00e9dicos cooperados em tr\u00eas anos, reduzindo de 11,4 mil para 7,4 mil o n\u00famero de participantes cubanos no programa. A expectativa \u00e9 chegar a 7,8 mil brasileiros no Mais M\u00e9dicos, representando mais de 40% do total de profissionais.<\/p>\n<p style=\"text-align: justify\">Atualmente, dos 18.240 m\u00e9dicos participantes do programa, 5.274 s\u00e3o formados no Brasil (29%), 1.537 t\u00eam diplomas do exterior (8,4%) e 11.429 fazem parte do acordo de coopera\u00e7\u00e3o com a Opas (62,6%). Mais de 63 milh\u00f5es de fam\u00edlias, de acordo com o governo, s\u00e3o assistidas por esses profissionais e beneficiadas pelo programa.<\/p>\n<p style=\"line-height: 14.25pt\"><strong><span style=\"font-size: 10.0pt;font-family: 'Georgia','serif';color: #333333\">Acompanhe tamb\u00e9m o SE Not\u00edcias no<\/span><\/strong><span class=\"apple-converted-space\"><b><span style=\"font-size: 10.0pt;font-family: 'Georgia','serif';color: #333333\">\u00a0<\/span><\/b><\/span><strong><span style=\"font-size: 10.0pt;font-family: 'Georgia','serif';color: #333333\"><a href=\"https:\/\/twitter.com\/Senoticias\" target=\"_blank\">Twitter<\/a>,<\/span><\/strong><span class=\"apple-converted-space\"><b><span style=\"font-size: 10.0pt;font-family: 'Georgia','serif';color: #333333\">\u00a0<\/span><\/b><\/span><strong><span style=\"font-size: 10.0pt;font-family: 'Georgia','serif';color: #333333\"><a href=\"https:\/\/www.facebook.com\/senoticias1\" target=\"_blank\">Facebook<span class=\"apple-converted-space\"><span style=\"color: windowtext;text-decoration: none\">\u00a0<\/span><\/span><\/a>e no<\/span><\/strong><span class=\"apple-converted-space\"><b><span style=\"font-size: 10.0pt;font-family: 'Georgia','serif';color: #333333\">\u00a0<\/span><\/b><\/span><strong><span style=\"font-size: 10.0pt;font-family: 'Georgia','serif';color: #333333\"><a href=\"https:\/\/www.instagram.com\/senoticias\/\" target=\"_blank\">Instagram<\/a>.<\/span><\/strong><\/p>\n<p style=\"line-height: 14.25pt\"><a href=\"http:\/\/senoticias.com.br\/se\/wp-content\/uploads\/2016\/12\/Logo-fone-1-2-1-2.jpg\"><img loading=\"lazy\" decoding=\"async\" class=\"aligncenter size-full wp-image-98981\" src=\"http:\/\/senoticias.com.br\/se\/wp-content\/uploads\/2016\/12\/Logo-fone-1-2-1-2.jpg\" alt=\"logo-fone-1-2-1\" width=\"599\" height=\"78\" srcset=\"https:\/\/senoticias.com.br\/se\/wp-content\/uploads\/2016\/12\/Logo-fone-1-2-1-2.jpg 599w, https:\/\/senoticias.com.br\/se\/wp-content\/uploads\/2016\/12\/Logo-fone-1-2-1-2-300x39.jpg 300w\" sizes=\"(max-width: 599px) 100vw, 599px\" \/><\/a><\/p>\n<p style=\"line-height: 14.25pt\">Da Ag\u00eancia Brasil<\/p>\n","protected":false},"excerpt":{"rendered":"<p>Brasileiros interessados em participar do Mais M\u00e9dicos t\u00eam at\u00e9 hoje (4) para se inscrever no programa. Os profissionais concorrer\u00e3o a 1,2 mil vagas distribu\u00eddas em 563 munic\u00edpios e dois distritos ind\u00edgenas. At\u00e9 o dia 26 de dezembro, 5.887 inscri\u00e7\u00f5es j\u00e1 tinham sido homologadas. Nesta fase, os m\u00e9dicos devem apenas realizar a inscri\u00e7\u00e3o no site do [&hellip;]<\/p>\n","protected":false},"author":5618,"featured_media":99172,"comment_status":"closed","ping_status":"closed","sticky":false,"template":"","format":"standard","meta":{"footnotes":""},"categories":[20,8],"tags":[1865],"class_list":{"0":"post-99171","1":"post","2":"type-post","3":"status-publish","4":"format-standard","5":"has-post-thumbnail","7":"category-saude","8":"category-esporte-e-cultura","9":"tag-termina-hoje-prazo-para-brasileiros-se-inscreverem-no-mais-medicos"},"_links":{"self":[{"href":"https:\/\/senoticias.com.br\/se\/wp-json\/wp\/v2\/posts\/99171"}],"collection":[{"href":"https:\/\/senoticias.com.br\/se\/wp-json\/wp\/v2\/posts"}],"about":[{"href":"https:\/\/senoticias.com.br\/se\/wp-json\/wp\/v2\/types\/post"}],"author":[{"embeddable":true,"href":"https:\/\/senoticias.com.br\/se\/wp-json\/wp\/v2\/users\/5618"}],"replies":[{"embeddable":true,"href":"https:\/\/senoticias.com.br\/se\/wp-json\/wp\/v2\/comments?post=99171"}],"version-history":[{"count":0,"href":"https:\/\/senoticias.com.br\/se\/wp-json\/wp\/v2\/posts\/99171\/revisions"}],"wp:featuredmedia":[{"embeddable":true,"href":"https:\/\/senoticias.com.br\/se\/wp-json\/wp\/v2\/media\/99172"}],"wp:attachment":[{"href":"https:\/\/senoticias.com.br\/se\/wp-json\/wp\/v2\/media?parent=99171"}],"wp:term":[{"taxonomy":"category","embeddable":true,"href":"https:\/\/senoticias.com.br\/se\/wp-json\/wp\/v2\/categories?post=99171"},{"taxonomy":"post_tag","embeddable":true,"href":"https:\/\/senoticias.com.br\/se\/wp-json\/wp\/v2\/tags?post=99171"}],"curies":[{"name":"wp","href":"https:\/\/api.w.org\/{rel}","templated":true}]}}