{"id":99165,"date":"2017-01-04T10:05:21","date_gmt":"2017-01-04T13:05:21","guid":{"rendered":"http:\/\/senoticias.com.br\/se\/?p=99165"},"modified":"2017-01-04T10:05:21","modified_gmt":"2017-01-04T13:05:21","slug":"sindrome-do-panico-saiba-o-que-e-e-como-tratar","status":"publish","type":"post","link":"https:\/\/senoticias.com.br\/se\/sindrome-do-panico-saiba-o-que-e-e-como-tratar\/","title":{"rendered":"S\u00edndrome do p\u00e2nico: saiba o que \u00e9 e como tratar"},"content":{"rendered":"<p dir=\"ltr\">\n<p dir=\"ltr\" style=\"text-align: justify;\">O cuidado com a sa\u00fade mental \u00e9 fundamental. Cada vez mais as pessoas t\u00eam desenvolvido transtornos e s\u00edndromes e muitas vezes n\u00e3o sabem reconhecer ou lidar com o problema. Sarah Lopes, psic\u00f3loga do Hapvida, esclarece as principais d\u00favidas sobre a S\u00edndrome do P\u00e2nico, que \u00e9 um transtorno ps\u00edquico que gera uma ansiedade exacerbada.\u00a0 \u201cA ansiedade \u00e9 algo\u00a0ben\u00e9fico\u00a0at\u00e9 certo ponto, \u00e9 ela que nos salva diante da previs\u00e3o de um perigo, mas o\u00a0problema \u00e9 quando esta previs\u00e3o se torna constante e desproporcional. Ultimamente, a s\u00edndrome do p\u00e2nico \u00e9 a causa mais freq\u00fcente da procura por psic\u00f3logos e psiquiatras. Existe um movimento natural de medo, gerado especialmente pela situa\u00e7\u00e3o de viol\u00eancia existente, entretanto, existem casos em que estes sintomas s\u00e3o gerais e acabam comprometendo o dia a dia do indiv\u00edduo. O medo da morte, sua ou de outrem, \u00e9 o que mais permeia os pensamentos de algu\u00e9m que se encontra com a s\u00edndrome do p\u00e2nico\u201d, explica.<\/p>\n<div id=\"attachment_99168\" style=\"width: 609px\" class=\"wp-caption aligncenter\"><img loading=\"lazy\" decoding=\"async\" aria-describedby=\"caption-attachment-99168\" class=\"size-full wp-image-99168\" src=\"http:\/\/senoticias.com.br\/se\/wp-content\/uploads\/2017\/01\/Sindrome-de-panico-SE-Not\u00edcias-e1483535012656.jpg\" alt=\"S\u00edndrome de P\u00e2nico: veja como tratar. (Foto: arquivo\/Hapvida) \" width=\"599\" height=\"399\" \/><p id=\"caption-attachment-99168\" class=\"wp-caption-text\">S\u00edndrome de P\u00e2nico: veja como tratar. (Foto: arquivo\/Hapvida)<\/p><\/div>\n<p dir=\"ltr\" style=\"text-align: justify;\">\u00a0Segundo a especialista, as causas da s\u00edndrome do p\u00e2nico podem ser desencadeadas por uma situa\u00e7\u00e3o espec\u00edfica ou v\u00e1rias situa\u00e7\u00f5es acumuladas, bem como, uma pr\u00e9-disposi\u00e7\u00e3o. \u201cObserva-se que as pessoas suscet\u00edveis ao desenvolvimento da s\u00edndrome s\u00e3o pessoas j\u00e1 ansiosas demasiadamente, mesmo as que nunca tenham sido diagnosticadas previamente\u201d, destaca Sarah Lopes.<\/p>\n<p dir=\"ltr\" style=\"text-align: justify;\">Os sintomas da s\u00edndrome do p\u00e2nico podem variar para cada indiv\u00edduo, levando em considera\u00e7\u00e3o tamb\u00e9m a gravidade do quadro, mas, em geral, os sintomas se iniciam no campo emocional. \u201cOs sintomas podem se manifestar atrav\u00e9s de pensamentos delirantes, em que o sujeito acredita estar sofrendo algum infarto por conta de dores no peito, consequentemente, o medo de morrer o leva \u00e0 uma sensa\u00e7\u00e3o de falta de ar, ocasionando aperto no peito, sudorese, tontura, tremedeira, vis\u00e3o emba\u00e7ada e segue como em uma rea\u00e7\u00e3o em cadeia. O emocional agrava o f\u00edsico e o f\u00edsico agrava o emocional\u201d, elucida.<\/p>\n<p dir=\"ltr\" style=\"text-align: justify;\">A \u00a0psic\u00f3loga acrescenta que a S\u00edndrome do P\u00e2nico tem tratamento e controle. \u201cA gravidade dever\u00e1 ser avaliada por um profissional e a conduta terap\u00eautica indicada. Alguns indiv\u00edduos conseguem controlar com psicoterapia, outros devem iniciar terapia medicamentosa, bem como algumas terapias alternativas tamb\u00e9m podem ajudar\u201d, ressalta.<img loading=\"lazy\" decoding=\"async\" class=\"aligncenter size-full wp-image-98981\" src=\"http:\/\/senoticias.com.br\/se\/wp-content\/uploads\/2016\/12\/Logo-fone-1-2-1-2.jpg\" alt=\"logo-fone-1-2-1\" width=\"599\" height=\"78\" srcset=\"https:\/\/senoticias.com.br\/se\/wp-content\/uploads\/2016\/12\/Logo-fone-1-2-1-2.jpg 599w, https:\/\/senoticias.com.br\/se\/wp-content\/uploads\/2016\/12\/Logo-fone-1-2-1-2-300x39.jpg 300w\" sizes=\"(max-width: 599px) 100vw, 599px\" \/><\/p>\n<p dir=\"ltr\" style=\"text-align: justify;\"><em><strong>Acompanhe tamb\u00e9m o SE Not\u00edcias no<\/strong><strong>\u00a0<\/strong><strong><a href=\"https:\/\/twitter.com\/Senoticias\">Twitter<\/a>,<\/strong><strong>\u00a0<\/strong><strong><a href=\"https:\/\/www.facebook.com\/senoticias1\">Facebook<\/a><\/strong><strong>\u00a0<\/strong><strong>e no<\/strong><a href=\"https:\/\/www.instagram.com\/senoticias\/\"><strong>\u00a0<\/strong><strong>Instagram<\/strong><\/a><\/em><\/p>\n<p dir=\"ltr\" style=\"text-align: justify;\">Da ascom\/Hapvida<\/p>\n","protected":false},"excerpt":{"rendered":"<p>O cuidado com a sa\u00fade mental \u00e9 fundamental. Cada vez mais as pessoas t\u00eam desenvolvido transtornos e s\u00edndromes e muitas vezes n\u00e3o sabem reconhecer ou lidar com o problema. Sarah Lopes, psic\u00f3loga do Hapvida, esclarece as principais d\u00favidas sobre a S\u00edndrome do P\u00e2nico, que \u00e9 um transtorno ps\u00edquico que gera uma ansiedade exacerbada.\u00a0 \u201cA ansiedade [&hellip;]<\/p>\n","protected":false},"author":2,"featured_media":99168,"comment_status":"closed","ping_status":"closed","sticky":false,"template":"","format":"standard","meta":{"footnotes":""},"categories":[15],"tags":[],"class_list":{"0":"post-99165","1":"post","2":"type-post","3":"status-publish","4":"format-standard","5":"has-post-thumbnail","7":"category-destaques"},"_links":{"self":[{"href":"https:\/\/senoticias.com.br\/se\/wp-json\/wp\/v2\/posts\/99165"}],"collection":[{"href":"https:\/\/senoticias.com.br\/se\/wp-json\/wp\/v2\/posts"}],"about":[{"href":"https:\/\/senoticias.com.br\/se\/wp-json\/wp\/v2\/types\/post"}],"author":[{"embeddable":true,"href":"https:\/\/senoticias.com.br\/se\/wp-json\/wp\/v2\/users\/2"}],"replies":[{"embeddable":true,"href":"https:\/\/senoticias.com.br\/se\/wp-json\/wp\/v2\/comments?post=99165"}],"version-history":[{"count":0,"href":"https:\/\/senoticias.com.br\/se\/wp-json\/wp\/v2\/posts\/99165\/revisions"}],"wp:featuredmedia":[{"embeddable":true,"href":"https:\/\/senoticias.com.br\/se\/wp-json\/wp\/v2\/media\/99168"}],"wp:attachment":[{"href":"https:\/\/senoticias.com.br\/se\/wp-json\/wp\/v2\/media?parent=99165"}],"wp:term":[{"taxonomy":"category","embeddable":true,"href":"https:\/\/senoticias.com.br\/se\/wp-json\/wp\/v2\/categories?post=99165"},{"taxonomy":"post_tag","embeddable":true,"href":"https:\/\/senoticias.com.br\/se\/wp-json\/wp\/v2\/tags?post=99165"}],"curies":[{"name":"wp","href":"https:\/\/api.w.org\/{rel}","templated":true}]}}