{"id":99156,"date":"2017-01-04T06:23:56","date_gmt":"2017-01-04T09:23:56","guid":{"rendered":"http:\/\/senoticias.com.br\/se\/?p=99156"},"modified":"2017-01-04T06:23:56","modified_gmt":"2017-01-04T09:23:56","slug":"tribunal-de-contas-mantem-bloqueio-das-contas-da-prefeitura-de-aracaju","status":"publish","type":"post","link":"https:\/\/senoticias.com.br\/se\/tribunal-de-contas-mantem-bloqueio-das-contas-da-prefeitura-de-aracaju\/","title":{"rendered":"Tribunal de Contas mant\u00e9m bloqueio das contas da Prefeitura de Aracaju"},"content":{"rendered":"<p style=\"text-align: justify;\">O presidente do Tribunal de Contas do Estado, Cl\u00f3vis Barbosa, informou nesta ter\u00e7a-feira, 3, que as contas da Prefeitura de Aracaju permanecem bloqueadas at\u00e9 o completo pagamento do 13\u00ba sal\u00e1rio dos servidores do munic\u00edpio. \u201cE se at\u00e9 o dia 6, pr\u00f3xima sexta-feira, a Prefeitura n\u00e3o iniciar o pagamento dos sal\u00e1rios de dezembro de 2016, novo bloqueio poder\u00e1 ser determinado\u201d, acrescentou o conselheiro, que pode decidir monocraticamente, pois janeiro \u00e9 m\u00eas de recesso na Corte de Contas.<\/p>\n<p>A Prefeitura de Aracaju informou que o pagamento do 13\u00b0 sal\u00e1rio \u201cde todos os servidores da Administra\u00e7\u00e3o Direta e parte da Indireta\u201d, seria feito nesta ter\u00e7a-feira mesmo. N\u00e3o h\u00e1 informa\u00e7\u00e3o confirmada sobre o pagamento dos sal\u00e1rios de dezembro.<\/p>\n<div id=\"attachment_89746\" style=\"width: 608px\" class=\"wp-caption aligncenter\"><img loading=\"lazy\" decoding=\"async\" aria-describedby=\"caption-attachment-89746\" class=\"size-full wp-image-89746\" src=\"http:\/\/senoticias.com.br\/se\/wp-content\/uploads\/2016\/03\/CLEVERTON-RIBEIRO-e1458177550574.jpg\" alt=\"Tribunal de Contas mant\u00e9m bloqueio das contas da Prefeitura de Aracaju. Cleverton Ribeiro)\" width=\"598\" height=\"399\" \/><p id=\"caption-attachment-89746\" class=\"wp-caption-text\">Tribunal de Contas mant\u00e9m bloqueio das contas da Prefeitura de Aracaju. (Foto: Cleverton Ribeiro)<\/p><\/div>\n<p style=\"text-align: justify;\">\n<p>O Pleno do Tribunal de Contas decidiu pelo bloqueio das contas de Aracaju na sess\u00e3o do dia 28 de novembro passado. No dia 6 de dezembro, ap\u00f3s a conclus\u00e3o do pagamento dos sal\u00e1rios de outubro, as contas foram desbloqueadas. Mas foram novamente bloqueadas, na \u00faltima sess\u00e3o plen\u00e1ria de 2016, na quinta-feira, 15, devido ao n\u00e3o pagamento integral da folha referente ao m\u00eas de novembro e a n\u00e3o apresenta\u00e7\u00e3o de calend\u00e1rio sobre o pagamento do 13\u00ba sal\u00e1rio e da folha de dezembro.<\/p>\n<p>Com a decis\u00e3o, as institui\u00e7\u00f5es banc\u00e1rias com as quais a Prefeitura de Aracaju mant\u00e9m v\u00ednculo s\u00e3o oficiadas para efetuar o bloqueio das contas at\u00e9 que o TCE expe\u00e7a of\u00edcio comunicando acerca do adimplemento do cr\u00e9dito remunerat\u00f3rio que o agente p\u00fablico tem com os servidores, visto como prioridade, j\u00e1 que sal\u00e1rio \u00e9 direito fundamental, inclusive em virtude da sua natureza de car\u00e1ter alimentar.<\/p>\n<p style=\"text-align: justify;\"><img loading=\"lazy\" decoding=\"async\" class=\"aligncenter size-full wp-image-98981\" src=\"http:\/\/senoticias.com.br\/se\/wp-content\/uploads\/2016\/12\/Logo-fone-1-2-1-2.jpg\" alt=\"logo-fone-1-2-1\" width=\"599\" height=\"78\" srcset=\"https:\/\/senoticias.com.br\/se\/wp-content\/uploads\/2016\/12\/Logo-fone-1-2-1-2.jpg 599w, https:\/\/senoticias.com.br\/se\/wp-content\/uploads\/2016\/12\/Logo-fone-1-2-1-2-300x39.jpg 300w\" sizes=\"(max-width: 599px) 100vw, 599px\" \/><\/p>\n<p style=\"text-align: justify;\"><em><strong>Acompanhe tamb\u00e9m o SE Not\u00edcias no<\/strong><strong>\u00a0<\/strong><strong><a href=\"https:\/\/twitter.com\/Senoticias\">Twitter<\/a>,<\/strong><strong>\u00a0<\/strong><strong><a href=\"https:\/\/www.facebook.com\/senoticias1\">Facebook<\/a><\/strong><strong>\u00a0<\/strong><strong>e no<\/strong><a href=\"https:\/\/www.instagram.com\/senoticias\/\"><strong>\u00a0<\/strong><strong>Instagram<\/strong><\/a><\/em><\/p>\n<p style=\"text-align: justify;\"><em>Ascom\/TCE<\/em><\/p>\n","protected":false},"excerpt":{"rendered":"<p>O presidente do Tribunal de Contas do Estado, Cl\u00f3vis Barbosa, informou nesta ter\u00e7a-feira, 3, que as contas da Prefeitura de Aracaju permanecem bloqueadas at\u00e9 o completo pagamento do 13\u00ba sal\u00e1rio dos servidores do munic\u00edpio. \u201cE se at\u00e9 o dia 6, pr\u00f3xima sexta-feira, a Prefeitura n\u00e3o iniciar o pagamento dos sal\u00e1rios de dezembro de 2016, novo [&hellip;]<\/p>\n","protected":false},"author":2,"featured_media":0,"comment_status":"closed","ping_status":"closed","sticky":false,"template":"","format":"standard","meta":{"footnotes":""},"categories":[15,6],"tags":[],"class_list":{"0":"post-99156","1":"post","2":"type-post","3":"status-publish","4":"format-standard","6":"category-destaques","7":"category-politica"},"_links":{"self":[{"href":"https:\/\/senoticias.com.br\/se\/wp-json\/wp\/v2\/posts\/99156"}],"collection":[{"href":"https:\/\/senoticias.com.br\/se\/wp-json\/wp\/v2\/posts"}],"about":[{"href":"https:\/\/senoticias.com.br\/se\/wp-json\/wp\/v2\/types\/post"}],"author":[{"embeddable":true,"href":"https:\/\/senoticias.com.br\/se\/wp-json\/wp\/v2\/users\/2"}],"replies":[{"embeddable":true,"href":"https:\/\/senoticias.com.br\/se\/wp-json\/wp\/v2\/comments?post=99156"}],"version-history":[{"count":0,"href":"https:\/\/senoticias.com.br\/se\/wp-json\/wp\/v2\/posts\/99156\/revisions"}],"wp:attachment":[{"href":"https:\/\/senoticias.com.br\/se\/wp-json\/wp\/v2\/media?parent=99156"}],"wp:term":[{"taxonomy":"category","embeddable":true,"href":"https:\/\/senoticias.com.br\/se\/wp-json\/wp\/v2\/categories?post=99156"},{"taxonomy":"post_tag","embeddable":true,"href":"https:\/\/senoticias.com.br\/se\/wp-json\/wp\/v2\/tags?post=99156"}],"curies":[{"name":"wp","href":"https:\/\/api.w.org\/{rel}","templated":true}]}}