{"id":99152,"date":"2017-01-03T16:22:42","date_gmt":"2017-01-03T19:22:42","guid":{"rendered":"http:\/\/senoticias.com.br\/se\/?p=99152"},"modified":"2017-01-03T16:22:42","modified_gmt":"2017-01-03T19:22:42","slug":"governo-do-estado-finaliza-pagamento-de-servidores-dia-12","status":"publish","type":"post","link":"https:\/\/senoticias.com.br\/se\/governo-do-estado-finaliza-pagamento-de-servidores-dia-12\/","title":{"rendered":"Governo do Estado finaliza pagamento de servidores dia 12"},"content":{"rendered":"<p style=\"text-align: justify;\">O governo do Estado iniciou o pagamento dos servidores estaduais referente ao m\u00eas de dezembro na \u00faltima quinta-feira, dia 29. Receberam nessa data, os funcion\u00e1rios da educa\u00e7\u00e3o lotados nas escolas: professores em sala de aula, oficiais administrativos, vigilantes e merendeiras, que s\u00e3o aqueles que t\u00eam direito a receber pelos recursos do Fundeb.<\/p>\n<div id=\"attachment_81277\" style=\"width: 608px\" class=\"wp-caption aligncenter\"><img loading=\"lazy\" decoding=\"async\" aria-describedby=\"caption-attachment-81277\" class=\"size-full wp-image-81277\" src=\"http:\/\/senoticias.com.br\/se\/wp-content\/uploads\/2015\/06\/cms-image-000348333-e1440424419638.jpg\" alt=\"O calend\u00e1rio de pagamento referente ao m\u00eas de dezembro teve in\u00edcio dia 29Foto: Reprodu\u00e7\u00e3o) \" width=\"598\" height=\"351\" \/><p id=\"caption-attachment-81277\" class=\"wp-caption-text\">O calend\u00e1rio de pagamento referente ao m\u00eas de dezembro teve in\u00edcio dia 29. (foto: arquivo\/Ag\u00eancia Brasil)<\/p><\/div>\n<p style=\"text-align: justify;\">\nFuncion\u00e1rios da Segrase, Sergipeprevid\u00eancia e aposentados e pensionistas do Funprev tamb\u00e9m receberam dia 29. Na sexta, dia 30, receberam os funcion\u00e1rios da Funda\u00e7\u00e3o Hospitalar de Sa\u00fade. Pr\u00f3xima sexta-feira, dia 06, ser\u00e3o pagos os vencimentos dos servidores lotados na Emdagro, Cohidro, EMgetis, Emsetur, Codise, Cehop, e Pronese.<\/p>\n<p>Dia 11, recebem os servidores estatut\u00e1rios da Secretaria de Sa\u00fade e Funda\u00e7\u00f5es, DER, Adema, Jucese, Detran, ITPS, Fundap, Funda\u00e7\u00e3o Renascer, Fapitec, demais secretarias estaduais e servidores da Educa\u00e7\u00e3o que n\u00e3o receberam dia 29 de dezembro.<\/p>\n<p>O calend\u00e1rio ser\u00e1 finalizado dia 12 de janeiro, com o pagamento dos vencimentos de aposentados e pensionistas do Finanprev.<img loading=\"lazy\" decoding=\"async\" class=\"aligncenter size-full wp-image-98826\" src=\"http:\/\/senoticias.com.br\/se\/wp-content\/uploads\/2016\/12\/Logo-fone-1-2-1-1.jpg\" alt=\"logo-fone-1-2-1\" width=\"599\" height=\"78\" srcset=\"https:\/\/senoticias.com.br\/se\/wp-content\/uploads\/2016\/12\/Logo-fone-1-2-1-1.jpg 599w, https:\/\/senoticias.com.br\/se\/wp-content\/uploads\/2016\/12\/Logo-fone-1-2-1-1-300x39.jpg 300w\" sizes=\"(max-width: 599px) 100vw, 599px\" \/><\/p>\n<p style=\"text-align: justify;\"><em><strong>Acompanhe tamb\u00e9m o SE Not\u00edcias no<\/strong><strong>\u00a0<\/strong><strong><a href=\"https:\/\/twitter.com\/Senoticias\">Twitter<\/a>,<\/strong><strong>\u00a0<\/strong><strong><a href=\"https:\/\/www.facebook.com\/senoticias1\">Facebook<\/a><\/strong><strong>\u00a0<\/strong><strong>e no<\/strong><a href=\"https:\/\/www.instagram.com\/senoticias\/\"><strong>\u00a0<\/strong><strong>Instagram<\/strong><\/a><\/em><\/p>\n<p style=\"text-align: justify;\"><em>Ascom\/Ag\u00eancia Sergipe de Not\u00edcias<\/em><\/p>\n","protected":false},"excerpt":{"rendered":"<p>O governo do Estado iniciou o pagamento dos servidores estaduais referente ao m\u00eas de dezembro na \u00faltima quinta-feira, dia 29. Receberam nessa data, os funcion\u00e1rios da educa\u00e7\u00e3o lotados nas escolas: professores em sala de aula, oficiais administrativos, vigilantes e merendeiras, que s\u00e3o aqueles que t\u00eam direito a receber pelos recursos do Fundeb. Funcion\u00e1rios da Segrase, [&hellip;]<\/p>\n","protected":false},"author":2,"featured_media":84934,"comment_status":"closed","ping_status":"closed","sticky":false,"template":"","format":"standard","meta":{"footnotes":""},"categories":[15],"tags":[],"class_list":{"0":"post-99152","1":"post","2":"type-post","3":"status-publish","4":"format-standard","5":"has-post-thumbnail","7":"category-destaques"},"_links":{"self":[{"href":"https:\/\/senoticias.com.br\/se\/wp-json\/wp\/v2\/posts\/99152"}],"collection":[{"href":"https:\/\/senoticias.com.br\/se\/wp-json\/wp\/v2\/posts"}],"about":[{"href":"https:\/\/senoticias.com.br\/se\/wp-json\/wp\/v2\/types\/post"}],"author":[{"embeddable":true,"href":"https:\/\/senoticias.com.br\/se\/wp-json\/wp\/v2\/users\/2"}],"replies":[{"embeddable":true,"href":"https:\/\/senoticias.com.br\/se\/wp-json\/wp\/v2\/comments?post=99152"}],"version-history":[{"count":0,"href":"https:\/\/senoticias.com.br\/se\/wp-json\/wp\/v2\/posts\/99152\/revisions"}],"wp:featuredmedia":[{"embeddable":true,"href":"https:\/\/senoticias.com.br\/se\/wp-json\/wp\/v2\/media\/84934"}],"wp:attachment":[{"href":"https:\/\/senoticias.com.br\/se\/wp-json\/wp\/v2\/media?parent=99152"}],"wp:term":[{"taxonomy":"category","embeddable":true,"href":"https:\/\/senoticias.com.br\/se\/wp-json\/wp\/v2\/categories?post=99152"},{"taxonomy":"post_tag","embeddable":true,"href":"https:\/\/senoticias.com.br\/se\/wp-json\/wp\/v2\/tags?post=99152"}],"curies":[{"name":"wp","href":"https:\/\/api.w.org\/{rel}","templated":true}]}}