{"id":99149,"date":"2017-01-03T15:08:11","date_gmt":"2017-01-03T18:08:11","guid":{"rendered":"http:\/\/senoticias.com.br\/se\/?p=99149"},"modified":"2017-01-03T15:08:11","modified_gmt":"2017-01-03T18:08:11","slug":"edvaldo-reune-sindicatos-e-anuncia-pagamento-do-13o-salario","status":"publish","type":"post","link":"https:\/\/senoticias.com.br\/se\/edvaldo-reune-sindicatos-e-anuncia-pagamento-do-13o-salario\/","title":{"rendered":"Edvaldo re\u00fane sindicatos e anuncia pagamento do 13\u00ba sal\u00e1rio"},"content":{"rendered":"<p style=\"text-align: justify;\">O prefeito de Aracaju, Edvaldo Nogueira, anunciou que a prefeitura realizar\u00e1, nesta ter\u00e7a-feira (3), o pagamento integral do d\u00e9cimo terceiro sal\u00e1rio dos servidores da administra\u00e7\u00e3o direta e iniciar\u00e1 o pagamento do benef\u00edcio para a administra\u00e7\u00e3o indireta. Ele ainda informou que at\u00e9 o dia 10, aposentados e pensionistas tamb\u00e9m receber\u00e3o o recurso. No pr\u00f3ximo dia 20, o gestor municipal se reunir\u00e1 com os sindicatos para tratar dos sal\u00e1rios do m\u00eas de dezembro, deixados pela administra\u00e7\u00e3o anterior.<\/p>\n<p style=\"text-align: justify;\">\n<div id=\"attachment_99151\" style=\"width: 609px\" class=\"wp-caption aligncenter\"><img loading=\"lazy\" decoding=\"async\" aria-describedby=\"caption-attachment-99151\" class=\"size-full wp-image-99151\" src=\"http:\/\/senoticias.com.br\/se\/wp-content\/uploads\/2017\/01\/Edvaldo-se-reune-com-Sindicatos-e-anuncia-pagamento-SE-Noticias-e1483466728823.jpg\" alt=\"Edvaldo Nogueira, anunciou que a prefeitura realizar\u00e1, nesta ter\u00e7a-feira (3), o pagamento integral do d\u00e9cimo terceiro sal\u00e1rio dos servidores\" width=\"599\" height=\"428\" \/><p id=\"caption-attachment-99151\" class=\"wp-caption-text\">Edvaldo Nogueira, anunciou que a prefeitura realizar\u00e1, nesta ter\u00e7a-feira (3), o pagamento integral do d\u00e9cimo terceiro sal\u00e1rio dos servidores. (Foto: Jana\u00edna Santos)<\/p><\/div>\n<p style=\"text-align: justify;\">\u201cN\u00e3o \u00e9 uma atitude simples o que estamos fazendo j\u00e1 no segundo dia da nossa gest\u00e3o. \u00c9 uma demonstra\u00e7\u00e3o de que a prioridade \u00e9 os servidores\u201d, afirmou ele, durante o an\u00fancio que ocorreu na manh\u00e3 desta ter\u00e7a em reuni\u00e3o com dez sindicatos das categorias da Sa\u00fade, da qual participaram tamb\u00e9m a vice-prefeita Eliane Aquino e os secret\u00e1rios Jefferson Passos (Fazenda), Carlos Cau\u00ea (Governo) e Andr\u00e9 Sotero (Sa\u00fade).<\/p>\n<p>&nbsp;<\/p>\n<p style=\"text-align: justify;\">\u201cInformamos ao conjunto dos sindicatos que hoje a noite estar\u00e1 depositado o d\u00e9cimo terceiro para a Sa\u00fade e todos os servidores da administra\u00e7\u00e3o direta, al\u00e9m de iniciar o pagamento para os servidores da administra\u00e7\u00e3o indireta. At\u00e9 o dia 10, aposentados e pensionistas tamb\u00e9m receber\u00e3o. Fizemos um grande esfor\u00e7o e sacrif\u00edcio e tudo que era poss\u00edvel para pagar o d\u00e9cimo terceiro deixado pela gest\u00e3o anterior. Ficou marcada uma nova reuni\u00e3o para o dia 20, quando apresentaremos o nosso plano de enfrentamento da quest\u00e3o salarial\u201d, explicou o prefeito.<\/p>\n<p style=\"text-align: justify;\">\n<p style=\"text-align: justify;\">Edvaldo chama a aten\u00e7\u00e3o para o fato de que, al\u00e9m de arcar com o pagamento das folhas salariais referentes ao ano que se inicia, ele ter\u00e1 que regularizar os vencimentos de dezembro e o d\u00e9cimo terceiro. \u201cO pagamento de dezembro e o pagamento do d\u00e9cimo terceiro, que deveriam ter sido feitos pelo ex-prefeito, n\u00e3o se concretizou. Somam-se a isso os d\u00e9bitos deixadas com fornecedores. Os dados nos revelam uma d\u00edvida de mais de R$ 500 milh\u00f5es. Mas n\u00f3s vamos fazer muitos cortes de gastos, para regularizar o pagamento dos sal\u00e1rios no tempo mais r\u00e1pido poss\u00edvel\u201d, ressaltou.<\/p>\n<p style=\"text-align: justify;\">\n<p style=\"text-align: justify;\">O prefeito explicou ainda que a reuni\u00e3o com os sindicatos na manh\u00e3 desta ter\u00e7a foi tamb\u00e9m a oportunidade de pedir um \u201cvoto de confian\u00e7a\u201d. \u201cVamos voltar a pagar dentro do m\u00eas, mas isto levar\u00e1 um tempo, pois a situa\u00e7\u00e3o deixada pelo ex-prefeito \u00e9 dif\u00edcil. Mas nossa equipe est\u00e1 focada nisso. A reuni\u00e3o foi boa, o clima foi positivo. Pedi um voto de confian\u00e7a dos servidores\u201d, disse. &#8220;O que a gente espera dos servidores \u00e9 compreens\u00e3o do esfor\u00e7o que estamos fazendo, da boa vontade desta gest\u00e3o. A despesa contratada pelo prefeito anterior \u00e9 muito maior do que a receita&#8221;, complementou o secret\u00e1rio Jefferson Passos.<\/p>\n<p>&nbsp;<\/p>\n<p><strong>Sindicatos<\/strong><\/p>\n<p>&nbsp;<\/p>\n<p style=\"text-align: justify;\">A presidente do Sindicato dos Enfermeiros do Estado, Sheila Morales, afirmou que ficou satisfeita com o an\u00fancio feito pelo prefeito. \u201cA gente v\u00ea com bons olhos e satisfa\u00e7\u00e3o esta acolhida do prefeito com os sindicatos. Era uma demanda que a gente tinha. Essa aus\u00eancia de di\u00e1logo na figura da gest\u00e3o anterior era dif\u00edcil. O prefeito passado nunca se reuniu com os sindicatos. E hoje essa abertura de di\u00e1logo acalma os trabalhadores e abre um canal de negocia\u00e7\u00e3o e di\u00e1logo saud\u00e1vel. No segundo dia em que ele colocou os p\u00e9s na prefeitura e ainda est\u00e1 se apropriando da situa\u00e7\u00e3o j\u00e1 abrir o di\u00e1logo de forma franca e dar a garantia do pagamento do d\u00e9cimo terceiro \u00e9 motivo de imensa satisfa\u00e7\u00e3o\u201d, ressaltou.<\/p>\n<p style=\"text-align: justify;\">\n<p style=\"text-align: justify;\">O presidente do Sindicato dos Trabalhadores na \u00c1rea da Sa\u00fade do Estado de Sergipe (Sintasa), Augusto Couto, considerou o an\u00fancio como \u201cpositivo\u201d. \u201cA categoria buscava saber do d\u00e9cimo terceiro que prefeito anterior deixou. Edvaldo, j\u00e1 no segundo dia, nos convidou para conversar, algo que o anterior nunca fez\u201d, refor\u00e7ou.<\/p>\n<p style=\"text-align: justify;\"><img loading=\"lazy\" decoding=\"async\" class=\"aligncenter size-full wp-image-98981\" src=\"http:\/\/senoticias.com.br\/se\/wp-content\/uploads\/2016\/12\/Logo-fone-1-2-1-2.jpg\" alt=\"logo-fone-1-2-1\" width=\"599\" height=\"78\" srcset=\"https:\/\/senoticias.com.br\/se\/wp-content\/uploads\/2016\/12\/Logo-fone-1-2-1-2.jpg 599w, https:\/\/senoticias.com.br\/se\/wp-content\/uploads\/2016\/12\/Logo-fone-1-2-1-2-300x39.jpg 300w\" sizes=\"(max-width: 599px) 100vw, 599px\" \/><\/p>\n<p style=\"text-align: justify;\"><em><strong>Acompanhe tamb\u00e9m o SE Not\u00edcias no<\/strong><strong>\u00a0<\/strong><strong><a href=\"https:\/\/twitter.com\/Senoticias\">Twitter<\/a>,<\/strong><strong>\u00a0<\/strong><strong><a href=\"https:\/\/www.facebook.com\/senoticias1\">Facebook<\/a><\/strong><strong>\u00a0<\/strong><strong>e no<\/strong><a href=\"https:\/\/www.instagram.com\/senoticias\/\"><strong>\u00a0<\/strong><strong>Instagram<\/strong><\/a><\/em><\/p>\n<p style=\"text-align: justify;\"><em>Ascom\/Prefeitura de Aracaju<\/em><\/p>\n","protected":false},"excerpt":{"rendered":"<p>O prefeito de Aracaju, Edvaldo Nogueira, anunciou que a prefeitura realizar\u00e1, nesta ter\u00e7a-feira (3), o pagamento integral do d\u00e9cimo terceiro sal\u00e1rio dos servidores da administra\u00e7\u00e3o direta e iniciar\u00e1 o pagamento do benef\u00edcio para a administra\u00e7\u00e3o indireta. Ele ainda informou que at\u00e9 o dia 10, aposentados e pensionistas tamb\u00e9m receber\u00e3o o recurso. No pr\u00f3ximo dia 20, [&hellip;]<\/p>\n","protected":false},"author":2,"featured_media":99151,"comment_status":"closed","ping_status":"closed","sticky":false,"template":"","format":"standard","meta":{"footnotes":""},"categories":[15],"tags":[1857,1434,1858],"class_list":{"0":"post-99149","1":"post","2":"type-post","3":"status-publish","4":"format-standard","5":"has-post-thumbnail","7":"category-destaques","8":"tag-edvaldo-nogueira-anuncia-pagamentos-de-salario-em-atraso","9":"tag-edvaldo-prefeito","10":"tag-edvaldo-se-reune-com-sindicalistas-e-anuncia-pagamento"},"_links":{"self":[{"href":"https:\/\/senoticias.com.br\/se\/wp-json\/wp\/v2\/posts\/99149"}],"collection":[{"href":"https:\/\/senoticias.com.br\/se\/wp-json\/wp\/v2\/posts"}],"about":[{"href":"https:\/\/senoticias.com.br\/se\/wp-json\/wp\/v2\/types\/post"}],"author":[{"embeddable":true,"href":"https:\/\/senoticias.com.br\/se\/wp-json\/wp\/v2\/users\/2"}],"replies":[{"embeddable":true,"href":"https:\/\/senoticias.com.br\/se\/wp-json\/wp\/v2\/comments?post=99149"}],"version-history":[{"count":0,"href":"https:\/\/senoticias.com.br\/se\/wp-json\/wp\/v2\/posts\/99149\/revisions"}],"wp:featuredmedia":[{"embeddable":true,"href":"https:\/\/senoticias.com.br\/se\/wp-json\/wp\/v2\/media\/99151"}],"wp:attachment":[{"href":"https:\/\/senoticias.com.br\/se\/wp-json\/wp\/v2\/media?parent=99149"}],"wp:term":[{"taxonomy":"category","embeddable":true,"href":"https:\/\/senoticias.com.br\/se\/wp-json\/wp\/v2\/categories?post=99149"},{"taxonomy":"post_tag","embeddable":true,"href":"https:\/\/senoticias.com.br\/se\/wp-json\/wp\/v2\/tags?post=99149"}],"curies":[{"name":"wp","href":"https:\/\/api.w.org\/{rel}","templated":true}]}}