{"id":99146,"date":"2017-01-03T09:55:26","date_gmt":"2017-01-03T12:55:26","guid":{"rendered":"http:\/\/senoticias.com.br\/se\/?p=99146"},"modified":"2017-01-03T09:55:26","modified_gmt":"2017-01-03T12:55:26","slug":"luciano-pimentel-sauda-novos-prefeitos-e-vices-torcendo-por-um-novo-tempo","status":"publish","type":"post","link":"https:\/\/senoticias.com.br\/se\/luciano-pimentel-sauda-novos-prefeitos-e-vices-torcendo-por-um-novo-tempo\/","title":{"rendered":"Luciano Pimentel sa\u00fada novos prefeitos e vices, torcendo por um novo tempo"},"content":{"rendered":"<p style=\"text-align: justify\">Atento \u00e0 natural mudan\u00e7a na configura\u00e7\u00e3o pol\u00edtica de Sergipe a partir deste 1\u00ba de janeiro, quando foram empossados 75 novos prefeitos, 75 vices, 788 vereadores sergipanos e uma nova leva de secret\u00e1rios e diretores de \u00f3rg\u00e3os p\u00fablicos, o deputado estadual Luciano Pimentel, PSB, se admitiu convencido de que um novo tempo se abre nas perspectivas pol\u00edticas e administrativas municipais, com repercuss\u00e3o na vida das pessoas.<\/p>\n<div id=\"attachment_99147\" style=\"width: 590px\" class=\"wp-caption aligncenter\"><a href=\"http:\/\/senoticias.com.br\/se\/wp-content\/uploads\/2017\/01\/luciano-Pimentel-SE-Noticias-e1483448090512.jpg\"><img loading=\"lazy\" decoding=\"async\" aria-describedby=\"caption-attachment-99147\" class=\"size-full wp-image-99147\" src=\"http:\/\/senoticias.com.br\/se\/wp-content\/uploads\/2017\/01\/luciano-Pimentel-SE-Noticias-e1483448090512.jpg\" alt=\"Foto: Arquivo Alese\" width=\"580\" height=\"385\" \/><\/a><p id=\"caption-attachment-99147\" class=\"wp-caption-text\">Foto: Arquivo Alese<\/p><\/div>\n<p style=\"text-align: justify\">\u201c\u00c9 meu dever como um cidad\u00e3o que quer o bem de Sergipe, e \u00e9 minha obriga\u00e7\u00e3o de of\u00edcio como deputado estadual, torcer e pedir a Deus para que esses mais de mil cidad\u00e3os que assumiram um espa\u00e7o na cena pol\u00edtica efetivamente a partir desse 1\u00ba de janeiro desempenhem um bom papel em favor da coletividade. E aqui o fa\u00e7o independentemente de sigla partid\u00e1ria \u00e0 qual cada um perten\u00e7a\u201d, diz Luciano Pimentel.<\/p>\n<p style=\"text-align: justify\">Para o deputado estadual Luciano Pimentel, \u201co momento dif\u00edcil pelo qual passa o Brasil\u201d vai exigir dos gestores p\u00fablicos eleitos pelo voto popular e dos seus auxiliares indicados para primeiro e segundo escal\u00e3o das gest\u00f5es \u201cmais criatividade, mais equidade e mais comprometimento\u201d diante da coisa p\u00fablica. \u201cMas estou confiante de que tudo que aconteceu ao Brasil nestes \u00faltimos cinco anos tenha servido como exemplo para que todos tragam as gest\u00f5es p\u00fablicas sob r\u00e9deas mais justas, mais racionais e, ao fim, mais socialmente servidoras dos bons princ\u00edpios p\u00fablicos\u201d, diz o parlamentar.<\/p>\n<p style=\"text-align: justify\"><b>\u201cHomens e mulheres expressivos\u201d<\/b><\/p>\n<p style=\"text-align: justify\">Com muitos amigos, aliados e boas rela\u00e7\u00f5es pol\u00edticas em grande parte dos 75 munic\u00edpios sergipanos, Luciano Pimentel \u201cmarcou presen\u00e7a\u201d em alguns dos atos de posse deste domingo, 1\u00ba de janeiro. \u201cInfelizmente, o dia \u00e9 curto e as dist\u00e2ncias s\u00e3o longas. Mas estive presente em um bom n\u00famero de eventos neste dia, seja na posse, nas missas ou na transmiss\u00e3o dos cargos\u201d, diz o deputado. Em muitos munic\u00edpios sergipanos, Luciano Pimentel teve aliados eleitos prefeito, vice ou vereador.<\/p>\n<p style=\"text-align: justify\">Em Graccho Cardoso, por exemplo, ele viu reconduzido ao mandato de prefeito Cassinho da Quixabeira, PSB, com quem mant\u00e9m uma respeit\u00e1vel parceria pol\u00edtica desde 2014. \u201cO Cassinho \u00e9 um excelente gestor e uma pessoa p\u00fablica de invej\u00e1vel conduta, o que lhe garantiu a recondu\u00e7\u00e3o ao posto de prefeito\u201d, diz Pimentel. Ele foi \u00e0 posse de Cassinho. Em mais quatro outros munic\u00edpios estrat\u00e9gicos de Sergipe, Luciano Pimentel teve aliados eleitos prefeitos, como em Carira, com Arodoaldo Chagas, o Neg\u00e3o, SD \u2013 que j\u00e1 foi prefeito antes; em Propri\u00e1, com Iokanaan Santana, PSB;em Siriri, com Z\u00e9 Rosa, PSB, e Monte Alegre, com Marinez Silva Pereira Lino, a Nena de Luciano, PRB \u2013 ele foi a estas \u00faltimas tr\u00eas posses.<\/p>\n<p style=\"text-align: justify\">\u201cS\u00e3o homens e mulheres expressivos. O Iokanaan \u00e9 uma figura humana simples, que fez uma campanha franciscana, mas \u00e9 determinado. Neg\u00e3o traz a marca da experi\u00eancia, enfrentou uma elei\u00e7\u00e3o dura, e venceu um concorrente que estava no poder. Carira estar\u00e1 em boas m\u00e3os. Z\u00e9 Rosa \u00e9 um cidad\u00e3o decente, bem-sucedido na vida pessoal e tem planos que v\u00e3o surpreender a cidade de Siriri. Em Monte Alegre, uma dupla de mulher \u2013 Nena e Valdirene \u2013 venceu as for\u00e7as que mandavam na cidade e tem um projeto bel\u00edssimo para o munic\u00edpio\u201d, analisa Luciano Pimentel.<\/p>\n<p style=\"text-align: justify\"><strong>\u00a0Amigos<\/strong><\/p>\n<p style=\"text-align: justify\">Na cidade de Maruim, em cuja elei\u00e7\u00e3o Luciano Pimentel se envolveu muito, o vice-prefeito Simizinho \u2013 Simi\u00e3o Ferreira Lemos Filho \u2013 \u00e9 do PSB. Ele disputou a Prefeitura em 2012, perdeu, mas agora em 2016 fez uma alian\u00e7a com o prefeito Jeferson Santana do PMDB. \u201cO Simizinho \u00e9 um empreendedor, ama Maruim e vai ser muito \u00fatil \u00e0 cidade nestes quatro anos\u201d, diz Luciano. Em mais da metade dos munic\u00edpios sergipanos, Luciano Pimentel teve amigos e aliados eleitos para as C\u00e2maras Municipais.<\/p>\n<p style=\"text-align: justify\">O parlamentar reconhece o papel do legislador municipal como de muita import\u00e2ncia no aux\u00edlio e na vig\u00edlia aos Executivos e no atendimento mais direto \u00e0s demandas dos cidad\u00e3os. \u201cO vereador \u00e9 um pol\u00edtico de muita resolutividade frente \u00e0s car\u00eancias das pessoas. \u00c9 imposs\u00edvel fazer pol\u00edtica sem a\u00e7\u00e3o deles, e eu sou muito grato aos que comigo se somam no dia a dia das demandas dos munic\u00edpios\u201d, diz o deputado. Simbolizando estes aliados dos legislativos, municipais Luciano esteve na posse de Silvana do Sindicato, vereadora aliada em Feira Nova, que se elegeu no domingo presidente da C\u00e2mara.<\/p>\n<p style=\"text-align: justify\">Para o parlamentar Luciano Pimentel, esse dia 1\u00ba de janeiro n\u00e3o deve evocar somente os vitoriosos de outubro do ano passado. \u201cHouve grandes companheiros e bons agrupamentos que n\u00e3o lograram \u00eaxito nas elei\u00e7\u00f5es, mas que t\u00eam uma import\u00e2ncia muito significativa na vig\u00edlia pol\u00edtica dos munic\u00edpios, na nossa rela\u00e7\u00e3o pol\u00edtica, nos nossos projetos de futuro\u201d, diz ele.<\/p>\n<p style=\"text-align: justify\">\u201cEu destaco aqui os casos de Valadares Filho, em Aracaju. Pelo desempenho, pela visibilidade que alcan\u00e7ou, ele ter\u00e1 um papel fundamental na pol\u00edtica estadual. Eu ressalto o caso de Thiago D\u00f3ria e Toinho de Dorinha, em Po\u00e7o Verde. Do jovem e promissor Cristiano Viana, que saiu da elei\u00e7\u00e3o de Sim\u00e3o Dias com uma enorme for\u00e7a. De Cabelinho, em Divina Pastora; de Eri, em Cumbe; de Domingo de Gonzaga, em Pedrinhas e de Faustinho Sobral, em Itaporanga. S\u00e3o pessoas que com as quais contamos e que podem contar conosco na jornada futura\u201d, diz Luciano Pimentel.<\/p>\n<p style=\"line-height: 14.25pt\"><strong><span style=\"font-size: 10.0pt;font-family: 'Georgia','serif';color: #333333\">Acompanhe tamb\u00e9m o SE Not\u00edcias no<\/span><\/strong><span class=\"apple-converted-space\"><b><span style=\"font-size: 10.0pt;font-family: 'Georgia','serif';color: #333333\">\u00a0<\/span><\/b><\/span><strong><span style=\"font-size: 10.0pt;font-family: 'Georgia','serif';color: #333333\"><a href=\"https:\/\/twitter.com\/Senoticias\" target=\"_blank\">Twitter<\/a>,<\/span><\/strong><span class=\"apple-converted-space\"><b><span style=\"font-size: 10.0pt;font-family: 'Georgia','serif';color: #333333\">\u00a0<\/span><\/b><\/span><strong><span style=\"font-size: 10.0pt;font-family: 'Georgia','serif';color: #333333\"><a href=\"https:\/\/www.facebook.com\/senoticias1\" target=\"_blank\">Facebook<span class=\"apple-converted-space\"><span style=\"color: windowtext;text-decoration: none\">\u00a0<\/span><\/span><\/a>e no<\/span><\/strong><span class=\"apple-converted-space\"><b><span style=\"font-size: 10.0pt;font-family: 'Georgia','serif';color: #333333\">\u00a0<\/span><\/b><\/span><strong><span style=\"font-size: 10.0pt;font-family: 'Georgia','serif';color: #333333\"><a href=\"https:\/\/www.instagram.com\/senoticias\/\" target=\"_blank\">Instagram<\/a>.<\/span><\/strong><\/p>\n<p style=\"line-height: 14.25pt\"><a href=\"http:\/\/senoticias.com.br\/se\/wp-content\/uploads\/2016\/12\/Logo-fone-1-2-1-2.jpg\"><img loading=\"lazy\" decoding=\"async\" class=\"aligncenter size-full wp-image-98981\" src=\"http:\/\/senoticias.com.br\/se\/wp-content\/uploads\/2016\/12\/Logo-fone-1-2-1-2.jpg\" alt=\"logo-fone-1-2-1\" width=\"599\" height=\"78\" srcset=\"https:\/\/senoticias.com.br\/se\/wp-content\/uploads\/2016\/12\/Logo-fone-1-2-1-2.jpg 599w, https:\/\/senoticias.com.br\/se\/wp-content\/uploads\/2016\/12\/Logo-fone-1-2-1-2-300x39.jpg 300w\" sizes=\"(max-width: 599px) 100vw, 599px\" \/><\/a><\/p>\n<p style=\"line-height: 14.25pt\">Por Assessoria Parlamentar<\/p>\n","protected":false},"excerpt":{"rendered":"<p>Atento \u00e0 natural mudan\u00e7a na configura\u00e7\u00e3o pol\u00edtica de Sergipe a partir deste 1\u00ba de janeiro, quando foram empossados 75 novos prefeitos, 75 vices, 788 vereadores sergipanos e uma nova leva de secret\u00e1rios e diretores de \u00f3rg\u00e3os p\u00fablicos, o deputado estadual Luciano Pimentel, PSB, se admitiu convencido de que um novo tempo se abre nas perspectivas [&hellip;]<\/p>\n","protected":false},"author":5618,"featured_media":99147,"comment_status":"closed","ping_status":"closed","sticky":false,"template":"","format":"standard","meta":{"footnotes":""},"categories":[6],"tags":[1855,1856],"class_list":{"0":"post-99146","1":"post","2":"type-post","3":"status-publish","4":"format-standard","5":"has-post-thumbnail","7":"category-politica","8":"tag-luciano-pimentel-sauda-novos-prefeitos-e-vices","9":"tag-torcendo-por-um-novo-tempo"},"_links":{"self":[{"href":"https:\/\/senoticias.com.br\/se\/wp-json\/wp\/v2\/posts\/99146"}],"collection":[{"href":"https:\/\/senoticias.com.br\/se\/wp-json\/wp\/v2\/posts"}],"about":[{"href":"https:\/\/senoticias.com.br\/se\/wp-json\/wp\/v2\/types\/post"}],"author":[{"embeddable":true,"href":"https:\/\/senoticias.com.br\/se\/wp-json\/wp\/v2\/users\/5618"}],"replies":[{"embeddable":true,"href":"https:\/\/senoticias.com.br\/se\/wp-json\/wp\/v2\/comments?post=99146"}],"version-history":[{"count":0,"href":"https:\/\/senoticias.com.br\/se\/wp-json\/wp\/v2\/posts\/99146\/revisions"}],"wp:featuredmedia":[{"embeddable":true,"href":"https:\/\/senoticias.com.br\/se\/wp-json\/wp\/v2\/media\/99147"}],"wp:attachment":[{"href":"https:\/\/senoticias.com.br\/se\/wp-json\/wp\/v2\/media?parent=99146"}],"wp:term":[{"taxonomy":"category","embeddable":true,"href":"https:\/\/senoticias.com.br\/se\/wp-json\/wp\/v2\/categories?post=99146"},{"taxonomy":"post_tag","embeddable":true,"href":"https:\/\/senoticias.com.br\/se\/wp-json\/wp\/v2\/tags?post=99146"}],"curies":[{"name":"wp","href":"https:\/\/api.w.org\/{rel}","templated":true}]}}