{"id":99144,"date":"2017-01-03T09:29:38","date_gmt":"2017-01-03T12:29:38","guid":{"rendered":"http:\/\/senoticias.com.br\/se\/?p=99144"},"modified":"2017-01-03T15:20:55","modified_gmt":"2017-01-03T18:20:55","slug":"homem-sofre-infarto-dentro-de-aeronave-em-aracaju","status":"publish","type":"post","link":"https:\/\/senoticias.com.br\/se\/homem-sofre-infarto-dentro-de-aeronave-em-aracaju\/","title":{"rendered":"Homem sofre infarto dentro de aeronave em Aracaju"},"content":{"rendered":"<p style=\"text-align: justify;\">Na tarde desta segunda-feira (2) o passageiro Jos\u00e9 Cirilo Santos de 65 anos morreu ap\u00f3s passar mal dentro de um voo da Avianca, no Aeroporto Santa Maria, em Aracaju.<\/p>\n<div id=\"attachment_96353\" style=\"width: 610px\" class=\"wp-caption aligncenter\"><a href=\"http:\/\/senoticias.com.br\/se\/wp-content\/uploads\/2016\/09\/Aviaca-Brasil-SE-Noticias.jpg\"><img loading=\"lazy\" decoding=\"async\" aria-describedby=\"caption-attachment-96353\" class=\"size-full wp-image-96353\" src=\"http:\/\/senoticias.com.br\/se\/wp-content\/uploads\/2016\/09\/Aviaca-Brasil-SE-Noticias.jpg\" alt=\"(Foto: Divulga\u00e7\u00e3o)\" width=\"600\" height=\"375\" srcset=\"https:\/\/senoticias.com.br\/se\/wp-content\/uploads\/2016\/09\/Aviaca-Brasil-SE-Noticias.jpg 600w, https:\/\/senoticias.com.br\/se\/wp-content\/uploads\/2016\/09\/Aviaca-Brasil-SE-Noticias-300x188.jpg 300w, https:\/\/senoticias.com.br\/se\/wp-content\/uploads\/2016\/09\/Aviaca-Brasil-SE-Noticias-120x76.jpg 120w, https:\/\/senoticias.com.br\/se\/wp-content\/uploads\/2016\/09\/Aviaca-Brasil-SE-Noticias-308x192.jpg 308w, https:\/\/senoticias.com.br\/se\/wp-content\/uploads\/2016\/09\/Aviaca-Brasil-SE-Noticias-610x380.jpg 610w\" sizes=\"(max-width: 600px) 100vw, 600px\" \/><\/a><p id=\"caption-attachment-96353\" class=\"wp-caption-text\">(Foto: Divulga\u00e7\u00e3o)<\/p><\/div>\n<p style=\"text-align: justify;\">Segundo a esposa do passageiro, Maria Jos\u00e9 Cirilo, ele sofreu um infarto antes da decolagem e foi socorrido e encaminhado para a Unidade de Pronto Atendimento Fernando Franco, mas n\u00e3o resistiu e morreu.<\/p>\n<p>Ainda de acordo com ela, o casal estava a passeio na capital sergipana e voltava para o Paran\u00e1.<\/p>\n<p>Atrav\u00e9s de nota a Avianca confirmou que o cliente passou mal logo ap\u00f3s embarcar no voo 6223 (Aracaju-Bras\u00edlia), esta tarde. Chegou a ser socorrido por m\u00e9dicos dentro da aeronave, foi desembarcado e encaminhado ao hospital, quando foi constatado o \u00f3bito.\u00a0 A Avianca, informou ainda que prestar\u00e1 todo o apoio necess\u00e1rio.<\/p>\n<p style=\"line-height: 14.25pt;\"><strong><span style=\"font-size: 10.0pt; font-family: 'Georgia','serif'; color: #333333;\">Acompanhe tamb\u00e9m o SE Not\u00edcias no<\/span><\/strong><span class=\"apple-converted-space\"><b><span style=\"font-size: 10.0pt; font-family: 'Georgia','serif'; color: #333333;\">\u00a0<\/span><\/b><\/span><strong><span style=\"font-size: 10.0pt; font-family: 'Georgia','serif'; color: #333333;\"><a href=\"https:\/\/twitter.com\/Senoticias\" target=\"_blank\">Twitter<\/a>,<\/span><\/strong><span class=\"apple-converted-space\"><b><span style=\"font-size: 10.0pt; font-family: 'Georgia','serif'; color: #333333;\">\u00a0<\/span><\/b><\/span><strong><span style=\"font-size: 10.0pt; font-family: 'Georgia','serif'; color: #333333;\"><a href=\"https:\/\/www.facebook.com\/senoticias1\" target=\"_blank\">Facebook<span class=\"apple-converted-space\"><span style=\"color: windowtext; text-decoration: none;\">\u00a0<\/span><\/span><\/a>e no<\/span><\/strong><span class=\"apple-converted-space\"><b><span style=\"font-size: 10.0pt; font-family: 'Georgia','serif'; color: #333333;\">\u00a0<\/span><\/b><\/span><strong><span style=\"font-size: 10.0pt; font-family: 'Georgia','serif'; color: #333333;\"><a href=\"https:\/\/www.instagram.com\/senoticias\/\" target=\"_blank\">Instagram<\/a>.<\/span><\/strong><\/p>\n<p style=\"line-height: 14.25pt;\"><a href=\"http:\/\/senoticias.com.br\/se\/wp-content\/uploads\/2016\/12\/Logo-fone-1-2-1-1.jpg\"><img loading=\"lazy\" decoding=\"async\" class=\"aligncenter size-full wp-image-98826\" src=\"http:\/\/senoticias.com.br\/se\/wp-content\/uploads\/2016\/12\/Logo-fone-1-2-1-1.jpg\" alt=\"logo-fone-1-2-1\" width=\"599\" height=\"78\" srcset=\"https:\/\/senoticias.com.br\/se\/wp-content\/uploads\/2016\/12\/Logo-fone-1-2-1-1.jpg 599w, https:\/\/senoticias.com.br\/se\/wp-content\/uploads\/2016\/12\/Logo-fone-1-2-1-1-300x39.jpg 300w\" sizes=\"(max-width: 599px) 100vw, 599px\" \/><\/a><\/p>\n<p style=\"line-height: 14.25pt;\">Do G1 SE.<\/p>\n","protected":false},"excerpt":{"rendered":"<p>Na tarde desta segunda-feira (2) o passageiro Jos\u00e9 Cirilo Santos de 65 anos morreu ap\u00f3s passar mal dentro de um voo da Avianca, no Aeroporto Santa Maria, em Aracaju. Segundo a esposa do passageiro, Maria Jos\u00e9 Cirilo, ele sofreu um infarto antes da decolagem e foi socorrido e encaminhado para a Unidade de Pronto Atendimento [&hellip;]<\/p>\n","protected":false},"author":5618,"featured_media":89998,"comment_status":"closed","ping_status":"closed","sticky":false,"template":"","format":"standard","meta":{"footnotes":""},"categories":[7],"tags":[1852],"class_list":{"0":"post-99144","1":"post","2":"type-post","3":"status-publish","4":"format-standard","5":"has-post-thumbnail","7":"category-policia","8":"tag-homem-sofre-infarto-dentro-de-aeronave-em-aracaju"},"_links":{"self":[{"href":"https:\/\/senoticias.com.br\/se\/wp-json\/wp\/v2\/posts\/99144"}],"collection":[{"href":"https:\/\/senoticias.com.br\/se\/wp-json\/wp\/v2\/posts"}],"about":[{"href":"https:\/\/senoticias.com.br\/se\/wp-json\/wp\/v2\/types\/post"}],"author":[{"embeddable":true,"href":"https:\/\/senoticias.com.br\/se\/wp-json\/wp\/v2\/users\/5618"}],"replies":[{"embeddable":true,"href":"https:\/\/senoticias.com.br\/se\/wp-json\/wp\/v2\/comments?post=99144"}],"version-history":[{"count":0,"href":"https:\/\/senoticias.com.br\/se\/wp-json\/wp\/v2\/posts\/99144\/revisions"}],"wp:featuredmedia":[{"embeddable":true,"href":"https:\/\/senoticias.com.br\/se\/wp-json\/wp\/v2\/media\/89998"}],"wp:attachment":[{"href":"https:\/\/senoticias.com.br\/se\/wp-json\/wp\/v2\/media?parent=99144"}],"wp:term":[{"taxonomy":"category","embeddable":true,"href":"https:\/\/senoticias.com.br\/se\/wp-json\/wp\/v2\/categories?post=99144"},{"taxonomy":"post_tag","embeddable":true,"href":"https:\/\/senoticias.com.br\/se\/wp-json\/wp\/v2\/tags?post=99144"}],"curies":[{"name":"wp","href":"https:\/\/api.w.org\/{rel}","templated":true}]}}