{"id":99143,"date":"2017-01-03T09:16:43","date_gmt":"2017-01-03T12:16:43","guid":{"rendered":"http:\/\/senoticias.com.br\/se\/?p=99143"},"modified":"2017-01-03T15:21:32","modified_gmt":"2017-01-03T18:21:32","slug":"ipva-com-desconto-pode-ser-pago-separado-do-licenciamento","status":"publish","type":"post","link":"https:\/\/senoticias.com.br\/se\/ipva-com-desconto-pode-ser-pago-separado-do-licenciamento\/","title":{"rendered":"IPVA com desconto pode ser pago separado do licenciamento"},"content":{"rendered":"<p style=\"text-align: justify;\">O pagamento do Imposto sobre a Propriedade de Ve\u00edculos Automotores (IPVA) com desconto de 10% poder\u00e1 ser feito independente do licenciamento anual, que \u00e9 recolhido separadamente em Documento \u00danico de Arrecada\u00e7\u00e3o (DUA) do Departamento Estadual do Tr\u00e2nsito (Detran).<\/p>\n<div id=\"attachment_28937\" style=\"width: 590px\" class=\"wp-caption aligncenter\"><a href=\"http:\/\/senoticias.com.br\/se\/wp-content\/uploads\/2012\/04\/noticia_imagem_database.asp_.jpg\"><img loading=\"lazy\" decoding=\"async\" aria-describedby=\"caption-attachment-28937\" class=\"wp-image-28937\" src=\"http:\/\/senoticias.com.br\/se\/wp-content\/uploads\/2012\/04\/noticia_imagem_database.asp_.jpg\" alt=\"Detran\/SE \u2013 inaugurou na manh\u00e3 desta segunda-feira, 02, mais uma unidade de atendimento.\" width=\"580\" height=\"387\" srcset=\"https:\/\/senoticias.com.br\/se\/wp-content\/uploads\/2012\/04\/noticia_imagem_database.asp_.jpg 760w, https:\/\/senoticias.com.br\/se\/wp-content\/uploads\/2012\/04\/noticia_imagem_database.asp_-300x200.jpg 300w, https:\/\/senoticias.com.br\/se\/wp-content\/uploads\/2012\/04\/noticia_imagem_database.asp_-342x228.jpg 342w\" sizes=\"(max-width: 580px) 100vw, 580px\" \/><\/a><p id=\"caption-attachment-28937\" class=\"wp-caption-text\">Detran\/SE<\/p><\/div>\n<p style=\"text-align: justify;\">Para fazer o pagamento apenas do IPVA, os propriet\u00e1rios de ve\u00edculos podem acessar o site da Secretaria de Estado da Fazenda (Sefaz), clicar em \u2018Servi\u00e7os\u2019 e escolher a op\u00e7\u00e3o \u2018IPVA\/DAE\u2019.<br \/>\nO propriet\u00e1rio tamb\u00e9m pode procurar as centrais de atendimento da secretaria na capital ou no interior e emitir o DAE. O pagamento separado pode ser feito de 1\u00ba a 31 de janeiro de 2017.<br \/>\n\u201cDificuldades do Denatran em rela\u00e7\u00e3o ao Seguro DPVAT atrapalhou neste final de ano a emiss\u00e3o do DUA por parte do Detran em Sergipe. Para garantir o desconto de 10% a todos que desejem pagar com antecipa\u00e7\u00e3o, a Sefaz orienta para acesso ao documento de pagamento do IPVA independente do licenciamento\u201d, explicou a coordenadora de IPVA da Sefaz, Rosa Am\u00e9lia G. Souza.<\/p>\n<p style=\"line-height: 14.25pt;\"><strong><span style=\"font-size: 10.0pt; font-family: 'Georgia','serif'; color: #333333;\">Acompanhe tamb\u00e9m o SE Not\u00edcias no<\/span><\/strong><span class=\"apple-converted-space\"><b><span style=\"font-size: 10.0pt; font-family: 'Georgia','serif'; color: #333333;\">\u00a0<\/span><\/b><\/span><strong><span style=\"font-size: 10.0pt; font-family: 'Georgia','serif'; color: #333333;\"><a href=\"https:\/\/twitter.com\/Senoticias\" target=\"_blank\">Twitter<\/a>,<\/span><\/strong><span class=\"apple-converted-space\"><b><span style=\"font-size: 10.0pt; font-family: 'Georgia','serif'; color: #333333;\">\u00a0<\/span><\/b><\/span><strong><span style=\"font-size: 10.0pt; font-family: 'Georgia','serif'; color: #333333;\"><a href=\"https:\/\/www.facebook.com\/senoticias1\" target=\"_blank\">Facebook<span class=\"apple-converted-space\"><span style=\"color: windowtext; text-decoration: none;\">\u00a0<\/span><\/span><\/a>e no<\/span><\/strong><span class=\"apple-converted-space\"><b><span style=\"font-size: 10.0pt; font-family: 'Georgia','serif'; color: #333333;\">\u00a0<\/span><\/b><\/span><strong><span style=\"font-size: 10.0pt; font-family: 'Georgia','serif'; color: #333333;\"><a href=\"https:\/\/www.instagram.com\/senoticias\/\" target=\"_blank\">Instagram<\/a>.<\/span><\/strong><\/p>\n<p style=\"line-height: 14.25pt;\"><a href=\"http:\/\/senoticias.com.br\/se\/wp-content\/uploads\/2016\/12\/Logo-fone-1-2-1-2.jpg\"><img loading=\"lazy\" decoding=\"async\" class=\"aligncenter size-full wp-image-98981\" src=\"http:\/\/senoticias.com.br\/se\/wp-content\/uploads\/2016\/12\/Logo-fone-1-2-1-2.jpg\" alt=\"logo-fone-1-2-1\" width=\"599\" height=\"78\" srcset=\"https:\/\/senoticias.com.br\/se\/wp-content\/uploads\/2016\/12\/Logo-fone-1-2-1-2.jpg 599w, https:\/\/senoticias.com.br\/se\/wp-content\/uploads\/2016\/12\/Logo-fone-1-2-1-2-300x39.jpg 300w\" sizes=\"(max-width: 599px) 100vw, 599px\" \/><\/a><\/p>\n<p style=\"line-height: 14.25pt;\">Do G1 SE.<\/p>\n","protected":false},"excerpt":{"rendered":"<p>O pagamento do Imposto sobre a Propriedade de Ve\u00edculos Automotores (IPVA) com desconto de 10% poder\u00e1 ser feito independente do licenciamento anual, que \u00e9 recolhido separadamente em Documento \u00danico de Arrecada\u00e7\u00e3o (DUA) do Departamento Estadual do Tr\u00e2nsito (Detran). Para fazer o pagamento apenas do IPVA, os propriet\u00e1rios de ve\u00edculos podem acessar o site da Secretaria [&hellip;]<\/p>\n","protected":false},"author":5618,"featured_media":28937,"comment_status":"closed","ping_status":"closed","sticky":false,"template":"","format":"standard","meta":{"footnotes":""},"categories":[6],"tags":[1851],"class_list":{"0":"post-99143","1":"post","2":"type-post","3":"status-publish","4":"format-standard","5":"has-post-thumbnail","7":"category-politica","8":"tag-ipva-com-desconto-pode-ser-pago-separado-do-licenciamento"},"_links":{"self":[{"href":"https:\/\/senoticias.com.br\/se\/wp-json\/wp\/v2\/posts\/99143"}],"collection":[{"href":"https:\/\/senoticias.com.br\/se\/wp-json\/wp\/v2\/posts"}],"about":[{"href":"https:\/\/senoticias.com.br\/se\/wp-json\/wp\/v2\/types\/post"}],"author":[{"embeddable":true,"href":"https:\/\/senoticias.com.br\/se\/wp-json\/wp\/v2\/users\/5618"}],"replies":[{"embeddable":true,"href":"https:\/\/senoticias.com.br\/se\/wp-json\/wp\/v2\/comments?post=99143"}],"version-history":[{"count":0,"href":"https:\/\/senoticias.com.br\/se\/wp-json\/wp\/v2\/posts\/99143\/revisions"}],"wp:featuredmedia":[{"embeddable":true,"href":"https:\/\/senoticias.com.br\/se\/wp-json\/wp\/v2\/media\/28937"}],"wp:attachment":[{"href":"https:\/\/senoticias.com.br\/se\/wp-json\/wp\/v2\/media?parent=99143"}],"wp:term":[{"taxonomy":"category","embeddable":true,"href":"https:\/\/senoticias.com.br\/se\/wp-json\/wp\/v2\/categories?post=99143"},{"taxonomy":"post_tag","embeddable":true,"href":"https:\/\/senoticias.com.br\/se\/wp-json\/wp\/v2\/tags?post=99143"}],"curies":[{"name":"wp","href":"https:\/\/api.w.org\/{rel}","templated":true}]}}