{"id":99141,"date":"2017-01-03T09:06:09","date_gmt":"2017-01-03T12:06:09","guid":{"rendered":"http:\/\/senoticias.com.br\/se\/?p=99141"},"modified":"2017-01-03T15:22:06","modified_gmt":"2017-01-03T18:22:06","slug":"inscricoes-para-o-pre-universitario-do-governo-do-estado-iniciam-dia-10-de-janeiro","status":"publish","type":"post","link":"https:\/\/senoticias.com.br\/se\/inscricoes-para-o-pre-universitario-do-governo-do-estado-iniciam-dia-10-de-janeiro\/","title":{"rendered":"Inscri\u00e7\u00f5es para o pr\u00e9-universit\u00e1rio do Governo do Estado iniciam dia 10 de janeiro"},"content":{"rendered":"<p style=\"text-align: justify;\">O Governo de Sergipe informa que as inscri\u00e7\u00f5es para os interessados em cursar o Pr\u00e9-Universit\u00e1rio da Secretaria de Estado da Educa\u00e7\u00e3o (Preuni &#8211; Seed) ser\u00e3o realizadas no per\u00edodo de 10 a 22 de janeiro de 2017, por meio do <a href=\"http:\/\/www.seed.se.gov.br\/concursos-selecoes_novo.asp\">endere\u00e7o eletr\u00f4nico da Seed<\/a>. A aplica\u00e7\u00e3o da prova acontecer\u00e1 no dia 5 de fevereiro de 2017.<\/p>\n<div id=\"attachment_99142\" style=\"width: 590px\" class=\"wp-caption aligncenter\"><a href=\"http:\/\/senoticias.com.br\/se\/wp-content\/uploads\/2017\/01\/pre-universitario-SEED-SE-Noticias-e1483445138903.jpeg\"><img loading=\"lazy\" decoding=\"async\" aria-describedby=\"caption-attachment-99142\" class=\"size-full wp-image-99142\" src=\"http:\/\/senoticias.com.br\/se\/wp-content\/uploads\/2017\/01\/pre-universitario-SEED-SE-Noticias-e1483445138903.jpeg\" alt=\"Inscri\u00e7\u00f5es v\u00e3o ser\u00e3o realizadas no per\u00edodo de 10 a 22 de janeiro de 2017\/ Imagem: Divulga\u00e7\u00e3o\/Seed \" width=\"580\" height=\"435\" \/><\/a><p id=\"caption-attachment-99142\" class=\"wp-caption-text\">Inscri\u00e7\u00f5es v\u00e3o ser\u00e3o realizadas no per\u00edodo de 10 a 22 de janeiro de 2017\/ Imagem: Divulga\u00e7\u00e3o\/Seed<\/p><\/div>\n<p style=\"text-align: justify;\">De acordo com o coordenador do Departamento de Apoio ao Sistema Educacional (Dase), F\u00e1bio Leite, a expectativa de inscri\u00e7\u00e3o \u00e9 superar 12 mil inscritos, marca registrada em 2016. &#8220;Estamos esperando superar os inscritos de 2016, quando atingimos 12 mil alunos no Preuni.\u00a0 As inscri\u00e7\u00f5es s\u00f3 ser\u00e3o feitas on-line e estamos preparando todos os polos do Estado para atender de forma satisfat\u00f3ria a crescente demanda&#8221;, afirmou o diretor.<\/p>\n<p style=\"text-align: justify;\">Em Sergipe, o pr\u00e9-universit\u00e1rio \u00e9 uma oportunidade para milhares de alunos que est\u00e3o cursando o 3\u00ba ano ou que j\u00e1 conclu\u00edram o ensino m\u00e9dio na rede p\u00fablica terem uma op\u00e7\u00e3o a mais no estudo preparat\u00f3rio para o n\u00edvel superior ou profissionalizante. S\u00e3o disponibilizados 44 polos do Pr\u00e9-universit\u00e1rio, 19 dos quais est\u00e3o instalados em Aracaju.<\/p>\n<p style=\"text-align: justify;\">Al\u00e9m de aulas presenciais, os cursistas t\u00eam o apoio de uma equipe de professores capacitada para o Preuni, al\u00e9m de aul\u00f5es nos finais de semana, oficinas de reda\u00e7\u00e3o e acolhimento individualizado, com apostilas preparadas com quest\u00f5es do Enem.<\/p>\n<p style=\"line-height: 14.25pt;\"><strong><span style=\"font-size: 10.0pt; font-family: 'Georgia','serif'; color: #333333;\">Acompanhe tamb\u00e9m o SE Not\u00edcias no<\/span><\/strong><span class=\"apple-converted-space\"><b><span style=\"font-size: 10.0pt; font-family: 'Georgia','serif'; color: #333333;\">\u00a0<\/span><\/b><\/span><strong><span style=\"font-size: 10.0pt; font-family: 'Georgia','serif'; color: #333333;\"><a href=\"https:\/\/twitter.com\/Senoticias\" target=\"_blank\">Twitter<\/a>,<\/span><\/strong><span class=\"apple-converted-space\"><b><span style=\"font-size: 10.0pt; font-family: 'Georgia','serif'; color: #333333;\">\u00a0<\/span><\/b><\/span><strong><span style=\"font-size: 10.0pt; font-family: 'Georgia','serif'; color: #333333;\"><a href=\"https:\/\/www.facebook.com\/senoticias1\" target=\"_blank\">Facebook<span class=\"apple-converted-space\"><span style=\"color: windowtext; text-decoration: none;\">\u00a0<\/span><\/span><\/a>e no<\/span><\/strong><span class=\"apple-converted-space\"><b><span style=\"font-size: 10.0pt; font-family: 'Georgia','serif'; color: #333333;\">\u00a0<\/span><\/b><\/span><strong><span style=\"font-size: 10.0pt; font-family: 'Georgia','serif'; color: #333333;\"><a href=\"https:\/\/www.instagram.com\/senoticias\/\" target=\"_blank\">Instagram<\/a>.<\/span><\/strong><\/p>\n<p style=\"line-height: 14.25pt;\"><a href=\"http:\/\/senoticias.com.br\/se\/wp-content\/uploads\/2016\/12\/Logo-fone-1-2-1-2.jpg\"><img loading=\"lazy\" decoding=\"async\" class=\"aligncenter size-full wp-image-98981\" src=\"http:\/\/senoticias.com.br\/se\/wp-content\/uploads\/2016\/12\/Logo-fone-1-2-1-2.jpg\" alt=\"logo-fone-1-2-1\" width=\"599\" height=\"78\" srcset=\"https:\/\/senoticias.com.br\/se\/wp-content\/uploads\/2016\/12\/Logo-fone-1-2-1-2.jpg 599w, https:\/\/senoticias.com.br\/se\/wp-content\/uploads\/2016\/12\/Logo-fone-1-2-1-2-300x39.jpg 300w\" sizes=\"(max-width: 599px) 100vw, 599px\" \/><\/a><\/p>\n<p style=\"line-height: 14.25pt;\">Da Ag\u00eancia Sergipe Noticias<\/p>\n","protected":false},"excerpt":{"rendered":"<p>O Governo de Sergipe informa que as inscri\u00e7\u00f5es para os interessados em cursar o Pr\u00e9-Universit\u00e1rio da Secretaria de Estado da Educa\u00e7\u00e3o (Preuni &#8211; Seed) ser\u00e3o realizadas no per\u00edodo de 10 a 22 de janeiro de 2017, por meio do endere\u00e7o eletr\u00f4nico da Seed. A aplica\u00e7\u00e3o da prova acontecer\u00e1 no dia 5 de fevereiro de 2017. [&hellip;]<\/p>\n","protected":false},"author":5618,"featured_media":99142,"comment_status":"closed","ping_status":"closed","sticky":false,"template":"","format":"standard","meta":{"footnotes":""},"categories":[6],"tags":[1850],"class_list":{"0":"post-99141","1":"post","2":"type-post","3":"status-publish","4":"format-standard","5":"has-post-thumbnail","7":"category-politica","8":"tag-inscricoes-para-o-pre-universitario-do-governo-do-estado-iniciam-dia-10-de-janeiro"},"_links":{"self":[{"href":"https:\/\/senoticias.com.br\/se\/wp-json\/wp\/v2\/posts\/99141"}],"collection":[{"href":"https:\/\/senoticias.com.br\/se\/wp-json\/wp\/v2\/posts"}],"about":[{"href":"https:\/\/senoticias.com.br\/se\/wp-json\/wp\/v2\/types\/post"}],"author":[{"embeddable":true,"href":"https:\/\/senoticias.com.br\/se\/wp-json\/wp\/v2\/users\/5618"}],"replies":[{"embeddable":true,"href":"https:\/\/senoticias.com.br\/se\/wp-json\/wp\/v2\/comments?post=99141"}],"version-history":[{"count":0,"href":"https:\/\/senoticias.com.br\/se\/wp-json\/wp\/v2\/posts\/99141\/revisions"}],"wp:featuredmedia":[{"embeddable":true,"href":"https:\/\/senoticias.com.br\/se\/wp-json\/wp\/v2\/media\/99142"}],"wp:attachment":[{"href":"https:\/\/senoticias.com.br\/se\/wp-json\/wp\/v2\/media?parent=99141"}],"wp:term":[{"taxonomy":"category","embeddable":true,"href":"https:\/\/senoticias.com.br\/se\/wp-json\/wp\/v2\/categories?post=99141"},{"taxonomy":"post_tag","embeddable":true,"href":"https:\/\/senoticias.com.br\/se\/wp-json\/wp\/v2\/tags?post=99141"}],"curies":[{"name":"wp","href":"https:\/\/api.w.org\/{rel}","templated":true}]}}