{"id":99137,"date":"2017-01-03T08:53:23","date_gmt":"2017-01-03T11:53:23","guid":{"rendered":"http:\/\/senoticias.com.br\/se\/?p=99137"},"modified":"2017-01-03T15:23:25","modified_gmt":"2017-01-03T18:23:25","slug":"em-carta-aos-bispos-papa-pede-tolerancia-zero-com-pedofilia","status":"publish","type":"post","link":"https:\/\/senoticias.com.br\/se\/em-carta-aos-bispos-papa-pede-tolerancia-zero-com-pedofilia\/","title":{"rendered":"Em carta aos bispos, papa pede toler\u00e2ncia zero com pedofilia"},"content":{"rendered":"<p style=\"text-align: justify;\">O papa Francisco enviou uma carta aos bispos de todo o mundo em que pede a prote\u00e7\u00e3o de crian\u00e7as e para que &#8220;o sofrimento, a hist\u00f3ria e a dor dos menores que foram abusados sexualmente por sacerdotes&#8221; n\u00e3o sejam esquecidos. Ele ainda pediu &#8220;toler\u00e2ncia zero&#8221; aos religiosos. As informa\u00e7\u00f5es s\u00e3o da ag\u00eancia de not\u00edcias Ansa.<\/p>\n<div id=\"attachment_99138\" style=\"width: 590px\" class=\"wp-caption aligncenter\"><a href=\"http:\/\/senoticias.com.br\/se\/wp-content\/uploads\/2017\/01\/Papa-francisco-SE-Noticias.jpg\"><img loading=\"lazy\" decoding=\"async\" aria-describedby=\"caption-attachment-99138\" class=\"size-full wp-image-99138\" src=\"http:\/\/senoticias.com.br\/se\/wp-content\/uploads\/2017\/01\/Papa-francisco-SE-Noticias.jpg\" alt=\"Papa Francisco pediu que n\u00e3o sejam esquecidas crian\u00e7as que foram abusadas sexualmente por sacerdotesAg\u00eancia Lusa\/EPA\/Giuseppe Lami\/Direitos Reservados \" width=\"580\" height=\"388\" srcset=\"https:\/\/senoticias.com.br\/se\/wp-content\/uploads\/2017\/01\/Papa-francisco-SE-Noticias.jpg 580w, https:\/\/senoticias.com.br\/se\/wp-content\/uploads\/2017\/01\/Papa-francisco-SE-Noticias-300x201.jpg 300w, https:\/\/senoticias.com.br\/se\/wp-content\/uploads\/2017\/01\/Papa-francisco-SE-Noticias-90x60.jpg 90w, https:\/\/senoticias.com.br\/se\/wp-content\/uploads\/2017\/01\/Papa-francisco-SE-Noticias-180x120.jpg 180w, https:\/\/senoticias.com.br\/se\/wp-content\/uploads\/2017\/01\/Papa-francisco-SE-Noticias-95x64.jpg 95w\" sizes=\"(max-width: 580px) 100vw, 580px\" \/><\/a><p id=\"caption-attachment-99138\" class=\"wp-caption-text\">Papa Francisco pediu que n\u00e3o sejam esquecidas crian\u00e7as que foram abusadas sexualmente por sacerdotesAg\u00eancia Lusa\/EPA\/Giuseppe Lami\/Direitos Reservados<\/p><\/div>\n<p style=\"text-align: justify;\">\u00a0 \u00a0&#8220;Escutar o choro das crian\u00e7as significa tamb\u00e9m escutar o choro e o lamento de nossa m\u00e3e igreja, que chora n\u00e3o s\u00f3 pela dor causada em seus filhos mais pequenos, mas tamb\u00e9m porque conhece o pecado de alguns de seus membros. Pecado que nos causa vergonha. Pessoas que tinham a responsabilidade de cuidar destas crian\u00e7as, destru\u00edram a dignidade delas&#8221;, escreveu o papa.<\/p>\n<p style=\"text-align: justify;\">Ele pede &#8220;coragem para proteger a inf\u00e2ncia dos novos Herodes dos nossos dias, que roubam a inoc\u00eancia de nossas crian\u00e7as&#8221;. O pont\u00edfice referia-se ao rei que mandou matar todos os primog\u00eanitos de Bel\u00e9m ap\u00f3s o nascimento de Jesus Cristo.<\/p>\n<p style=\"text-align: justify;\">&#8220;Hoje, na lembran\u00e7a do dia dos santos inocentes, quero que renovemos todo o nosso empenho para que essas atrocidades n\u00e3o ocorram mais entre n\u00f3s. Que encontremos a coragem necess\u00e1ria para promover todos os meios necess\u00e1rios para proteger de todas as formas as vidas de nossas crian\u00e7as porque tais crimes n\u00e3o podem mais se repetir&#8221;, disse.<\/p>\n<p style=\"line-height: 14.25pt;\"><strong><span style=\"font-size: 10.0pt; font-family: 'Georgia','serif'; color: #333333;\">Acompanhe tamb\u00e9m o SE Not\u00edcias no<\/span><\/strong><span class=\"apple-converted-space\"><b><span style=\"font-size: 10.0pt; font-family: 'Georgia','serif'; color: #333333;\">\u00a0<\/span><\/b><\/span><strong><span style=\"font-size: 10.0pt; font-family: 'Georgia','serif'; color: #333333;\"><a href=\"https:\/\/twitter.com\/Senoticias\" target=\"_blank\">Twitter<\/a>,<\/span><\/strong><span class=\"apple-converted-space\"><b><span style=\"font-size: 10.0pt; font-family: 'Georgia','serif'; color: #333333;\">\u00a0<\/span><\/b><\/span><strong><span style=\"font-size: 10.0pt; font-family: 'Georgia','serif'; color: #333333;\"><a href=\"https:\/\/www.facebook.com\/senoticias1\" target=\"_blank\">Facebook<span class=\"apple-converted-space\"><span style=\"color: windowtext; text-decoration: none;\">\u00a0<\/span><\/span><\/a>e no<\/span><\/strong><span class=\"apple-converted-space\"><b><span style=\"font-size: 10.0pt; font-family: 'Georgia','serif'; color: #333333;\">\u00a0<\/span><\/b><\/span><strong><span style=\"font-size: 10.0pt; font-family: 'Georgia','serif'; color: #333333;\"><a href=\"https:\/\/www.instagram.com\/senoticias\/\" target=\"_blank\">Instagram<\/a>.<\/span><\/strong><\/p>\n<p style=\"line-height: 14.25pt;\"><a href=\"http:\/\/senoticias.com.br\/se\/wp-content\/uploads\/2016\/12\/Logo-fone-1-2-1-2.jpg\"><img loading=\"lazy\" decoding=\"async\" class=\"aligncenter size-full wp-image-98981\" src=\"http:\/\/senoticias.com.br\/se\/wp-content\/uploads\/2016\/12\/Logo-fone-1-2-1-2.jpg\" alt=\"logo-fone-1-2-1\" width=\"599\" height=\"78\" srcset=\"https:\/\/senoticias.com.br\/se\/wp-content\/uploads\/2016\/12\/Logo-fone-1-2-1-2.jpg 599w, https:\/\/senoticias.com.br\/se\/wp-content\/uploads\/2016\/12\/Logo-fone-1-2-1-2-300x39.jpg 300w\" sizes=\"(max-width: 599px) 100vw, 599px\" \/><\/a><\/p>\n<p style=\"line-height: 14.25pt;\">Da Ag\u00eancia Brasil<\/p>\n","protected":false},"excerpt":{"rendered":"<p>O papa Francisco enviou uma carta aos bispos de todo o mundo em que pede a prote\u00e7\u00e3o de crian\u00e7as e para que &#8220;o sofrimento, a hist\u00f3ria e a dor dos menores que foram abusados sexualmente por sacerdotes&#8221; n\u00e3o sejam esquecidos. Ele ainda pediu &#8220;toler\u00e2ncia zero&#8221; aos religiosos. As informa\u00e7\u00f5es s\u00e3o da ag\u00eancia de not\u00edcias Ansa. [&hellip;]<\/p>\n","protected":false},"author":5618,"featured_media":99138,"comment_status":"closed","ping_status":"closed","sticky":false,"template":"","format":"standard","meta":{"footnotes":""},"categories":[46],"tags":[1847,1848],"class_list":{"0":"post-99137","1":"post","2":"type-post","3":"status-publish","4":"format-standard","5":"has-post-thumbnail","7":"category-religiao","8":"tag-em-carta-aos-bispos","9":"tag-papa-pede-tolerancia-zero-com-pedofilia"},"_links":{"self":[{"href":"https:\/\/senoticias.com.br\/se\/wp-json\/wp\/v2\/posts\/99137"}],"collection":[{"href":"https:\/\/senoticias.com.br\/se\/wp-json\/wp\/v2\/posts"}],"about":[{"href":"https:\/\/senoticias.com.br\/se\/wp-json\/wp\/v2\/types\/post"}],"author":[{"embeddable":true,"href":"https:\/\/senoticias.com.br\/se\/wp-json\/wp\/v2\/users\/5618"}],"replies":[{"embeddable":true,"href":"https:\/\/senoticias.com.br\/se\/wp-json\/wp\/v2\/comments?post=99137"}],"version-history":[{"count":0,"href":"https:\/\/senoticias.com.br\/se\/wp-json\/wp\/v2\/posts\/99137\/revisions"}],"wp:featuredmedia":[{"embeddable":true,"href":"https:\/\/senoticias.com.br\/se\/wp-json\/wp\/v2\/media\/99138"}],"wp:attachment":[{"href":"https:\/\/senoticias.com.br\/se\/wp-json\/wp\/v2\/media?parent=99137"}],"wp:term":[{"taxonomy":"category","embeddable":true,"href":"https:\/\/senoticias.com.br\/se\/wp-json\/wp\/v2\/categories?post=99137"},{"taxonomy":"post_tag","embeddable":true,"href":"https:\/\/senoticias.com.br\/se\/wp-json\/wp\/v2\/tags?post=99137"}],"curies":[{"name":"wp","href":"https:\/\/api.w.org\/{rel}","templated":true}]}}