{"id":99132,"date":"2017-01-03T06:09:51","date_gmt":"2017-01-03T09:09:51","guid":{"rendered":"http:\/\/senoticias.com.br\/se\/?p=99132"},"modified":"2017-01-03T06:09:51","modified_gmt":"2017-01-03T09:09:51","slug":"ministro-da-saude-visita-obras-federais-em-sergipe","status":"publish","type":"post","link":"https:\/\/senoticias.com.br\/se\/ministro-da-saude-visita-obras-federais-em-sergipe\/","title":{"rendered":"Ministro da Sa\u00fade visita obras federais em Sergipe"},"content":{"rendered":"<div style=\"text-align: justify;\">Na pr\u00f3xima quinta-feira (05), o ministro da Sa\u00fade, Ricardo Barros, estar\u00e1 em Sergipe, a convite do l\u00edder do governo Michel Temer na C\u00e2mara dos Deputados, Andr\u00e9 Moura (PSC-SE), para realizar palestra aos prefeitos sergipanos.<\/p>\n<div id=\"attachment_99133\" style=\"width: 609px\" class=\"wp-caption aligncenter\"><img loading=\"lazy\" decoding=\"async\" aria-describedby=\"caption-attachment-99133\" class=\"size-full wp-image-99133\" src=\"http:\/\/senoticias.com.br\/se\/wp-content\/uploads\/2017\/01\/Ministro-da-Sa\u00fade-visita-Sergipe-SE-noticias-e1483434400545.jpg\" alt=\"A agenda do ministro Ricardo no estado est\u00e1 sendo organizada pelo deputado Andr\u00e9 Moura. (Foto: Nefy Dias)\" width=\"599\" height=\"369\" \/><p id=\"caption-attachment-99133\" class=\"wp-caption-text\">A agenda do ministro da Sa\u00fade no estado est\u00e1 sendo organizada pelo deputado, informa assessoria de Andr\u00e9 Moura. (Foto: Nefy Dias)<\/p><\/div>\n<\/div>\n<div style=\"text-align: justify;\"><\/div>\n<div style=\"text-align: justify;\">Em pauta, &#8216;O papel do Minist\u00e9rio da Sa\u00fade nos munic\u00edpios&#8217;, em seguida ele responder\u00e1 aos questionamentos dos novos gestores sobre a\u00e7\u00f5es, programas e servi\u00e7os desenvolvidos pelo \u00f3rg\u00e3o e dar\u00e1 orienta\u00e7\u00e3o para a elabora\u00e7\u00e3o de conv\u00eanios. Al\u00e9m do atendimento aos gestores, tamb\u00e9m ser\u00e3o feitas visitas a unidades de sa\u00fade, liberando recursos e assinando conv\u00eanios. A agenda do ministro Ricardo no estado est\u00e1 sendo organizada pelo l\u00edder Andr\u00e9.<\/div>\n<div style=\"text-align: justify;\"><\/div>\n<div><img loading=\"lazy\" decoding=\"async\" class=\"aligncenter size-full wp-image-98981\" src=\"http:\/\/senoticias.com.br\/se\/wp-content\/uploads\/2016\/12\/Logo-fone-1-2-1-2.jpg\" alt=\"logo-fone-1-2-1\" width=\"599\" height=\"78\" srcset=\"https:\/\/senoticias.com.br\/se\/wp-content\/uploads\/2016\/12\/Logo-fone-1-2-1-2.jpg 599w, https:\/\/senoticias.com.br\/se\/wp-content\/uploads\/2016\/12\/Logo-fone-1-2-1-2-300x39.jpg 300w\" sizes=\"(max-width: 599px) 100vw, 599px\" \/><\/div>\n<div><\/div>\n<div><em><strong>Acompanhe tamb\u00e9m o SE Not\u00edcias no<\/strong><strong>\u00a0<\/strong><strong><a href=\"https:\/\/twitter.com\/Senoticias\">Twitter<\/a>,<\/strong><strong>\u00a0<\/strong><strong><a href=\"https:\/\/www.facebook.com\/senoticias1\">Facebook<\/a><\/strong><strong>\u00a0<\/strong><strong>e no<\/strong><a href=\"https:\/\/www.instagram.com\/senoticias\/\"><strong>\u00a0<\/strong><strong>Instagram<\/strong><\/a><\/em><\/div>\n<div><\/div>\n<div>\n<div class=\"m_713890384291149286gmail_signature\">\n<div dir=\"ltr\">\n<div dir=\"ltr\">\n<div dir=\"ltr\">\n<div dir=\"ltr\">\n<div dir=\"ltr\">\n<div dir=\"ltr\">\n<div><\/div>\n<div>\n<div><em>Da Assessoria de Comunica\u00e7\u00e3o do deputado federal Andr\u00e9 Moura &#8211; AssCom\/AM<\/em><\/div>\n<div><\/div>\n<\/div>\n<\/div>\n<\/div>\n<\/div>\n<\/div>\n<\/div>\n<\/div>\n<\/div>\n<\/div>\n","protected":false},"excerpt":{"rendered":"<p>Na pr\u00f3xima quinta-feira (05), o ministro da Sa\u00fade, Ricardo Barros, estar\u00e1 em Sergipe, a convite do l\u00edder do governo Michel Temer na C\u00e2mara dos Deputados, Andr\u00e9 Moura (PSC-SE), para realizar palestra aos prefeitos sergipanos. Em pauta, &#8216;O papel do Minist\u00e9rio da Sa\u00fade nos munic\u00edpios&#8217;, em seguida ele responder\u00e1 aos questionamentos dos novos gestores sobre a\u00e7\u00f5es, [&hellip;]<\/p>\n","protected":false},"author":2,"featured_media":99133,"comment_status":"closed","ping_status":"closed","sticky":false,"template":"","format":"standard","meta":{"footnotes":""},"categories":[6],"tags":[],"class_list":{"0":"post-99132","1":"post","2":"type-post","3":"status-publish","4":"format-standard","5":"has-post-thumbnail","7":"category-politica"},"_links":{"self":[{"href":"https:\/\/senoticias.com.br\/se\/wp-json\/wp\/v2\/posts\/99132"}],"collection":[{"href":"https:\/\/senoticias.com.br\/se\/wp-json\/wp\/v2\/posts"}],"about":[{"href":"https:\/\/senoticias.com.br\/se\/wp-json\/wp\/v2\/types\/post"}],"author":[{"embeddable":true,"href":"https:\/\/senoticias.com.br\/se\/wp-json\/wp\/v2\/users\/2"}],"replies":[{"embeddable":true,"href":"https:\/\/senoticias.com.br\/se\/wp-json\/wp\/v2\/comments?post=99132"}],"version-history":[{"count":0,"href":"https:\/\/senoticias.com.br\/se\/wp-json\/wp\/v2\/posts\/99132\/revisions"}],"wp:featuredmedia":[{"embeddable":true,"href":"https:\/\/senoticias.com.br\/se\/wp-json\/wp\/v2\/media\/99133"}],"wp:attachment":[{"href":"https:\/\/senoticias.com.br\/se\/wp-json\/wp\/v2\/media?parent=99132"}],"wp:term":[{"taxonomy":"category","embeddable":true,"href":"https:\/\/senoticias.com.br\/se\/wp-json\/wp\/v2\/categories?post=99132"},{"taxonomy":"post_tag","embeddable":true,"href":"https:\/\/senoticias.com.br\/se\/wp-json\/wp\/v2\/tags?post=99132"}],"curies":[{"name":"wp","href":"https:\/\/api.w.org\/{rel}","templated":true}]}}