{"id":99130,"date":"2017-01-03T05:51:49","date_gmt":"2017-01-03T08:51:49","guid":{"rendered":"http:\/\/senoticias.com.br\/se\/?p=99130"},"modified":"2017-01-03T05:51:49","modified_gmt":"2017-01-03T08:51:49","slug":"dois-novos-deputados-tomam-posse-na-assembleia-legislativa","status":"publish","type":"post","link":"https:\/\/senoticias.com.br\/se\/dois-novos-deputados-tomam-posse-na-assembleia-legislativa\/","title":{"rendered":"Dois novos deputados tomam posse na Assembleia Legislativa"},"content":{"rendered":"<p style=\"text-align: justify;\">Empossados na manh\u00e3 desta segunda- feira (2), os suplentes Moritos da Silva Matos (PROS), e \u00a0Adelson Barreto Filho (SD), aos cargos de deputados estaduais, cujas vagas abertas deixadas pelos respectivos deputados, Padre Inaldo Silva (PcdoB), prefeito eleito da cidade de Nossa Senhora do Socorro e Gilson Andrade (PTC), prefeito eleito pela cidade de Est\u00e2ncia. A solenidade, presidida pelo presidente do Poder Legislativo, Luciano Bispo (PMBD), atendeu as normas constitucionais, publicado no Di\u00e1rio Oficial do Estado, datado do dia 30 de dezembro de 2016, bem como o Regimento Interno da Casa. A \u00a0posse foi realizada no gabinete da presid\u00eancia da Assembleia Legislativa de Sergipe (Alese), contou com a presen\u00e7a de autoridades, amigos e familiares.<\/p>\n<div id=\"attachment_99131\" style=\"width: 609px\" class=\"wp-caption aligncenter\"><img loading=\"lazy\" decoding=\"async\" aria-describedby=\"caption-attachment-99131\" class=\"size-full wp-image-99131\" src=\"http:\/\/senoticias.com.br\/se\/wp-content\/uploads\/2017\/01\/Dois-novos-deputados-na-Alese-SE-Noticias-e1483433421635.jpg\" alt=\"Empossados os novos deputados estaduais na Alese. (Foto: Jadilson Sim\u00f5es)\" width=\"599\" height=\"398\" \/><p id=\"caption-attachment-99131\" class=\"wp-caption-text\">Empossados os novos deputados estaduais na Alese. (Foto: Jadilson Sim\u00f5es)<\/p><\/div>\n<p style=\"text-align: justify;\">\nSegundo Luciano Bispo, a Casa t\u00eam o dever de acatar toda e qualquer decis\u00e3o judicial. Ao tempo parabenizou os deputados empossados dando as boas vindas e pedindo ajuda aos mesmos para somar for\u00e7as e ajudar na governan\u00e7a do Estado de Sergipe, junto ao Governador Jackson Barreto.<\/p>\n<p>&nbsp;<\/p>\n<p style=\"text-align: justify;\">O presidente da Casa chamou aten\u00e7\u00e3o dos novos membros do parlamento no que se refere ao momento em que o Pa\u00eds est\u00e1 passando e disse que a situa\u00e7\u00e3o n\u00e3o est\u00e1 f\u00e1cil. \u201cN\u00e3o pensem que \u00e9 f\u00e1cil ser pol\u00edtico, ser prefeito, ser governador, concluiu dizendo que \u00e9 muito dif\u00edcil, mas ao mesmo tempo \u00e9 uma ben\u00e7\u00e3o chegar aos cargos pleiteados, e que a Assembleia Legislativa \u00e9 a Casa do Povo, onde somos avaliados h\u00e1 cada dois anos. Fiquem certo de que aquilo que n\u00f3s fizemos de bom ou ruim o povo est\u00e1 atento. E as pessoas que faz jus aos seus eleitores tendem a voltar para os cargos pleiteados\u201d, ressaltou.<\/p>\n<p style=\"text-align: justify;\">\nEmocionado, o deputado estadual empossado, Moritos da Silva Matos ( PROS), est\u00e1 confiante nesse novo desafio dentro da Alese. \u201d Um momento muito especial. Agrade\u00e7o ao povo de Sergipe por confiar no meu trabalho e espero desenvolver na Casa do Povo o mesmo trabalho quando por dois mandatos fui eleito vereador mais atuante da C\u00e2mara Municipal de Aracaju, em benef\u00edcio do povo\u201d, disse.<\/p>\n<p style=\"text-align: justify;\">\nDurante a solenidade, Adelson Barreto Filho (SD), dedicou o momento da posse \u00e0 toda sociedade sergipana. \u201cAgrade\u00e7o ao povo de Sergipe pela oportunidade de represent\u00e1-los. 2017 ser\u00e1 um ano de muito trabalho, estarei atento as demandas do meu povo\u201d, salientou.<\/p>\n<p><img loading=\"lazy\" decoding=\"async\" class=\"aligncenter size-full wp-image-98981\" src=\"http:\/\/senoticias.com.br\/se\/wp-content\/uploads\/2016\/12\/Logo-fone-1-2-1-2.jpg\" alt=\"logo-fone-1-2-1\" width=\"599\" height=\"78\" srcset=\"https:\/\/senoticias.com.br\/se\/wp-content\/uploads\/2016\/12\/Logo-fone-1-2-1-2.jpg 599w, https:\/\/senoticias.com.br\/se\/wp-content\/uploads\/2016\/12\/Logo-fone-1-2-1-2-300x39.jpg 300w\" sizes=\"(max-width: 599px) 100vw, 599px\" \/><\/p>\n<p><em><strong>Acompanhe tamb\u00e9m o SE Not\u00edcias no<\/strong><strong>\u00a0<\/strong><strong><a href=\"https:\/\/twitter.com\/Senoticias\">Twitter<\/a>,<\/strong><strong>\u00a0<\/strong><strong><a href=\"https:\/\/www.facebook.com\/senoticias1\">Facebook<\/a><\/strong><strong>\u00a0<\/strong><strong>e no<\/strong><a href=\"https:\/\/www.instagram.com\/senoticias\/\"><strong>\u00a0<\/strong><strong>Instagram<\/strong><\/a><\/em><\/p>\n<p><em>Da Ag\u00eancia de Not\u00edcias Alese<\/em><\/p>\n","protected":false},"excerpt":{"rendered":"<p>Empossados na manh\u00e3 desta segunda- feira (2), os suplentes Moritos da Silva Matos (PROS), e \u00a0Adelson Barreto Filho (SD), aos cargos de deputados estaduais, cujas vagas abertas deixadas pelos respectivos deputados, Padre Inaldo Silva (PcdoB), prefeito eleito da cidade de Nossa Senhora do Socorro e Gilson Andrade (PTC), prefeito eleito pela cidade de Est\u00e2ncia. A [&hellip;]<\/p>\n","protected":false},"author":2,"featured_media":99131,"comment_status":"closed","ping_status":"closed","sticky":false,"template":"","format":"standard","meta":{"footnotes":""},"categories":[15,6],"tags":[],"class_list":{"0":"post-99130","1":"post","2":"type-post","3":"status-publish","4":"format-standard","5":"has-post-thumbnail","7":"category-destaques","8":"category-politica"},"_links":{"self":[{"href":"https:\/\/senoticias.com.br\/se\/wp-json\/wp\/v2\/posts\/99130"}],"collection":[{"href":"https:\/\/senoticias.com.br\/se\/wp-json\/wp\/v2\/posts"}],"about":[{"href":"https:\/\/senoticias.com.br\/se\/wp-json\/wp\/v2\/types\/post"}],"author":[{"embeddable":true,"href":"https:\/\/senoticias.com.br\/se\/wp-json\/wp\/v2\/users\/2"}],"replies":[{"embeddable":true,"href":"https:\/\/senoticias.com.br\/se\/wp-json\/wp\/v2\/comments?post=99130"}],"version-history":[{"count":0,"href":"https:\/\/senoticias.com.br\/se\/wp-json\/wp\/v2\/posts\/99130\/revisions"}],"wp:featuredmedia":[{"embeddable":true,"href":"https:\/\/senoticias.com.br\/se\/wp-json\/wp\/v2\/media\/99131"}],"wp:attachment":[{"href":"https:\/\/senoticias.com.br\/se\/wp-json\/wp\/v2\/media?parent=99130"}],"wp:term":[{"taxonomy":"category","embeddable":true,"href":"https:\/\/senoticias.com.br\/se\/wp-json\/wp\/v2\/categories?post=99130"},{"taxonomy":"post_tag","embeddable":true,"href":"https:\/\/senoticias.com.br\/se\/wp-json\/wp\/v2\/tags?post=99130"}],"curies":[{"name":"wp","href":"https:\/\/api.w.org\/{rel}","templated":true}]}}