{"id":99129,"date":"2017-01-03T05:37:16","date_gmt":"2017-01-03T08:37:16","guid":{"rendered":"http:\/\/senoticias.com.br\/se\/?p=99129"},"modified":"2017-01-03T05:37:16","modified_gmt":"2017-01-03T08:37:16","slug":"fest-verao-sergipe-acontece-entre-os-dias-20-e-22-de-janeiro","status":"publish","type":"post","link":"https:\/\/senoticias.com.br\/se\/fest-verao-sergipe-acontece-entre-os-dias-20-e-22-de-janeiro\/","title":{"rendered":"Fest Ver\u00e3o Sergipe acontece entre os dias 20 e 22 de janeiro"},"content":{"rendered":"<p style=\"text-align: justify;\">De 20 a 22 de janeiro, Aracaju ser\u00e1 o cen\u00e1rio da m\u00fasica nacional. Durante os tr\u00eas dias, a cidade sediar\u00e1 a terceira edi\u00e7\u00e3o do Fest Ver\u00e3o Sergipe, com a presen\u00e7a de mais de 20 dos maiores nomes do pop rock, ax\u00e9, pagode, forr\u00f3 e sertanejo, al\u00e9m da m\u00fasica eletr\u00f4nica. As atra\u00e7\u00f5es se revezando nos palcos, trios e tenda eletr\u00f4nica para garantir divers\u00e3o ao p\u00fablico, estimado em mais de 30 mil pessoas por noite, de Sergipe e de outros estados do pa\u00eds.<\/p>\n<div id=\"attachment_87532\" style=\"width: 608px\" class=\"wp-caption aligncenter\"><img loading=\"lazy\" decoding=\"async\" aria-describedby=\"caption-attachment-87532\" class=\"size-full wp-image-87532\" src=\"http:\/\/senoticias.com.br\/se\/wp-content\/uploads\/2016\/01\/wesley-e1451769823567.jpg\" alt=\"Wesley Safad\u00e3o e Bel faz participa\u00e7\u00e3o especial no DVD de Bell Marques. (Foto: Fabio Cunha\/Divulga\u00e7\u00e3o)\" width=\"598\" height=\"374\" \/><p id=\"caption-attachment-87532\" class=\"wp-caption-text\">Wesley Safad\u00e3o e Bel faz v\u00e3o participar do Fest Ver\u00e3o. (Foto: Fabio Cunha\/Divulga\u00e7\u00e3o)<\/p><\/div>\n<p style=\"text-align: justify;\">Faz parte da grade de programa\u00e7\u00e3o do Fest Ver\u00e3o Sergipe 2017: Wesley Safad\u00e3o, Mar\u00edlia Mendon\u00e7a, Bell Marques, Samyra Show, Xande &amp; Nanda, Gabirel Diniz, Anitta, Dorgival Dantas, Simone &amp; Silmaria, Harmonia do Samba, Avi\u00f5es do Forr\u00f3, Gusttavo Lima, Saulo, Nando Reis, Natiruts, Cartel de Bali, Vibra\u00e7\u00f5es e Azzuis, al\u00e9m de diversos deejays nacionais. Outra atra\u00e7\u00e3o \u00e0 parte ser\u00e1 a megaestrutura, montada pelo Augustus Produ\u00e7\u00f5es, empresa organizadora do festival. O projeto estrutural conta com camarotes coorporativos, Camarote AJU, Camarote Backstage, pra\u00e7a de alimenta\u00e7\u00e3o e postos de atendimento ao p\u00fablico.<\/p>\n<p style=\"text-align: justify;\">Vale ficar atento ao in\u00edcio dos shows, que ter\u00e3o hor\u00e1rio diferenciado todos os dias. Na sexta-feira \u00e0s 20h, no s\u00e1bado \u00e0s 19h e no domingo \u00e0s 16h.<\/p>\n<p style=\"text-align: justify;\">Os ingressos est\u00e3o sendo vendidos, individualmente ou pacote para os tr\u00eas dias, na Central do Ticket, no RioMar Shopping. Mais informa\u00e7\u00f5es pelos telefones (79) 3219-2069 e 99198-2069. Antecipe-se para n\u00e3o ficar de fora!<\/p>\n<p style=\"text-align: justify;\"><strong>Servi\u00e7o:<\/strong><\/p>\n<p>Evento: 3\u00aa edi\u00e7\u00e3o do Fest Ver\u00e3o Sergipe.<\/p>\n<p>Data: 20, 21 e 22 de janeiro de 2017.<\/p>\n<p>Hora: 20h, 19h e 16h, respectivamente.<\/p>\n<p>Local: Arena de Eventos<\/p>\n<p>Vendas de ingressos: Central do Ticket (RioMar Shopping)<\/p>\n<p>Realiza\u00e7\u00e3o: Augustus Produ\u00e7\u00f5es<\/p>\n<p><strong>Programa\u00e7\u00e3o\u00a0<\/strong><\/p>\n<p><strong>Sexta-feira &#8211; 20\/01<\/strong><\/p>\n<p>Wesley Safad\u00e3o<br \/>\nMarilia Mendon\u00e7a<br \/>\nBell Marques<br \/>\nSamyra Show<br \/>\nXande e Nanda<br \/>\nGabriel Diniz<\/p>\n<p><strong>S\u00e1bado 21\/01<\/strong><\/p>\n<p>Anitta<br \/>\nDorgival Dantas<br \/>\nSimone e Simaria<br \/>\nHarmonia do Samba<br \/>\nAvi\u00f5es do Forr\u00f3<br \/>\nGustavo Lima<\/p>\n<p><strong>Domingo 22\/01<\/strong><\/p>\n<p>Saulo<br \/>\nNando Reis<br \/>\nNatiruts<br \/>\nCartel de Bali<br \/>\nVibra\u00e7\u00f5es<br \/>\nAzzuis<img loading=\"lazy\" decoding=\"async\" class=\"aligncenter size-full wp-image-98981\" src=\"http:\/\/senoticias.com.br\/se\/wp-content\/uploads\/2016\/12\/Logo-fone-1-2-1-2.jpg\" alt=\"logo-fone-1-2-1\" width=\"599\" height=\"78\" srcset=\"https:\/\/senoticias.com.br\/se\/wp-content\/uploads\/2016\/12\/Logo-fone-1-2-1-2.jpg 599w, https:\/\/senoticias.com.br\/se\/wp-content\/uploads\/2016\/12\/Logo-fone-1-2-1-2-300x39.jpg 300w\" sizes=\"(max-width: 599px) 100vw, 599px\" \/><\/p>\n<p><em><strong>Acompanhe tamb\u00e9m o SE Not\u00edcias no<\/strong><strong>\u00a0<\/strong><strong><a href=\"https:\/\/twitter.com\/Senoticias\">Twitter<\/a>,<\/strong><strong>\u00a0<\/strong><strong><a href=\"https:\/\/www.facebook.com\/senoticias1\">Facebook<\/a><\/strong><strong>\u00a0<\/strong><strong>e no<\/strong><a href=\"https:\/\/www.instagram.com\/senoticias\/\"><strong>\u00a0<\/strong><strong>Instagram<\/strong><\/a><\/em><\/p>\n<p><em>Da Assessoria do Evento<\/em><\/p>\n","protected":false},"excerpt":{"rendered":"<p>De 20 a 22 de janeiro, Aracaju ser\u00e1 o cen\u00e1rio da m\u00fasica nacional. Durante os tr\u00eas dias, a cidade sediar\u00e1 a terceira edi\u00e7\u00e3o do Fest Ver\u00e3o Sergipe, com a presen\u00e7a de mais de 20 dos maiores nomes do pop rock, ax\u00e9, pagode, forr\u00f3 e sertanejo, al\u00e9m da m\u00fasica eletr\u00f4nica. As atra\u00e7\u00f5es se revezando nos palcos, [&hellip;]<\/p>\n","protected":false},"author":2,"featured_media":92935,"comment_status":"closed","ping_status":"closed","sticky":false,"template":"","format":"standard","meta":{"footnotes":""},"categories":[15,21],"tags":[1843,339,1842,1841,1844],"class_list":{"0":"post-99129","1":"post","2":"type-post","3":"status-publish","4":"format-standard","5":"has-post-thumbnail","7":"category-destaques","8":"category-entretenimento","9":"tag-anita-cantora","10":"tag-aracaju","11":"tag-bel-marques","12":"tag-fest-verao","13":"tag-fest-verao-2017"},"_links":{"self":[{"href":"https:\/\/senoticias.com.br\/se\/wp-json\/wp\/v2\/posts\/99129"}],"collection":[{"href":"https:\/\/senoticias.com.br\/se\/wp-json\/wp\/v2\/posts"}],"about":[{"href":"https:\/\/senoticias.com.br\/se\/wp-json\/wp\/v2\/types\/post"}],"author":[{"embeddable":true,"href":"https:\/\/senoticias.com.br\/se\/wp-json\/wp\/v2\/users\/2"}],"replies":[{"embeddable":true,"href":"https:\/\/senoticias.com.br\/se\/wp-json\/wp\/v2\/comments?post=99129"}],"version-history":[{"count":0,"href":"https:\/\/senoticias.com.br\/se\/wp-json\/wp\/v2\/posts\/99129\/revisions"}],"wp:featuredmedia":[{"embeddable":true,"href":"https:\/\/senoticias.com.br\/se\/wp-json\/wp\/v2\/media\/92935"}],"wp:attachment":[{"href":"https:\/\/senoticias.com.br\/se\/wp-json\/wp\/v2\/media?parent=99129"}],"wp:term":[{"taxonomy":"category","embeddable":true,"href":"https:\/\/senoticias.com.br\/se\/wp-json\/wp\/v2\/categories?post=99129"},{"taxonomy":"post_tag","embeddable":true,"href":"https:\/\/senoticias.com.br\/se\/wp-json\/wp\/v2\/tags?post=99129"}],"curies":[{"name":"wp","href":"https:\/\/api.w.org\/{rel}","templated":true}]}}