{"id":99126,"date":"2017-01-02T18:47:43","date_gmt":"2017-01-02T21:47:43","guid":{"rendered":"http:\/\/senoticias.com.br\/se\/?p=99126"},"modified":"2017-01-02T18:47:43","modified_gmt":"2017-01-02T21:47:43","slug":"policia-civil-vai-investigar-ato-de-vandalismo-na-prefeitura-de-capela","status":"publish","type":"post","link":"https:\/\/senoticias.com.br\/se\/policia-civil-vai-investigar-ato-de-vandalismo-na-prefeitura-de-capela\/","title":{"rendered":"Pol\u00edcia Civil  vai investigar ato de vandalismo na Prefeitura de Capela"},"content":{"rendered":"<p style=\"text-align: justify;\">Os servidores da nova administra\u00e7\u00e3o do munic\u00edpio de Capela (SE) foram surpreendidos, na manh\u00e3 desta segunda-feira (2), quando chegaram ao pr\u00e9dio da prefeitura e encontraram o local totalmente revirado.<\/p>\n<div id=\"attachment_99128\" style=\"width: 609px\" class=\"wp-caption aligncenter\"><img loading=\"lazy\" decoding=\"async\" aria-describedby=\"caption-attachment-99128\" class=\"size-full wp-image-99128\" src=\"http:\/\/senoticias.com.br\/se\/wp-content\/uploads\/2017\/01\/Capela-Prefeitura-SE-noticias-e1483393504726.jpeg\" alt=\"Salas do prefeito, da secretaria de obras e do arquivo foram reviradas.(Foto: Pol\u00edcia Civil)\" width=\"599\" height=\"337\" \/><p id=\"caption-attachment-99128\" class=\"wp-caption-text\">Salas do prefeito, da secretaria de obras e do arquivo foram reviradas.(Foto: Pol\u00edcia Civil)<\/p><\/div>\n<p style=\"text-align: justify;\">As salas do prefeito, da secretaria de obras e do arquivo est\u00e3o lotadas de caixas jogadas pelo ch\u00e3o e muito papel espalhado. Al\u00e9m disso, fios el\u00e9tricos foram cortados e computadores n\u00e3o foram encontrados. \u201cFicamos tristes com a situa\u00e7\u00e3o. O maior prejudicado \u00e9 o povo\u201d, disse a nova prefeita, Silvany Sukita (PTN).<\/p>\n<p style=\"text-align: justify;\">Ainda segundo ela, um Boletim de Ocorr\u00eancia ser\u00e1 prestado. \u201cViemos at\u00e9 a Secretaria de Seguran\u00e7a P\u00fablica de Sergipe para formalizar o ocorrido. E uma equipe de\u00a0 t\u00e9cnicos peritos foi at\u00e9 o local para realizar uma apura\u00e7\u00e3o do caso\u201d.<\/p>\n<p style=\"text-align: justify;\">Em virtude da situa\u00e7\u00e3o, a prefeitura suspendeu o atendimento ao p\u00fablico e os servidores est\u00e3o trabalhando internamente. \u201cEsperamos que em um prazo de 15 dias possamos estabelecer os servi\u00e7os municipais\u201d,informou a prefeita.<\/p>\n<p style=\"text-align: justify;\">A assessoria de imprensa do ex-prefeito Ezequiel Leite (PSC) informou que fez quest\u00e3o de reunir os funcion\u00e1rios e colaboradores da administra\u00e7\u00e3o, e os recomendou deixar as instala\u00e7\u00f5es em perfeitas condi\u00e7\u00f5es de funcionamento, para que os servi\u00e7os sejam continuados.<\/p>\n<p style=\"text-align: justify;\">De acordo com a assessoria, a transi\u00e7\u00e3o foi feita e as chaves dos pr\u00e9dios, e de cada secretaria, ficaram com os devidos respons\u00e1veis, indicados pela futura administra\u00e7\u00e3o.<\/p>\n<p style=\"text-align: justify;\">O ex-prefeito afirmou ainda que repudia o ato de vandalismo. E afirmou que n\u00e3o foi ato de sua gest\u00e3o, nem de seus colaboradores. Ela ainda julga tais atitudes contr\u00e1rias ao seu modelo de gest\u00e3o.<\/p>\n<p style=\"text-align: justify;\"><img loading=\"lazy\" decoding=\"async\" class=\"aligncenter size-full wp-image-98981\" src=\"http:\/\/senoticias.com.br\/se\/wp-content\/uploads\/2016\/12\/Logo-fone-1-2-1-2.jpg\" alt=\"logo-fone-1-2-1\" width=\"599\" height=\"78\" srcset=\"https:\/\/senoticias.com.br\/se\/wp-content\/uploads\/2016\/12\/Logo-fone-1-2-1-2.jpg 599w, https:\/\/senoticias.com.br\/se\/wp-content\/uploads\/2016\/12\/Logo-fone-1-2-1-2-300x39.jpg 300w\" sizes=\"(max-width: 599px) 100vw, 599px\" \/><\/p>\n<p style=\"text-align: justify;\"><em><strong>Acompanhe tamb\u00e9m o SE Not\u00edcias no<\/strong><strong>\u00a0<\/strong><strong><a href=\"https:\/\/twitter.com\/Senoticias\">Twitter<\/a>,<\/strong><strong>\u00a0<\/strong><strong><a href=\"https:\/\/www.facebook.com\/senoticias1\">Facebook<\/a><\/strong><strong>\u00a0<\/strong><strong>e no<\/strong><a href=\"https:\/\/www.instagram.com\/senoticias\/\"><strong>\u00a0<\/strong><strong>Instagram<\/strong><\/a><\/em><\/p>\n<p style=\"text-align: justify;\"><em>Informa\u00e7\u00f5es do<a href=\"http:\/\/g1.globo.com\/se\/sergipe\/noticia\/2017\/01\/sede-da-prefeitura-de-capela-e-alvo-de-vandalismo.html\"><strong>\u00a0G1<\/strong><\/a> SE<\/em><\/p>\n","protected":false},"excerpt":{"rendered":"<p>Os servidores da nova administra\u00e7\u00e3o do munic\u00edpio de Capela (SE) foram surpreendidos, na manh\u00e3 desta segunda-feira (2), quando chegaram ao pr\u00e9dio da prefeitura e encontraram o local totalmente revirado. As salas do prefeito, da secretaria de obras e do arquivo est\u00e3o lotadas de caixas jogadas pelo ch\u00e3o e muito papel espalhado. Al\u00e9m disso, fios el\u00e9tricos [&hellip;]<\/p>\n","protected":false},"author":2,"featured_media":99128,"comment_status":"closed","ping_status":"closed","sticky":false,"template":"","format":"standard","meta":{"footnotes":""},"categories":[15],"tags":[],"class_list":{"0":"post-99126","1":"post","2":"type-post","3":"status-publish","4":"format-standard","5":"has-post-thumbnail","7":"category-destaques"},"_links":{"self":[{"href":"https:\/\/senoticias.com.br\/se\/wp-json\/wp\/v2\/posts\/99126"}],"collection":[{"href":"https:\/\/senoticias.com.br\/se\/wp-json\/wp\/v2\/posts"}],"about":[{"href":"https:\/\/senoticias.com.br\/se\/wp-json\/wp\/v2\/types\/post"}],"author":[{"embeddable":true,"href":"https:\/\/senoticias.com.br\/se\/wp-json\/wp\/v2\/users\/2"}],"replies":[{"embeddable":true,"href":"https:\/\/senoticias.com.br\/se\/wp-json\/wp\/v2\/comments?post=99126"}],"version-history":[{"count":0,"href":"https:\/\/senoticias.com.br\/se\/wp-json\/wp\/v2\/posts\/99126\/revisions"}],"wp:featuredmedia":[{"embeddable":true,"href":"https:\/\/senoticias.com.br\/se\/wp-json\/wp\/v2\/media\/99128"}],"wp:attachment":[{"href":"https:\/\/senoticias.com.br\/se\/wp-json\/wp\/v2\/media?parent=99126"}],"wp:term":[{"taxonomy":"category","embeddable":true,"href":"https:\/\/senoticias.com.br\/se\/wp-json\/wp\/v2\/categories?post=99126"},{"taxonomy":"post_tag","embeddable":true,"href":"https:\/\/senoticias.com.br\/se\/wp-json\/wp\/v2\/tags?post=99126"}],"curies":[{"name":"wp","href":"https:\/\/api.w.org\/{rel}","templated":true}]}}