{"id":99123,"date":"2017-01-02T17:14:35","date_gmt":"2017-01-02T20:14:35","guid":{"rendered":"http:\/\/senoticias.com.br\/se\/?p=99123"},"modified":"2017-01-02T17:22:07","modified_gmt":"2017-01-02T20:22:07","slug":"prefeito-sao-cristovao-busca-alternativas-emergenciais-para-resolver-problema-da-falta-de-abastecimento-de-agua","status":"publish","type":"post","link":"https:\/\/senoticias.com.br\/se\/prefeito-sao-cristovao-busca-alternativas-emergenciais-para-resolver-problema-da-falta-de-abastecimento-de-agua\/","title":{"rendered":"Prefeito de S\u00e3o Crist\u00f3v\u00e3o busca alternativas emergenciais para resolver problema da falta de abastecimento de \u00e1gua"},"content":{"rendered":"<p style=\"text-align: justify;\">Milhares de moradores de S\u00e3o Crist\u00f3v\u00e3o, est\u00e3o com problemas no abastecimento de \u00e1gua h\u00e1 mais de 30 dias. Bombas quebradas \u00e9 o principal motivo que levou a popula\u00e7\u00e3o do Centro Hist\u00f3rico do munic\u00edpio a esse sofrimento.<\/p>\n<div id=\"attachment_99124\" style=\"width: 609px\" class=\"wp-caption aligncenter\"><img loading=\"lazy\" decoding=\"async\" aria-describedby=\"caption-attachment-99124\" class=\"size-full wp-image-99124\" src=\"http:\/\/senoticias.com.br\/se\/wp-content\/uploads\/2017\/01\/WhatsApp-Image-2017-01-02-at-16.56.14-e1483387171525.jpeg\" alt=\"Bomba sucateada e instala\u00e7\u00f5es prec\u00e1rias. (Foto: Ascom\/S\u00e3o Crist\u00f3v\u00e3o)\" width=\"599\" height=\"399\" \/><p id=\"caption-attachment-99124\" class=\"wp-caption-text\">Por causa de uma bomba queimada, popula\u00e7\u00e3o est\u00e1 sem \u00e1gua h\u00e1 mais de 30 dias. (Foto: Ascom\/S\u00e3o Crist\u00f3v\u00e3o)<\/p><\/div>\n<p style=\"text-align: justify;\">A primeira a\u00e7\u00e3o da nova gest\u00e3o da Prefeitura de S\u00e3o Crist\u00f3v\u00e3o \u00e9 a manuten\u00e7\u00e3o e a troca de equipamento em rela\u00e7\u00e3o \u00e0 Esta\u00e7\u00e3o de tratamento do Rio Comprido, que abastece\u00a0o Alto da Divin\u00e9ia, Col\u00f4nia Pintos, Alto de Santo Ant\u00f4nio, Apicum e Cidade Baixa.<\/p>\n<div id=\"attachment_99125\" style=\"width: 609px\" class=\"wp-caption aligncenter\"><img loading=\"lazy\" decoding=\"async\" aria-describedby=\"caption-attachment-99125\" class=\"size-full wp-image-99125\" src=\"http:\/\/senoticias.com.br\/se\/wp-content\/uploads\/2017\/01\/Cohidro-em-Sao-Cristovao-SE-Noticias-e1483387619929.jpeg\" alt=\"No primeiro dia de trabalho, prefeito relata a situa\u00e7\u00e3o de calamidade que o munic\u00edpio enfrenta aos t\u00e9cnicos da Cohidro. (Foto: ascom\/S\u00e3o Crist\u00f3v\u00e3o)\" width=\"599\" height=\"399\" \/><p id=\"caption-attachment-99125\" class=\"wp-caption-text\">No primeiro dia de trabalho, prefeito relata a situa\u00e7\u00e3o de calamidade que o munic\u00edpio enfrenta aos t\u00e9cnicos da Cohidro. (Foto: ascom\/S\u00e3o Crist\u00f3v\u00e3o)<\/p><\/div>\n<p style=\"text-align: justify;\">De acordo com o prefeito Marcos Santana, as devidas provid\u00eancias e avalia\u00e7\u00f5es j\u00e1 est\u00e3o sendo feitas. &#8220;A Cidade Baixa est\u00e1 sem \u00e1gua por conta da bomba quebrada. Cientes disso, estamos providenciando medidas de reparo e ajustes para que a popula\u00e7\u00e3o usufrua de um sistema de \u00e1gua decente&#8221;, disse o prefeito na manh\u00e3 desta segunda-feira, primeiro dia \u00fatil do ano e da nova gest\u00e3o em S\u00e3o Crist\u00f3v\u00e3o.<\/p>\n<p style=\"text-align: justify;\">Outra a\u00e7\u00e3o emergencial est\u00e1 sendo tomada atrav\u00e9s da Cohidro com o intuito de amenizar\u00a0o problema da falta de \u00e1gua na Cidade Alta &#8211; que \u00e9 abastecida pelo sistema do Cristo Redentor. Entusiasmado, o novo prefeito disse que a parceria com o Governo de Sergipe atrav\u00e9s da Cohidro \u00e9 uma das alternativas para diminuir o sofrimento\u00a0do povo da sede do munic\u00edpio.<\/p>\n<p style=\"text-align: justify;\"><img loading=\"lazy\" decoding=\"async\" class=\"aligncenter size-full wp-image-98981\" src=\"http:\/\/senoticias.com.br\/se\/wp-content\/uploads\/2016\/12\/Logo-fone-1-2-1-2.jpg\" alt=\"logo-fone-1-2-1\" width=\"599\" height=\"78\" srcset=\"https:\/\/senoticias.com.br\/se\/wp-content\/uploads\/2016\/12\/Logo-fone-1-2-1-2.jpg 599w, https:\/\/senoticias.com.br\/se\/wp-content\/uploads\/2016\/12\/Logo-fone-1-2-1-2-300x39.jpg 300w\" sizes=\"(max-width: 599px) 100vw, 599px\" \/><\/p>\n<p style=\"text-align: justify;\"><em><strong>Acompanhe tamb\u00e9m o SE Not\u00edcias no<\/strong><strong>\u00a0<\/strong><strong><a href=\"https:\/\/twitter.com\/Senoticias\">Twitter<\/a>,<\/strong><strong>\u00a0<\/strong><strong><a href=\"https:\/\/www.facebook.com\/senoticias1\">Facebook<\/a><\/strong><strong>\u00a0<\/strong><strong>e no<\/strong><a href=\"https:\/\/www.instagram.com\/senoticias\/\"><strong>\u00a0<\/strong><strong>Instagram<\/strong><\/a><\/em><\/p>\n<p style=\"text-align: justify;\"><em>Reda\u00e7\u00e3o SE Not\u00edcias com informa\u00e7\u00f5es da Ascom\/S\u00e3o Crist\u00f3v\u00e3o<\/em><\/p>\n","protected":false},"excerpt":{"rendered":"<p>Milhares de moradores de S\u00e3o Crist\u00f3v\u00e3o, est\u00e3o com problemas no abastecimento de \u00e1gua h\u00e1 mais de 30 dias. Bombas quebradas \u00e9 o principal motivo que levou a popula\u00e7\u00e3o do Centro Hist\u00f3rico do munic\u00edpio a esse sofrimento. A primeira a\u00e7\u00e3o da nova gest\u00e3o da Prefeitura de S\u00e3o Crist\u00f3v\u00e3o \u00e9 a manuten\u00e7\u00e3o e a troca de equipamento [&hellip;]<\/p>\n","protected":false},"author":2,"featured_media":99124,"comment_status":"closed","ping_status":"closed","sticky":false,"template":"","format":"standard","meta":{"footnotes":""},"categories":[15],"tags":[],"class_list":{"0":"post-99123","1":"post","2":"type-post","3":"status-publish","4":"format-standard","5":"has-post-thumbnail","7":"category-destaques"},"_links":{"self":[{"href":"https:\/\/senoticias.com.br\/se\/wp-json\/wp\/v2\/posts\/99123"}],"collection":[{"href":"https:\/\/senoticias.com.br\/se\/wp-json\/wp\/v2\/posts"}],"about":[{"href":"https:\/\/senoticias.com.br\/se\/wp-json\/wp\/v2\/types\/post"}],"author":[{"embeddable":true,"href":"https:\/\/senoticias.com.br\/se\/wp-json\/wp\/v2\/users\/2"}],"replies":[{"embeddable":true,"href":"https:\/\/senoticias.com.br\/se\/wp-json\/wp\/v2\/comments?post=99123"}],"version-history":[{"count":0,"href":"https:\/\/senoticias.com.br\/se\/wp-json\/wp\/v2\/posts\/99123\/revisions"}],"wp:featuredmedia":[{"embeddable":true,"href":"https:\/\/senoticias.com.br\/se\/wp-json\/wp\/v2\/media\/99124"}],"wp:attachment":[{"href":"https:\/\/senoticias.com.br\/se\/wp-json\/wp\/v2\/media?parent=99123"}],"wp:term":[{"taxonomy":"category","embeddable":true,"href":"https:\/\/senoticias.com.br\/se\/wp-json\/wp\/v2\/categories?post=99123"},{"taxonomy":"post_tag","embeddable":true,"href":"https:\/\/senoticias.com.br\/se\/wp-json\/wp\/v2\/tags?post=99123"}],"curies":[{"name":"wp","href":"https:\/\/api.w.org\/{rel}","templated":true}]}}