{"id":99121,"date":"2017-01-02T07:12:37","date_gmt":"2017-01-02T10:12:37","guid":{"rendered":"http:\/\/senoticias.com.br\/se\/?p=99121"},"modified":"2017-01-02T08:16:57","modified_gmt":"2017-01-02T11:16:57","slug":"nitinho-vitale-e-novo-presidente-da-camara-de-vereadores","status":"publish","type":"post","link":"https:\/\/senoticias.com.br\/se\/nitinho-vitale-e-novo-presidente-da-camara-de-vereadores\/","title":{"rendered":"Nitinho Vitale \u00e9 novo presidente da C\u00e2mara de Vereadores"},"content":{"rendered":"<p style=\"text-align: justify;\"><em>por Moema Lopes*<\/em><\/p>\n<p style=\"text-align: justify;\">O vereador Nitinho Vitale \u00e9 o novo presidente da C\u00e2mara Municipal de Aracaju (CMA), numa elei\u00e7\u00e3o de mesa com uma chapa \u00fanica considerada hist\u00f3rica, ao contar com 15 votos favor\u00e1veis e nove absten\u00e7\u00f5es. O vereador Lucas Arib\u00e9, que foi um dos que se abstiveram de votar, explica porque o resultado da elei\u00e7\u00e3o foi in\u00e9dito.<\/p>\n<div id=\"attachment_99122\" style=\"width: 609px\" class=\"wp-caption aligncenter\"><img loading=\"lazy\" decoding=\"async\" aria-describedby=\"caption-attachment-99122\" class=\"size-full wp-image-99122\" src=\"http:\/\/senoticias.com.br\/se\/wp-content\/uploads\/2017\/01\/Nitinho-Vitale-presidente-SE-noticias-e1483355717629.jpg\" alt=\"Nitinho Vitale \u00e9 o novo presidente da C\u00e2mara (Fotos: Portal Infonet)\" width=\"599\" height=\"398\" \/><p id=\"caption-attachment-99122\" class=\"wp-caption-text\">Nitinho Vitale \u00e9 o novo presidente da C\u00e2mara (Fotos: Portal Infonet)<\/p><\/div>\n<p style=\"text-align: justify;\">\u201cMais de um ter\u00e7o dos vereadores se abstiveram de votar. Isso \u00e9 hist\u00f3rico porque tivemos um processo eleitoral que n\u00e3o passou pela discuss\u00e3o de plataformas de trabalho de como pretendem conduzir o legislativo e de que forma a C\u00e2mara ser\u00e1 acrescida. Foi uma elei\u00e7\u00e3o com interfer\u00eancia direta do Poder Executivo na composi\u00e7\u00e3o de uma chapa e tivemos a desist\u00eancia de outra chapa\u201d, disse, ao acrescentar que pode se iniciar uma crise institucional na C\u00e2mara de Vereadores.<\/p>\n<p style=\"text-align: justify;\">O vereador Nitinho demonstrou tranquilidade ao assumir a presid\u00eancia da C\u00e2mara de Vereadores junto com a equipe que comp\u00f5e a Chapa 1. \u201cProcurarei fazer uma gest\u00e3o justa para todos os vereadores, para a sociedade e tentar trazer para a C\u00e2mara aquilo que n\u00e3o foi feito anteriormente. Vin\u00edcius Porto foi um \u00f3timo presidente, tenho que reconhecer, mas a cadeira tem que ser dada para outro colega. Eu tive essa oportunidade e vou procurar exercer seguindo o que diz a lei e a constitui\u00e7\u00e3o brasileira\u201d, afirma Nitinho.<\/p>\n<p><strong>Foram 15 favor\u00e1veis e nove absten\u00e7\u00f5es<\/strong><\/p>\n<p style=\"text-align: justify;\">\u201cEu tor\u00e7o que o pr\u00f3ximo presidente, vereador Nitinho, d\u00ea continuidade aos bons projetos que n\u00f3s deixamos e melhore cada vez mais. O sentimento que tenho \u00e9 de dever cumprido, encontramos a C\u00e2mara numa situa\u00e7\u00e3o e estamos deixando em outra bem melhor\u201d, informou o ex-presidente da C\u00e2mara de Vereadores, vereador Vin\u00edcius Porto.<\/p>\n<p style=\"text-align: justify;\">Al\u00e9m de Lucas Arib\u00e9, os vereadores que se abstiveram de votar foram: Cabo Amintas, Em\u00edlia Correira, F\u00e1bio Meireles, Iran Barbosa, Seu Marcos, Zezinho do Santos Dumont (Noberto) e Vin\u00edcius Porto. E os que votaram \u201csim\u201d s\u00e3o: Anderson de Tuca, Palha\u00e7o Soneca, Ant\u00f4nio Bittencourt, Pastor Alves, Izaac, Jason Neto, Bigode do Santa Maria, Am\u00e9rico, Evandro, Doutor Gonzaga, Nitinho, Manuel Marcos, Priscila Lima (Kiti) e Thiaguinho Batalha.<\/p>\n<p style=\"text-align: justify;\">Com 15 votos a favor e nove absten\u00e7\u00f5es, ficou assim definida a nova Mesa Direta: Nitinho (PSD) \u2013 presidente; Juv\u00eancio Oliveira (DEM) \u2013 vice; Dr Gonzaga (PMDB) &#8211; 1\u00ba secret\u00e1rio; Isac (PCdoB) &#8211; 2\u00ba secret\u00e1rio e Thiaguinho Batalha (PMC) &#8211; 3\u00ba secret\u00e1rio.<\/p>\n<p style=\"text-align: justify;\"><img loading=\"lazy\" decoding=\"async\" class=\"aligncenter size-full wp-image-98981\" src=\"http:\/\/senoticias.com.br\/se\/wp-content\/uploads\/2016\/12\/Logo-fone-1-2-1-2.jpg\" alt=\"logo-fone-1-2-1\" width=\"599\" height=\"78\" srcset=\"https:\/\/senoticias.com.br\/se\/wp-content\/uploads\/2016\/12\/Logo-fone-1-2-1-2.jpg 599w, https:\/\/senoticias.com.br\/se\/wp-content\/uploads\/2016\/12\/Logo-fone-1-2-1-2-300x39.jpg 300w\" sizes=\"(max-width: 599px) 100vw, 599px\" \/><em><strong>Acompanhe tamb\u00e9m o SE Not\u00edcias no<\/strong><strong>\u00a0<\/strong><strong><a href=\"https:\/\/twitter.com\/Senoticias\">Twitter<\/a>,<\/strong><strong>\u00a0<\/strong><strong><a href=\"https:\/\/www.facebook.com\/senoticias1\">Facebook<\/a><\/strong><strong>\u00a0<\/strong><strong>e no<\/strong><a href=\"https:\/\/www.instagram.com\/senoticias\/\"><strong>\u00a0<\/strong><strong>Instagram<\/strong><\/a><\/em><\/p>\n<p><em>Por Moema Lopes, do <a href=\"http:\/\/www.infonet.com.br\/noticias\/politica\/ler.asp?id=195021\"><strong>Portal<\/strong><\/a> Infonet<\/em><\/p>\n","protected":false},"excerpt":{"rendered":"<p>por Moema Lopes* O vereador Nitinho Vitale \u00e9 o novo presidente da C\u00e2mara Municipal de Aracaju (CMA), numa elei\u00e7\u00e3o de mesa com uma chapa \u00fanica considerada hist\u00f3rica, ao contar com 15 votos favor\u00e1veis e nove absten\u00e7\u00f5es. O vereador Lucas Arib\u00e9, que foi um dos que se abstiveram de votar, explica porque o resultado da elei\u00e7\u00e3o [&hellip;]<\/p>\n","protected":false},"author":2,"featured_media":99122,"comment_status":"closed","ping_status":"closed","sticky":false,"template":"","format":"standard","meta":{"footnotes":""},"categories":[6],"tags":[],"class_list":{"0":"post-99121","1":"post","2":"type-post","3":"status-publish","4":"format-standard","5":"has-post-thumbnail","7":"category-politica"},"_links":{"self":[{"href":"https:\/\/senoticias.com.br\/se\/wp-json\/wp\/v2\/posts\/99121"}],"collection":[{"href":"https:\/\/senoticias.com.br\/se\/wp-json\/wp\/v2\/posts"}],"about":[{"href":"https:\/\/senoticias.com.br\/se\/wp-json\/wp\/v2\/types\/post"}],"author":[{"embeddable":true,"href":"https:\/\/senoticias.com.br\/se\/wp-json\/wp\/v2\/users\/2"}],"replies":[{"embeddable":true,"href":"https:\/\/senoticias.com.br\/se\/wp-json\/wp\/v2\/comments?post=99121"}],"version-history":[{"count":0,"href":"https:\/\/senoticias.com.br\/se\/wp-json\/wp\/v2\/posts\/99121\/revisions"}],"wp:featuredmedia":[{"embeddable":true,"href":"https:\/\/senoticias.com.br\/se\/wp-json\/wp\/v2\/media\/99122"}],"wp:attachment":[{"href":"https:\/\/senoticias.com.br\/se\/wp-json\/wp\/v2\/media?parent=99121"}],"wp:term":[{"taxonomy":"category","embeddable":true,"href":"https:\/\/senoticias.com.br\/se\/wp-json\/wp\/v2\/categories?post=99121"},{"taxonomy":"post_tag","embeddable":true,"href":"https:\/\/senoticias.com.br\/se\/wp-json\/wp\/v2\/tags?post=99121"}],"curies":[{"name":"wp","href":"https:\/\/api.w.org\/{rel}","templated":true}]}}