{"id":99119,"date":"2017-01-02T08:05:53","date_gmt":"2017-01-02T11:05:53","guid":{"rendered":"http:\/\/senoticias.com.br\/se\/?p=99119"},"modified":"2017-01-02T08:05:53","modified_gmt":"2017-01-02T11:05:53","slug":"edvaldo-nogueira-e-eliane-aquino-tomam-posse-em-aracaju","status":"publish","type":"post","link":"https:\/\/senoticias.com.br\/se\/edvaldo-nogueira-e-eliane-aquino-tomam-posse-em-aracaju\/","title":{"rendered":"Edvaldo Nogueira e Eliane Aquino tomam posse em Aracaju"},"content":{"rendered":"<p style=\"text-align: justify;\">O prefeito de Aracaju, Edvaldo Nogueira (PCdoB), e a vice-prefeita Eliane Aquino (PT) foram empossados, neste domingo (1\u00ba), pela C\u00e2mara de Vereadores da capital, em cerim\u00f4nia realizada no audit\u00f3rio do Tribunal de Justi\u00e7a de Sergipe. A solenidade, que reuniu centenas de pessoas, contou com a presen\u00e7a do governador Jackson Barreto (PMDB) e da presidente nacional do PCdoB, deputada federal Luciana Santos, al\u00e9m de pol\u00edticos, familiares e amigos. Em seu discurso, Edvaldo reafirmou seu compromisso em trabalhar para que Aracaju se torne uma cidade \u201cmais moderna e mais eficiente na presta\u00e7\u00e3o dos servi\u00e7os\u201d.<\/p>\n<p style=\"text-align: justify;\">\u201c\u00c9 com uma alegria indescrit\u00edvel que compare\u00e7o aqui, com imensa responsabilidade de corresponder \u00e0s esperan\u00e7as e anseios n\u00e3o apenas dos 146.271 eleitores que decidiram confiar a mim, mais uma vez, o destino de Aracaju nos pr\u00f3ximos quatro anos, mas de todos os cidad\u00e3os aracajuanos, sem distin\u00e7\u00e3o, que ter\u00e3o em mim o seu prefeito, o guardi\u00e3o dos deveres municipais e o zelador mais esfor\u00e7ado e apaixonado para servir ao povo desta cidade\u201d, afirmou ele.<\/p>\n<p style=\"text-align: justify;\">Para Edvaldo, o resultado da \u00faltima elei\u00e7\u00e3o significou a vit\u00f3ria do \u201cprojeto que apontava o melhor caminho para o futuro da cidade, tendo como garantia o trabalho j\u00e1 realizado\u201d. \u201cVenceu a confian\u00e7a na capacidade de trabalho de um grupo que j\u00e1 mostrou que sabe como fazer Aracaju avan\u00e7ar, e que tem um enorme patrim\u00f4nio de realiza\u00e7\u00f5es em nossa capital. Venceu a certeza do respeito \u00e0 \u00e9tica, e acima de tudo, a cren\u00e7a em quem re\u00fane as melhores condi\u00e7\u00f5es de mudar a nossa capital, na \u00fanica dire\u00e7\u00e3o que d\u00e1 sentido e legitimidade \u00e0s verdadeiras mudan\u00e7as: o caminho da evolu\u00e7\u00e3o, o caminho do futuro\u201d, destacou.<\/p>\n<p style=\"text-align: justify;\">Em seu discurso, o prefeito citou \u201co cen\u00e1rio conturbado que o pa\u00eds atravessa\u201d, marcado pelas crises econ\u00f4mica, pol\u00edtica e \u201cquase institucional\u201d. \u201c\u00c9 nesse contexto que salta aos olhos a elei\u00e7\u00e3o de uma chapa como a que compomos, eu e Eliane Aquino, aqui em Aracaju, que representa uma vit\u00f3ria em contraste com a onda conservadora que varreu o pa\u00eds nas \u00faltimas elei\u00e7\u00f5es, quando as for\u00e7as progressistas sofreram um duro rev\u00e9s. Na contram\u00e3o de um adverso cen\u00e1rio nacional, Aracaju mais uma vez d\u00e1 provas de autonomia e vanguardismo ao resto do pa\u00eds e se ergue, ao lado do Rio Branco, como a \u00fanica capital a eleger um prefeito e uma vice-prefeita situados no campo pol\u00edtico da esquerda\u201d, afirmou ele, sendo bastante aplaudido.<\/p>\n<p><strong>\u201cRetrato do caos\u201d<\/strong><\/p>\n<p style=\"text-align: justify;\">Ao descrever a situa\u00e7\u00e3o atual da prefeitura de Aracaju, Edvaldo a definiu como o \u201cretrato do caos\u201d. \u201cH\u00e1 desgoverno, desorganiza\u00e7\u00e3o, bagun\u00e7a e desmantelamento. Nos \u00faltimos quatro anos, as conquistas que nossa capital veio acumulando como legado de administra\u00e7\u00f5es operosas e transformadoras, como foram as de Jackson Barreto, Wellington Paix\u00e3o, Almeida Lima, Jo\u00e3o Augusto Gama, Marcelo D\u00e9da e a minha, foram desmontadas, uma a uma. A cidade que dava orgulho a todos os sergipanos e chegou a merecer o t\u00edtulo de Capital Brasileira da Qualidade de Vida, parou no tempo e regrediu\u201d, disse.<\/p>\n<p style=\"text-align: justify;\">Dito isso, ele reafirmou que \u201crecuperar o patamar de qualidade na presta\u00e7\u00e3o dos servi\u00e7os municipais que a cidade j\u00e1 havia alcan\u00e7ado vai exigir, sem sombra de d\u00favida, um gigantesco esfor\u00e7o\u201d. \u201cOs pr\u00f3ximos meses ser\u00e3o muito dif\u00edceis para a Prefeitura\u201d, frisou. \u201cTemos pela frente uma s\u00e9rie de desafios. Os primeiros, e mais urgentes, s\u00e3o a regulariza\u00e7\u00e3o do pagamento dos servidores e a normaliza\u00e7\u00e3o dos servi\u00e7os prestados pela rede municipal de sa\u00fade. N\u00e3o s\u00e3o desafios simples\u201d, pontuou.<\/p>\n<div id=\"attachment_99120\" style=\"width: 609px\" class=\"wp-caption aligncenter\"><img loading=\"lazy\" decoding=\"async\" aria-describedby=\"caption-attachment-99120\" class=\"size-full wp-image-99120\" src=\"http:\/\/senoticias.com.br\/se\/wp-content\/uploads\/2017\/01\/Edvaldo-e-Eleiane-tomam-posse-em-Aracaju-SE-Noticias-e1483354961399.jpg\" alt=\"A solenidade, que reuniu centenas de pessoas, contou com a presen\u00e7a do governador Jackson Barreto (PMDB) e da presidente nacional do PCdoB, deputada federal Luciana Santos. (Foto: Jana\u00edna Santos)\" width=\"599\" height=\"428\" \/><p id=\"caption-attachment-99120\" class=\"wp-caption-text\">A solenidade, que reuniu centenas de pessoas, contou com a presen\u00e7a do governador Jackson Barreto (PMDB) e da presidente nacional do PCdoB, deputada federal Luciana Santos. (Foto: Jana\u00edna Santos)<\/p><\/div>\n<p style=\"text-align: justify;\">Ao fazer um diagn\u00f3stico das contas municipais, o prefeito voltou a denunciar que a gest\u00e3o anterior deixou uma d\u00edvida que ultrapassa os R$ 500 milh\u00f5es. \u201cAssumo a Prefeitura sem que os funcion\u00e1rios tenham recebido o sal\u00e1rio de dezembro e parte do d\u00e9cimo-terceiro, e enfrentando ainda uma folha inchada, que triplicou de tamanho em quatro anos. Tudo isso \u00e9 agravado ainda mais pelo fato de que a situa\u00e7\u00e3o de descalabro financeiro do munic\u00edpio praticamente inviabiliza novos investimentos imediatos. Tomamos conhecimento que o montante de endividamento municipal gira em torno de R$ 500 milh\u00f5es. Isso \u00e9 quase um ter\u00e7o de todo o or\u00e7amento municipal aprovado para 2017. Por si s\u00f3 esse dado j\u00e1 descreve o n\u00edvel de engessamento que o primeiro ano de minha gest\u00e3o ter\u00e1 como heran\u00e7a da administra\u00e7\u00e3o anterior\u201d, ponderou.<\/p>\n<p style=\"text-align: justify;\">Por isso, o novo chefe do Executivo Municipal reafirmou que ir\u00e1 tomar medidas duras \u201cpara tentar sanear as finan\u00e7as da Prefeitura e restabelecer a normalidade administrativa\u201d. \u201c\u00c9 inevit\u00e1vel o corte de cargos comissionados, a redu\u00e7\u00e3o de despesas ao m\u00e1ximo, a intoler\u00e2ncia com qualquer gasto que n\u00e3o seja extremamente necess\u00e1rio, a diminui\u00e7\u00e3o de estruturas administrativas e at\u00e9 mesmo o corte de servi\u00e7os n\u00e3o essenciais ou n\u00e3o priorit\u00e1rios nessa etapa dif\u00edcil que vamos atravessar e que ser\u00e1 marcada por sacrif\u00edcios de toda equipe\u201d, ressaltou.<\/p>\n<p style=\"text-align: justify;\">Mesmo assim, Edvaldo se disse confiante na supera\u00e7\u00e3o das dificuldades. \u201cFui eleito para enfrentar os problemas e buscar as solu\u00e7\u00f5es para os desafios. Foi para isso que o povo aracajuano me elegeu mais uma vez. N\u00e3o quero e n\u00e3o vou ficar olhando para o passado ou me lamentando pelas adversidades. Por isso mesmo, quero reafirmar aqui os compromissos que assumi com o povo durante a campanha, a come\u00e7ar pela revoga\u00e7\u00e3o do aumento do IPTU, que imp\u00f5e \u00e0 popula\u00e7\u00e3o um aumento progressivo de 30% anual at\u00e9 2022. A Prefeitura enfrenta grav\u00edssimas dificuldades administrativas, \u00e9 verdade. \u00c9 verdade tamb\u00e9m que precisamos aumentar a arrecada\u00e7\u00e3o e a efici\u00eancia tribut\u00e1ria. Mas em nenhum momento vamos permitir que o povo de Aracaju pague injustamente esse pre\u00e7o. A situa\u00e7\u00e3o calamitosa que a Prefeitura enfrenta vai exigir sacrif\u00edcios de todos. Mas sacrif\u00edcios que possamos realizar. Quero tamb\u00e9m reafirmar aqui meu compromisso de trabalhar e lutar para regularizar o pagamento dos sal\u00e1rios dos servidores p\u00fablicos\u201d, afirmou.<\/p>\n<p style=\"text-align: justify;\">Ao final do seu discurso, Edvaldo se emocionou ao agradecer aos familiares. Ele tamb\u00e9m agradeceu aos partidos aliados, \u00e0s lideran\u00e7as pol\u00edticas e comunit\u00e1rias e \u00e0 milit\u00e2ncia. A transmiss\u00e3o do cargo a Edvaldo foi feita pelo ex-vice-prefeito Jos\u00e9 Carlos Machado (PSDB). O ex-prefeito Jo\u00e3o Alves Filho (DEM) n\u00e3o compareceu \u00e0 solenidade. Edvaldo e Eliane foram empossados pelo presidente da C\u00e2mara, Josenito Vitale (PSD), para um mandato que se estender\u00e1 at\u00e9 o dia 31 de dezembro de 2020. Ap\u00f3s a posse, eles fizeram a Revista \u00e0 Tropa da Guarda Municipal e receberam os cumprimentos da popula\u00e7\u00e3o.<\/p>\n<p><strong>\u201cCuidar das pessoas\u201d<\/strong><\/p>\n<p style=\"text-align: justify;\">Na mesma linha, a vice-prefeita Eliane Aquino se disse preparada para contribuir com o desenvolvimento da cidade, com foco em \u201ccuidar das pessoas\u201d. \u201cAs obras s\u00e3o importantes, mas as pessoas s\u00e3o mais importantes do que qualquer coisa. A d\u00edvida deixada \u00e9 grande, mas iremos trabalhar muito para melhorar a vida das pessoas\u201d, salientou.<\/p>\n<p style=\"text-align: justify;\">O governador Jackson Barreto (PMDB) reconheceu que os novos gestores ter\u00e3o uma tarefa \u201cmuito dif\u00edcil pela frente\u201d, mas reafirmou sua confian\u00e7a em Edvaldo e Eliane. \u201cEles s\u00e3o gestores com olhos e cora\u00e7\u00e3o voltados para a periferia da nossa cidade\u201d. \u201cA palavra de ordem agora \u00e9 trabalhar, arrega\u00e7ar as mangas e compreender e superar as dificuldades\u201d, disse.<\/p>\n<p style=\"text-align: justify;\">A presidente nacional do PCdoB, Luciana Santos, destacou que a elei\u00e7\u00e3o de Edvaldo foi a \u201cvit\u00f3ria mais expressiva\u201d que o partido conquistou no pa\u00eds\u201d. \u201cFico feliz porque sei muito bem da capacidade, da compet\u00eancia pol\u00edtica e da dedica\u00e7\u00e3o de Edvaldo. Ele est\u00e1 muito motivado. O PCdoB tem plena confian\u00e7a em Edvaldo\u201d, afirmou.<\/p>\n<p style=\"text-align: justify;\"><img loading=\"lazy\" decoding=\"async\" class=\"aligncenter size-full wp-image-98981\" src=\"http:\/\/senoticias.com.br\/se\/wp-content\/uploads\/2016\/12\/Logo-fone-1-2-1-2.jpg\" alt=\"logo-fone-1-2-1\" width=\"599\" height=\"78\" srcset=\"https:\/\/senoticias.com.br\/se\/wp-content\/uploads\/2016\/12\/Logo-fone-1-2-1-2.jpg 599w, https:\/\/senoticias.com.br\/se\/wp-content\/uploads\/2016\/12\/Logo-fone-1-2-1-2-300x39.jpg 300w\" sizes=\"(max-width: 599px) 100vw, 599px\" \/><\/p>\n<p style=\"text-align: justify;\"><em><strong>Acompanhe tamb\u00e9m o SE Not\u00edcias no<\/strong><strong>\u00a0<\/strong><strong><a href=\"https:\/\/twitter.com\/Senoticias\">Twitter<\/a>,<\/strong><strong>\u00a0<\/strong><strong><a href=\"https:\/\/www.facebook.com\/senoticias1\">Facebook<\/a><\/strong><strong>\u00a0<\/strong><strong>e no<\/strong><a href=\"https:\/\/www.instagram.com\/senoticias\/\"><strong>\u00a0<\/strong><strong>Instagram<\/strong><\/a><\/em><\/p>\n<p style=\"text-align: justify;\"><em>Da Ascom\/Edvaldo<\/em><\/p>\n","protected":false},"excerpt":{"rendered":"<p>O prefeito de Aracaju, Edvaldo Nogueira (PCdoB), e a vice-prefeita Eliane Aquino (PT) foram empossados, neste domingo (1\u00ba), pela C\u00e2mara de Vereadores da capital, em cerim\u00f4nia realizada no audit\u00f3rio do Tribunal de Justi\u00e7a de Sergipe. A solenidade, que reuniu centenas de pessoas, contou com a presen\u00e7a do governador Jackson Barreto (PMDB) e da presidente nacional [&hellip;]<\/p>\n","protected":false},"author":2,"featured_media":99120,"comment_status":"closed","ping_status":"closed","sticky":false,"template":"","format":"standard","meta":{"footnotes":""},"categories":[15],"tags":[],"class_list":{"0":"post-99119","1":"post","2":"type-post","3":"status-publish","4":"format-standard","5":"has-post-thumbnail","7":"category-destaques"},"_links":{"self":[{"href":"https:\/\/senoticias.com.br\/se\/wp-json\/wp\/v2\/posts\/99119"}],"collection":[{"href":"https:\/\/senoticias.com.br\/se\/wp-json\/wp\/v2\/posts"}],"about":[{"href":"https:\/\/senoticias.com.br\/se\/wp-json\/wp\/v2\/types\/post"}],"author":[{"embeddable":true,"href":"https:\/\/senoticias.com.br\/se\/wp-json\/wp\/v2\/users\/2"}],"replies":[{"embeddable":true,"href":"https:\/\/senoticias.com.br\/se\/wp-json\/wp\/v2\/comments?post=99119"}],"version-history":[{"count":0,"href":"https:\/\/senoticias.com.br\/se\/wp-json\/wp\/v2\/posts\/99119\/revisions"}],"wp:featuredmedia":[{"embeddable":true,"href":"https:\/\/senoticias.com.br\/se\/wp-json\/wp\/v2\/media\/99120"}],"wp:attachment":[{"href":"https:\/\/senoticias.com.br\/se\/wp-json\/wp\/v2\/media?parent=99119"}],"wp:term":[{"taxonomy":"category","embeddable":true,"href":"https:\/\/senoticias.com.br\/se\/wp-json\/wp\/v2\/categories?post=99119"},{"taxonomy":"post_tag","embeddable":true,"href":"https:\/\/senoticias.com.br\/se\/wp-json\/wp\/v2\/tags?post=99119"}],"curies":[{"name":"wp","href":"https:\/\/api.w.org\/{rel}","templated":true}]}}