{"id":99094,"date":"2016-12-30T14:08:24","date_gmt":"2016-12-30T17:08:24","guid":{"rendered":"http:\/\/senoticias.com.br\/se\/?p=99094"},"modified":"2016-12-30T14:08:24","modified_gmt":"2016-12-30T17:08:24","slug":"joao-alves-deixara-divida-de-mais-de-r-500-milhoes-informa-edvaldo","status":"publish","type":"post","link":"https:\/\/senoticias.com.br\/se\/joao-alves-deixara-divida-de-mais-de-r-500-milhoes-informa-edvaldo\/","title":{"rendered":"Jo\u00e3o Alves deixar\u00e1 d\u00edvida de mais de R$ 500 milh\u00f5es, informa Edvaldo"},"content":{"rendered":"<div style=\"text-align: justify;\">O futuro prefeito de Aracaju, Edvaldo Nogueira (PCdoB), afirmou, nesta sexta-feira (30), que a d\u00edvida que o atual gestor, Jo\u00e3o Alves Filho (DEM), deixar\u00e1 na administra\u00e7\u00e3o municipal supera os R$ 500 milh\u00f5es. Tal valor, alertou o novo prefeito, representar\u00e1 quase 30% de todo o or\u00e7amento da prefeitura para 2017.\u00a0 Nestas condi\u00e7\u00f5es, Edvaldo voltou a afirmar que ir\u00e1 implantar uma severa pol\u00edtica de enxugamento da m\u00e1quina, com redu\u00e7\u00e3o de ate 60% dos cargos comissionados, revis\u00e3o de contratos e diminui\u00e7\u00e3o de secretarias.<\/p>\n<div id=\"attachment_99095\" style=\"width: 527px\" class=\"wp-caption aligncenter\"><img loading=\"lazy\" decoding=\"async\" aria-describedby=\"caption-attachment-99095\" class=\"size-full wp-image-99095\" src=\"http:\/\/senoticias.com.br\/se\/wp-content\/uploads\/2016\/12\/Edvaldo-Nogueira-no-Balanco-Geral-SE-Noticias.jpg\" alt=\"Edvaldo: Jo\u00e3o deixar\u00e1 d\u00edvida de mais de R$ 500 milh\u00f5es. (Foto: Ascom\/Edvaldo)\" width=\"517\" height=\"612\" srcset=\"https:\/\/senoticias.com.br\/se\/wp-content\/uploads\/2016\/12\/Edvaldo-Nogueira-no-Balanco-Geral-SE-Noticias.jpg 517w, https:\/\/senoticias.com.br\/se\/wp-content\/uploads\/2016\/12\/Edvaldo-Nogueira-no-Balanco-Geral-SE-Noticias-253x300.jpg 253w\" sizes=\"(max-width: 517px) 100vw, 517px\" \/><p id=\"caption-attachment-99095\" class=\"wp-caption-text\">Edvaldo: Jo\u00e3o deixar\u00e1 d\u00edvida de mais de R$ 500 milh\u00f5es. (Foto: Ascom\/Edvaldo)<\/p><\/div>\n<\/div>\n<div style=\"text-align: justify;\"><\/div>\n<div style=\"text-align: justify;\">&#8220;A d\u00edvida de Aracaju \u00e9 de mais de R$ 500 milh\u00f5es, que a atual gest\u00e3o vai deixar, em decorr\u00eancia de contratos a pagar, sal\u00e1rios e benef\u00edcios de servidores atrasados. Quase 30% do or\u00e7amento. Por isso, vamos cortar gastos para garantir o pagamento dos servidores, para fazer a Sa\u00fade voltar a funcionar, limpar a cidade e recapear as ruas. O exemplo que iremos come\u00e7ar a dar \u00e9 cortar at\u00e9 60% dos cargos comissionados, organizar a administra\u00e7\u00e3o. Vamos tamb\u00e9m diminuir o uso de carros e telefones, al\u00e9m de ajustar a arrecada\u00e7\u00e3o. Tem muita coisa saindo pelo ralo atualmente&#8221;, afirmou ele, em entrevista ao programa Balan\u00e7o Geral Manh\u00e3, da TV Atalaia.<\/div>\n<div><\/div>\n<div style=\"text-align: justify;\">Ele antecipou ainda que ir\u00e1 buscar recursos federais para realizar obras e melhorar os servi\u00e7os municipais. &#8220;Vamos buscar recursos em empr\u00e9stimos com bancos e conv\u00eanios junto ao governo federal para retomar obras e a\u00e7\u00f5es. A situa\u00e7\u00e3o \u00e9 muito dif\u00edcil: postos parados, sal\u00e1rios atrasados, merenda escolar suspensa, muito lixo nas ruas e at\u00e9 corte de energia da prefeitura. Nunca tinha visto Aracaju com tamanha dificuldade. Mas a popula\u00e7\u00e3o nos confiou o comando da cidade. Vamos arrega\u00e7ar as mangas e resolver, aos poucos, os problemas para retomar a qualidade de vida dos aracajuanos&#8221;, disse.<\/div>\n<div style=\"text-align: justify;\"><\/div>\n<div style=\"text-align: justify;\">Em resposta aos questionamentos feitos pela apresentadora e jornalista Priscila Andrade, o prefeito eleito explicou como pretende lidar com os problemas relacionados \u00e0 ilumina\u00e7\u00e3o p\u00fablica e o aumento da viol\u00eancia. &#8220;Com a taxa de ilumina\u00e7\u00e3o p\u00fablica, imposto este criado pelo atual prefeito, cerca de R$ 14 milh\u00f5es ao ano s\u00e3o arrecadados. Com este dinheiro, vamos melhorar a ilumina\u00e7\u00e3o da cidade. Isto j\u00e1 contribuir\u00e1 para inibir a a\u00e7\u00e3o dos criminosos. Al\u00e9m disso, nossa ideia \u00e9 tamb\u00e9m colocar a Guarda Municipal em parceria com as pol\u00edcias Militar e Civil para melhorar a seguran\u00e7a dos aracajuanos. Tenho muita esperan\u00e7a e disposi\u00e7\u00e3o de que iremos alcan\u00e7ar este objetivo&#8221;, afirmou.<\/div>\n<div style=\"text-align: justify;\"><img loading=\"lazy\" decoding=\"async\" class=\"aligncenter size-full wp-image-98981\" src=\"http:\/\/senoticias.com.br\/se\/wp-content\/uploads\/2016\/12\/Logo-fone-1-2-1-2.jpg\" alt=\"logo-fone-1-2-1\" width=\"599\" height=\"78\" srcset=\"https:\/\/senoticias.com.br\/se\/wp-content\/uploads\/2016\/12\/Logo-fone-1-2-1-2.jpg 599w, https:\/\/senoticias.com.br\/se\/wp-content\/uploads\/2016\/12\/Logo-fone-1-2-1-2-300x39.jpg 300w\" sizes=\"(max-width: 599px) 100vw, 599px\" \/><\/div>\n<div style=\"text-align: justify;\"><em><strong>Acompanhe tamb\u00e9m o SE Not\u00edcias no<\/strong><strong>\u00a0<\/strong><strong><a href=\"https:\/\/twitter.com\/Senoticias\">Twitter<\/a>,<\/strong><strong>\u00a0<\/strong><strong><a href=\"https:\/\/www.facebook.com\/senoticias1\">Facebook<\/a><\/strong><strong>\u00a0<\/strong><strong>e no<\/strong><a href=\"https:\/\/www.instagram.com\/senoticias\/\"><strong>\u00a0<\/strong><strong>Instagram<\/strong><\/a><\/em><\/div>\n<div style=\"text-align: justify;\"><\/div>\n<div style=\"text-align: justify;\">Ascom\/Edvaldo<\/div>\n","protected":false},"excerpt":{"rendered":"<p>O futuro prefeito de Aracaju, Edvaldo Nogueira (PCdoB), afirmou, nesta sexta-feira (30), que a d\u00edvida que o atual gestor, Jo\u00e3o Alves Filho (DEM), deixar\u00e1 na administra\u00e7\u00e3o municipal supera os R$ 500 milh\u00f5es. Tal valor, alertou o novo prefeito, representar\u00e1 quase 30% de todo o or\u00e7amento da prefeitura para 2017.\u00a0 Nestas condi\u00e7\u00f5es, Edvaldo voltou a afirmar [&hellip;]<\/p>\n","protected":false},"author":2,"featured_media":99095,"comment_status":"closed","ping_status":"closed","sticky":false,"template":"","format":"standard","meta":{"footnotes":""},"categories":[1461],"tags":[698,1837,1836],"class_list":{"0":"post-99094","1":"post","2":"type-post","3":"status-publish","4":"format-standard","5":"has-post-thumbnail","7":"category-eleicoes-2016","8":"tag-edvaldo-nogueira","9":"tag-joao-deixa-divida-de-500-ilhoes","10":"tag-joao-vai-deixar-divida-de-500-milhoes"},"_links":{"self":[{"href":"https:\/\/senoticias.com.br\/se\/wp-json\/wp\/v2\/posts\/99094"}],"collection":[{"href":"https:\/\/senoticias.com.br\/se\/wp-json\/wp\/v2\/posts"}],"about":[{"href":"https:\/\/senoticias.com.br\/se\/wp-json\/wp\/v2\/types\/post"}],"author":[{"embeddable":true,"href":"https:\/\/senoticias.com.br\/se\/wp-json\/wp\/v2\/users\/2"}],"replies":[{"embeddable":true,"href":"https:\/\/senoticias.com.br\/se\/wp-json\/wp\/v2\/comments?post=99094"}],"version-history":[{"count":0,"href":"https:\/\/senoticias.com.br\/se\/wp-json\/wp\/v2\/posts\/99094\/revisions"}],"wp:featuredmedia":[{"embeddable":true,"href":"https:\/\/senoticias.com.br\/se\/wp-json\/wp\/v2\/media\/99095"}],"wp:attachment":[{"href":"https:\/\/senoticias.com.br\/se\/wp-json\/wp\/v2\/media?parent=99094"}],"wp:term":[{"taxonomy":"category","embeddable":true,"href":"https:\/\/senoticias.com.br\/se\/wp-json\/wp\/v2\/categories?post=99094"},{"taxonomy":"post_tag","embeddable":true,"href":"https:\/\/senoticias.com.br\/se\/wp-json\/wp\/v2\/tags?post=99094"}],"curies":[{"name":"wp","href":"https:\/\/api.w.org\/{rel}","templated":true}]}}