{"id":99084,"date":"2016-12-29T22:35:06","date_gmt":"2016-12-30T01:35:06","guid":{"rendered":"http:\/\/senoticias.com.br\/se\/?p=99084"},"modified":"2016-12-29T22:35:06","modified_gmt":"2016-12-30T01:35:06","slug":"governo-do-estado-inicia-pagamento-de-servidores-nesta-quinta-dia-29","status":"publish","type":"post","link":"https:\/\/senoticias.com.br\/se\/governo-do-estado-inicia-pagamento-de-servidores-nesta-quinta-dia-29\/","title":{"rendered":"Governo do Estado inicia pagamento de servidores nesta quinta, dia 29"},"content":{"rendered":"<p style=\"text-align: justify;\">Receberam hoje, os funcion\u00e1rios da educa\u00e7\u00e3o lotados nas escolas: professores em sala de aula, oficiais administrativos, vigilantes e merendeiras, que s\u00e3o aqueles que t\u00eam direito a receber pelos recursos do Fundeb. Funcion\u00e1rios da Segrase, Sergipeprevid\u00eancia e aposentados e pensionistas do Funprev tamb\u00e9m receberam nesta quinta.<\/p>\n<div id=\"attachment_57330\" style=\"width: 490px\" class=\"wp-caption aligncenter\"><img loading=\"lazy\" decoding=\"async\" aria-describedby=\"caption-attachment-57330\" class=\"size-full wp-image-57330\" src=\"http:\/\/senoticias.com.br\/se\/wp-content\/uploads\/2013\/12\/dinheiro.jpg\" alt=\"Governo inicia pagamento de servidores nesta quinta, dia 29     (Foto: Reprodu\u00e7\u00e3o)\" width=\"480\" height=\"270\" srcset=\"https:\/\/senoticias.com.br\/se\/wp-content\/uploads\/2013\/12\/dinheiro.jpg 480w, https:\/\/senoticias.com.br\/se\/wp-content\/uploads\/2013\/12\/dinheiro-300x168.jpg 300w, https:\/\/senoticias.com.br\/se\/wp-content\/uploads\/2013\/12\/dinheiro-342x192.jpg 342w\" sizes=\"(max-width: 480px) 100vw, 480px\" \/><p id=\"caption-attachment-57330\" class=\"wp-caption-text\">Governo inicia pagamento de servidores nesta quinta, dia 29 (foto: arquivo\/Ag\u00eancia Brasil)<\/p><\/div>\n<p style=\"text-align: justify;\">O governo do Estado iniciou o pagamento dos servidores estaduais referente ao m\u00eas de dezembro nesta quinta-feira, dia 29. Receberam hoje, os funcion\u00e1rios da educa\u00e7\u00e3o lotados nas escolas: professores em sala de aula, oficiais administrativos, vigilantes e merendeiras, que s\u00e3o aqueles que t\u00eam direito a receber pelos recursos do Fundeb.<\/p>\n<p style=\"text-align: justify;\">Funcion\u00e1rios da Segrase, Sergipeprevid\u00eancia e aposentados e pensionistas do Funprev tamb\u00e9m receberam nesta quinta.<\/p>\n<p>Na sexta, dia 30, recebem os funcion\u00e1rios da Funda\u00e7\u00e3o Hospitalar de Sa\u00fade.<\/p>\n<p style=\"text-align: justify;\">No decorrer da pr\u00f3xima semana, a Secretaria de Estado da Fazenda (Sefaz) divulgar\u00e1 as datas de pagamento de demais estatut\u00e1rios, celetistas, aposentados e pensionistas do Finanprev.<\/p>\n<p style=\"text-align: justify;\"><img loading=\"lazy\" decoding=\"async\" class=\"aligncenter size-full wp-image-98981\" src=\"http:\/\/senoticias.com.br\/se\/wp-content\/uploads\/2016\/12\/Logo-fone-1-2-1-2.jpg\" alt=\"logo-fone-1-2-1\" width=\"599\" height=\"78\" srcset=\"https:\/\/senoticias.com.br\/se\/wp-content\/uploads\/2016\/12\/Logo-fone-1-2-1-2.jpg 599w, https:\/\/senoticias.com.br\/se\/wp-content\/uploads\/2016\/12\/Logo-fone-1-2-1-2-300x39.jpg 300w\" sizes=\"(max-width: 599px) 100vw, 599px\" \/><\/p>\n<p style=\"text-align: justify;\"><em><strong>Acompanhe tamb\u00e9m o SE Not\u00edcias no<\/strong><strong>\u00a0<\/strong><strong><a href=\"https:\/\/twitter.com\/Senoticias\">Twitter<\/a>,<\/strong><strong>\u00a0<\/strong><strong><a href=\"https:\/\/www.facebook.com\/senoticias1\">Facebook<\/a><\/strong><strong>\u00a0<\/strong><strong>e no<\/strong><a href=\"https:\/\/www.instagram.com\/senoticias\/\"><strong>\u00a0<\/strong><strong>Instagram<\/strong><\/a><\/em><\/p>\n<p><strong><em>Secretaria de Estado da Comunicac\u00e3o Social <\/em><\/strong><br \/>\n<strong><em>Governo de Sergipe <\/em><\/strong><\/p>\n","protected":false},"excerpt":{"rendered":"<p>Receberam hoje, os funcion\u00e1rios da educa\u00e7\u00e3o lotados nas escolas: professores em sala de aula, oficiais administrativos, vigilantes e merendeiras, que s\u00e3o aqueles que t\u00eam direito a receber pelos recursos do Fundeb. Funcion\u00e1rios da Segrase, Sergipeprevid\u00eancia e aposentados e pensionistas do Funprev tamb\u00e9m receberam nesta quinta. O governo do Estado iniciou o pagamento dos servidores estaduais [&hellip;]<\/p>\n","protected":false},"author":2,"featured_media":57330,"comment_status":"closed","ping_status":"closed","sticky":false,"template":"","format":"standard","meta":{"footnotes":""},"categories":[6],"tags":[],"class_list":{"0":"post-99084","1":"post","2":"type-post","3":"status-publish","4":"format-standard","5":"has-post-thumbnail","7":"category-politica"},"_links":{"self":[{"href":"https:\/\/senoticias.com.br\/se\/wp-json\/wp\/v2\/posts\/99084"}],"collection":[{"href":"https:\/\/senoticias.com.br\/se\/wp-json\/wp\/v2\/posts"}],"about":[{"href":"https:\/\/senoticias.com.br\/se\/wp-json\/wp\/v2\/types\/post"}],"author":[{"embeddable":true,"href":"https:\/\/senoticias.com.br\/se\/wp-json\/wp\/v2\/users\/2"}],"replies":[{"embeddable":true,"href":"https:\/\/senoticias.com.br\/se\/wp-json\/wp\/v2\/comments?post=99084"}],"version-history":[{"count":0,"href":"https:\/\/senoticias.com.br\/se\/wp-json\/wp\/v2\/posts\/99084\/revisions"}],"wp:featuredmedia":[{"embeddable":true,"href":"https:\/\/senoticias.com.br\/se\/wp-json\/wp\/v2\/media\/57330"}],"wp:attachment":[{"href":"https:\/\/senoticias.com.br\/se\/wp-json\/wp\/v2\/media?parent=99084"}],"wp:term":[{"taxonomy":"category","embeddable":true,"href":"https:\/\/senoticias.com.br\/se\/wp-json\/wp\/v2\/categories?post=99084"},{"taxonomy":"post_tag","embeddable":true,"href":"https:\/\/senoticias.com.br\/se\/wp-json\/wp\/v2\/tags?post=99084"}],"curies":[{"name":"wp","href":"https:\/\/api.w.org\/{rel}","templated":true}]}}