{"id":99079,"date":"2016-12-29T20:30:31","date_gmt":"2016-12-29T23:30:31","guid":{"rendered":"http:\/\/senoticias.com.br\/se\/?p=99079"},"modified":"2016-12-31T06:23:59","modified_gmt":"2016-12-31T09:23:59","slug":"ao-fim-da-gestao-prefeitura-de-itaporanga-inaugura-predio-do-programa-bolsa-familia","status":"publish","type":"post","link":"https:\/\/senoticias.com.br\/se\/ao-fim-da-gestao-prefeitura-de-itaporanga-inaugura-predio-do-programa-bolsa-familia\/","title":{"rendered":"Ao fim da gest\u00e3o, Prefeitura de Itaporanga inaugura pr\u00e9dio do Programa Bolsa Fam\u00edlia"},"content":{"rendered":"<p style=\"text-align: justify;\">A Prefeitura de Itaporanga D&#8217;Ajuda, atrav\u00e9s da Secretaria de Assist\u00eancia Social, inaugurou, na tarde desta quinta-feira (29), na Avenida\u00a0Deputado Jos\u00e9\u00a0Conde Sobral, na sede do munic\u00edpio, a reforma e amplia\u00e7\u00e3o do pr\u00e9dio do Cadastro \u00danico para Programas Sociais (Cad\u00danico) Francisco Sobral Neto. As interven\u00e7\u00f5es foram feitas visando dar mais conforto e comodidade a equipe t\u00e9cnica e a comunidade itaporanguense que procura pelos servi\u00e7os do Programa.<\/p>\n<div id=\"attachment_99081\" style=\"width: 609px\" class=\"wp-caption aligncenter\"><img loading=\"lazy\" decoding=\"async\" aria-describedby=\"caption-attachment-99081\" class=\"size-full wp-image-99081\" src=\"http:\/\/senoticias.com.br\/se\/wp-content\/uploads\/2016\/12\/IMG_1132-e1483055396421.jpg\" alt=\"Prefeitura realiza melhorias no pr\u00e9dio do Programa Bolsa Fam\u00edlia (foto: ascom\/Itaporanga)\" width=\"599\" height=\"399\" \/><p id=\"caption-attachment-99081\" class=\"wp-caption-text\">Prefeitura realiza melhorias no pr\u00e9dio do Programa Bolsa Fam\u00edlia (foto: ascom\/Itaporanga)<\/p><\/div>\n<p style=\"text-align: justify;\">A obra contou com recursos da Prefeitura e do Governo Federal, atrav\u00e9s do Minist\u00e9rio do Desenvolvimento Social e Agr\u00e1rio (MDS). O pr\u00e9dio foi totalmente reformado e ampliado. Al\u00e9m disso, o programa recebeu novos computadores, que v\u00e3o auxiliar os funcion\u00e1rios no trabalho de abertura e atualiza\u00e7\u00e3o de cadastros. Al\u00e9m de Geladeira, Fog\u00e3o, \u00a0TV, novos bir\u00f4s, cadeiras e arm\u00e1rios.<\/p>\n<p style=\"text-align: justify;\">O Cadastro \u00danico \u00e9 um instrumento que identifica e caracteriza as fam\u00edlias de baixa renda, entendidas como aquelas que possuem renda mensal de at\u00e9 meio sal\u00e1rio m\u00ednimo por pessoa; ou renda mensal total de at\u00e9 tr\u00eas sal\u00e1rios m\u00ednimos. O Cadastro \u00danico traz informa\u00e7\u00f5es de todo o n\u00facleo familiar, das caracter\u00edsticas do domic\u00edlio, tamb\u00e9m, dados de cada um dos componentes da fam\u00edlia. A partir da\u00ed, o Poder P\u00fablico pode formular e implementar pol\u00edticas espec\u00edficas, que contribuem para a redu\u00e7\u00e3o das vulnerabilidades sociais a que essas fam\u00edlias est\u00e3o expostas.<\/p>\n<p style=\"text-align: justify;\">As fam\u00edlias com renda superior a meio sal\u00e1rio m\u00ednimo tamb\u00e9m podem ser cadastradas, desde que sua inser\u00e7\u00e3o esteja vinculada \u00e0 inclus\u00e3o e\/ou perman\u00eancia em programas sociais implementados pelo Poder P\u00fablico nas tr\u00eas esferas do governo.<\/p>\n<p style=\"text-align: justify;\">Para a prefeita Maria das Gra\u00e7as (Gracinha), que foi recebida com aplausos e bastante cumprimentada pelos servidores, a entrega de mais uma obra \u00e9 a consolida\u00e7\u00e3o do compromisso da gest\u00e3o Faz Mais Por Voc\u00ea com a popula\u00e7\u00e3o mais carente do munic\u00edpio.<\/p>\n<p style=\"text-align: justify;\">\u201cO meu compromisso \u00e9 oferecer acolhimento humano as fam\u00edlias de baixa renda, tanto da sede do munic\u00edpio como dos povoados. Investimos na reforma e amplia\u00e7\u00e3o do Cad-\u00danico para oferecer atendimento de qualidade a popula\u00e7\u00e3o mais carente. A popula\u00e7\u00e3o merece receber um atendimento com mais humanidade e em um ambiente bonito e confort\u00e1vel, onde as pessoas se sentem acolhidas. Cuidar do meu povo \u00e9 uma miss\u00e3o que me enche de prazer\u201d, concluiu a prefeita.<\/p>\n<p style=\"text-align: justify;\"><strong>O cadastro possibilita as estas fam\u00edlias a inser\u00e7\u00e3o em diversos programas e benef\u00edcios:<\/strong><\/p>\n<p>Programa Bolsa Fam\u00edlia<br \/>\nPrograma Minha Casa Minha Vida<br \/>\nBeneficio de Presta\u00e7\u00e3o Continuada \u2013 BPC<br \/>\nCarteira Interestadual do Idoso<br \/>\nCurso de Forma\u00e7\u00e3o Profissional \u2013 Pronatec<br \/>\nPrograma de Erradica\u00e7\u00e3o do Trabalho Infantil \u2013 PETI<br \/>\nINSS Dona de Casa;<br \/>\nIsen\u00e7\u00e3o na taxa de Concurso P\u00fablico<br \/>\nTarifa Social de Energia<\/p>\n<p><strong>Presen\u00e7as<\/strong><\/p>\n<p style=\"text-align: justify;\">Al\u00e9m das dezenas\u00a0de moradores e lideran\u00e7as comunit\u00e1rias, estiveram presentes \u00e0 solenidade de inaugura\u00e7\u00e3o\u00a0do pr\u00e9dio do cad-\u00fanico, a prefeita Gracinha e os secret\u00e1rios municipais: \u00a0Igor Garez( Obras e Transporte), Elis\u00f4nia Lisboa (Sa\u00fade), Rubens Murilo (Administra\u00e7\u00e3o), Doralice Alfano (Educa\u00e7\u00e3o), Luciana Sobral\u00a0(Assist\u00eancia Social, \u00a0e Rafaela Ribeiro Santos Cruz, coordenadora do Bolsa fam\u00edlia.<\/p>\n<p style=\"text-align: justify;\">Clique <a href=\"https:\/\/www.facebook.com\/pmitaporanga\/posts\/1052652134880055\"><strong>AQUI<\/strong> <\/a>e veja a galeria de fotos<\/p>\n<p style=\"text-align: justify;\"><img loading=\"lazy\" decoding=\"async\" class=\"aligncenter size-full wp-image-98981\" src=\"http:\/\/senoticias.com.br\/se\/wp-content\/uploads\/2016\/12\/Logo-fone-1-2-1-2.jpg\" alt=\"logo-fone-1-2-1\" width=\"599\" height=\"78\" srcset=\"https:\/\/senoticias.com.br\/se\/wp-content\/uploads\/2016\/12\/Logo-fone-1-2-1-2.jpg 599w, https:\/\/senoticias.com.br\/se\/wp-content\/uploads\/2016\/12\/Logo-fone-1-2-1-2-300x39.jpg 300w\" sizes=\"(max-width: 599px) 100vw, 599px\" \/><\/p>\n<p style=\"text-align: justify;\"><em><strong>Acompanhe tamb\u00e9m o SE Not\u00edcias no<\/strong><strong>\u00a0<\/strong><strong><a href=\"https:\/\/twitter.com\/Senoticias\">Twitter<\/a>,<\/strong><strong>\u00a0<\/strong><strong><a href=\"https:\/\/www.facebook.com\/senoticias1\">Facebook<\/a><\/strong><strong>\u00a0<\/strong><strong>e no<\/strong><a href=\"https:\/\/www.instagram.com\/senoticias\/\"><strong>\u00a0<\/strong><strong>Instagram<\/strong><\/a><\/em><\/p>\n","protected":false},"excerpt":{"rendered":"<p>A Prefeitura de Itaporanga D&#8217;Ajuda, atrav\u00e9s da Secretaria de Assist\u00eancia Social, inaugurou, na tarde desta quinta-feira (29), na Avenida\u00a0Deputado Jos\u00e9\u00a0Conde Sobral, na sede do munic\u00edpio, a reforma e amplia\u00e7\u00e3o do pr\u00e9dio do Cadastro \u00danico para Programas Sociais (Cad\u00danico) Francisco Sobral Neto. As interven\u00e7\u00f5es foram feitas visando dar mais conforto e comodidade a equipe t\u00e9cnica e [&hellip;]<\/p>\n","protected":false},"author":2,"featured_media":99081,"comment_status":"closed","ping_status":"closed","sticky":false,"template":"","format":"standard","meta":{"footnotes":""},"categories":[15,38],"tags":[],"class_list":{"0":"post-99079","1":"post","2":"type-post","3":"status-publish","4":"format-standard","5":"has-post-thumbnail","7":"category-destaques","8":"category-municipios"},"_links":{"self":[{"href":"https:\/\/senoticias.com.br\/se\/wp-json\/wp\/v2\/posts\/99079"}],"collection":[{"href":"https:\/\/senoticias.com.br\/se\/wp-json\/wp\/v2\/posts"}],"about":[{"href":"https:\/\/senoticias.com.br\/se\/wp-json\/wp\/v2\/types\/post"}],"author":[{"embeddable":true,"href":"https:\/\/senoticias.com.br\/se\/wp-json\/wp\/v2\/users\/2"}],"replies":[{"embeddable":true,"href":"https:\/\/senoticias.com.br\/se\/wp-json\/wp\/v2\/comments?post=99079"}],"version-history":[{"count":0,"href":"https:\/\/senoticias.com.br\/se\/wp-json\/wp\/v2\/posts\/99079\/revisions"}],"wp:featuredmedia":[{"embeddable":true,"href":"https:\/\/senoticias.com.br\/se\/wp-json\/wp\/v2\/media\/99081"}],"wp:attachment":[{"href":"https:\/\/senoticias.com.br\/se\/wp-json\/wp\/v2\/media?parent=99079"}],"wp:term":[{"taxonomy":"category","embeddable":true,"href":"https:\/\/senoticias.com.br\/se\/wp-json\/wp\/v2\/categories?post=99079"},{"taxonomy":"post_tag","embeddable":true,"href":"https:\/\/senoticias.com.br\/se\/wp-json\/wp\/v2\/tags?post=99079"}],"curies":[{"name":"wp","href":"https:\/\/api.w.org\/{rel}","templated":true}]}}