{"id":99077,"date":"2016-12-29T13:53:19","date_gmt":"2016-12-29T16:53:19","guid":{"rendered":"http:\/\/senoticias.com.br\/se\/?p=99077"},"modified":"2016-12-29T13:53:19","modified_gmt":"2016-12-29T16:53:19","slug":"edvaldo-anuncia-novos-nomes-que-vao-compor-seu-secretariado-a-partir-de-janeiro","status":"publish","type":"post","link":"https:\/\/senoticias.com.br\/se\/edvaldo-anuncia-novos-nomes-que-vao-compor-seu-secretariado-a-partir-de-janeiro\/","title":{"rendered":"Edvaldo anuncia novos nomes que v\u00e3o compor seu secretariado a partir de janeiro"},"content":{"rendered":"<p>O prefeito eleito de Aracaju, Edvaldo Nogueira (PCdoB), anunciou na manh\u00e3 desta quinta-feira (29) mais sete nomes que ir\u00e3o compor seu secretariado. O an\u00fancio aconteceu \u00e0s 8h em entrevista coletiva \u00e0 imprensa na sede do Sindicato dos Banc\u00e1rios de Sergipe.<\/p>\n<div id=\"attachment_99078\" style=\"width: 588px\" class=\"wp-caption aligncenter\"><img loading=\"lazy\" decoding=\"async\" aria-describedby=\"caption-attachment-99078\" class=\"size-full wp-image-99078\" src=\"http:\/\/senoticias.com.br\/se\/wp-content\/uploads\/2016\/12\/edvaldo-secr.jpeg\" alt=\"Este \u00e9 o segundo an\u00fancio sobre a equipe que vai gerir a capital sergipana (foto: Ferreira Filho)\" width=\"578\" height=\"258\" srcset=\"https:\/\/senoticias.com.br\/se\/wp-content\/uploads\/2016\/12\/edvaldo-secr.jpeg 578w, https:\/\/senoticias.com.br\/se\/wp-content\/uploads\/2016\/12\/edvaldo-secr-300x134.jpeg 300w\" sizes=\"(max-width: 578px) 100vw, 578px\" \/><p id=\"caption-attachment-99078\" class=\"wp-caption-text\">Este \u00e9 o segundo an\u00fancio sobre a equipe que vai gerir a capital sergipana (foto: Ferreira Filho)<\/p><\/div>\n<p style=\"text-align: justify;\">Dentre os nomes trazidos hoje a p\u00fablico est\u00e3o o de Cesar Mendon\u00e7a Viana, para administrar a pasta da Secretaria de Meio Ambiente (Sema); Jorge Ara\u00fajo Filho, para a pasta da Secretaria da Juventude e Esporte (Sejesp); a vice-prefeita de Aracaju, Eliane Aquino, para comandar a pasta da A\u00e7\u00e3o Social; Maria Cec\u00edlia Tavares\u00a0para administrar a Secretaria Municipal de Educa\u00e7\u00e3o (Semed); Ant\u00f4nio Ferrari Vargas, para gerir a Empresa Municipal de Obras e Urbaniza\u00e7\u00e3o; e\u00a0Silvio Santos\u00a0para administra\u00e7\u00e3o da Funda\u00e7\u00e3o Municipal de Cultura e Urbaniza\u00e7\u00e3o (Funcaju).<\/p>\n<p style=\"text-align: justify;\">Os nomes se somam ao que j\u00e1 foi anunciado no dia 12 de dezembro, o do secret\u00e1rio da pasta de Finan\u00e7as, Jefferson Passos, o de Mendon\u00e7a Prado para Empresa Municipal de Servi\u00e7os Urbanos (Emsurb), o do m\u00e9dico Andr\u00e9 Sotero para a pasta da Sa\u00fade e o de Carlos Cau\u00ea para Secret\u00e1rio de Governo.<\/p>\n<p style=\"text-align: justify;\">Novos nomes ser\u00e3o anunciados amanh\u00e3, sexta-feira (30) para as pastas da Secretaria Municipal do Planejamento, Or\u00e7amento e Gest\u00e3o (Seplog), Secret\u00e1ria Municipal da Ind\u00fastria, Com\u00e9rcio e Turismo (SEMIOT) e a Secretaria de Ci\u00eancias e Tecnologia (SEDETEC). Al\u00e9m disso, ser\u00e3o anunciados nomes para compor a procuradoria de Aracaju e do controle interno. <em>(Informa\u00e7\u00f5es do<a href=\"http:\/\/a8se.com\/sergipe\/noticia\/2016\/12\/109651-edvaldo-anuncia-novos-nomes-que-vao-compor-seu-secretariado-a-partir-de-janeiro.html\"><strong> A8SE<\/strong><\/a>)<\/em><\/p>\n<p style=\"text-align: justify;\"><em><img loading=\"lazy\" decoding=\"async\" class=\"aligncenter size-full wp-image-98981\" src=\"http:\/\/senoticias.com.br\/se\/wp-content\/uploads\/2016\/12\/Logo-fone-1-2-1-2.jpg\" alt=\"logo-fone-1-2-1\" width=\"599\" height=\"78\" srcset=\"https:\/\/senoticias.com.br\/se\/wp-content\/uploads\/2016\/12\/Logo-fone-1-2-1-2.jpg 599w, https:\/\/senoticias.com.br\/se\/wp-content\/uploads\/2016\/12\/Logo-fone-1-2-1-2-300x39.jpg 300w\" sizes=\"(max-width: 599px) 100vw, 599px\" \/><\/em><\/p>\n<p style=\"text-align: justify;\"><em><strong>Acompanhe tamb\u00e9m o SE Not\u00edcias no<\/strong><strong>\u00a0<\/strong><strong><a href=\"https:\/\/twitter.com\/Senoticias\">Twitter<\/a>,<\/strong><strong>\u00a0<\/strong><strong><a href=\"https:\/\/www.facebook.com\/senoticias1\">Facebook<\/a><\/strong><strong>\u00a0<\/strong><strong>e no<\/strong><a href=\"https:\/\/www.instagram.com\/senoticias\/\"><strong>\u00a0<\/strong><strong>Instagram<\/strong><\/a><\/em><\/p>\n","protected":false},"excerpt":{"rendered":"<p>O prefeito eleito de Aracaju, Edvaldo Nogueira (PCdoB), anunciou na manh\u00e3 desta quinta-feira (29) mais sete nomes que ir\u00e3o compor seu secretariado. O an\u00fancio aconteceu \u00e0s 8h em entrevista coletiva \u00e0 imprensa na sede do Sindicato dos Banc\u00e1rios de Sergipe. Dentre os nomes trazidos hoje a p\u00fablico est\u00e3o o de Cesar Mendon\u00e7a Viana, para administrar [&hellip;]<\/p>\n","protected":false},"author":2,"featured_media":99078,"comment_status":"closed","ping_status":"closed","sticky":false,"template":"","format":"standard","meta":{"footnotes":""},"categories":[15,1461],"tags":[],"class_list":{"0":"post-99077","1":"post","2":"type-post","3":"status-publish","4":"format-standard","5":"has-post-thumbnail","7":"category-destaques","8":"category-eleicoes-2016"},"_links":{"self":[{"href":"https:\/\/senoticias.com.br\/se\/wp-json\/wp\/v2\/posts\/99077"}],"collection":[{"href":"https:\/\/senoticias.com.br\/se\/wp-json\/wp\/v2\/posts"}],"about":[{"href":"https:\/\/senoticias.com.br\/se\/wp-json\/wp\/v2\/types\/post"}],"author":[{"embeddable":true,"href":"https:\/\/senoticias.com.br\/se\/wp-json\/wp\/v2\/users\/2"}],"replies":[{"embeddable":true,"href":"https:\/\/senoticias.com.br\/se\/wp-json\/wp\/v2\/comments?post=99077"}],"version-history":[{"count":0,"href":"https:\/\/senoticias.com.br\/se\/wp-json\/wp\/v2\/posts\/99077\/revisions"}],"wp:featuredmedia":[{"embeddable":true,"href":"https:\/\/senoticias.com.br\/se\/wp-json\/wp\/v2\/media\/99078"}],"wp:attachment":[{"href":"https:\/\/senoticias.com.br\/se\/wp-json\/wp\/v2\/media?parent=99077"}],"wp:term":[{"taxonomy":"category","embeddable":true,"href":"https:\/\/senoticias.com.br\/se\/wp-json\/wp\/v2\/categories?post=99077"},{"taxonomy":"post_tag","embeddable":true,"href":"https:\/\/senoticias.com.br\/se\/wp-json\/wp\/v2\/tags?post=99077"}],"curies":[{"name":"wp","href":"https:\/\/api.w.org\/{rel}","templated":true}]}}