{"id":99074,"date":"2016-12-29T11:40:59","date_gmt":"2016-12-29T14:40:59","guid":{"rendered":"http:\/\/senoticias.com.br\/se\/?p=99074"},"modified":"2016-12-29T12:16:02","modified_gmt":"2016-12-29T15:16:02","slug":"capitao-da-policia-militar-vai-assumir-a-smtt-de-sao-cristovao","status":"publish","type":"post","link":"https:\/\/senoticias.com.br\/se\/capitao-da-policia-militar-vai-assumir-a-smtt-de-sao-cristovao\/","title":{"rendered":"Capit\u00e3o da Pol\u00edcia Militar vai assumir a SMTT de S\u00e3o Crist\u00f3v\u00e3o"},"content":{"rendered":"<p>&nbsp;<\/p>\n<p style=\"text-align: justify;\">O capit\u00e3o Jos\u00e9 Luiz Ferreira (J Luiz) da Pol\u00edcia Militar de Sergipe foi convidado\u00a0pelo prefeito eleito Marcos Santana, \u00a0para assumir a Superintend\u00eancia Municipal de Transportes e Tr\u00e2nsito (SMTT) na Prefeitura de S\u00e3o Crist\u00f3v\u00e3o. J Luiz j\u00e1 participou, na condi\u00e7\u00e3o de futuro Superintendente da SMTT, de uma reuni\u00e3o com o atual \u00a0diretor de Tr\u00e2nsito da Digertran, na manh\u00e3 desta quinta-feira (29), para discutir os encaminhamentos das a\u00e7\u00f5es no in\u00edcio da nova gest\u00e3o.<\/p>\n<div id=\"attachment_99076\" style=\"width: 609px\" class=\"wp-caption aligncenter\"><img loading=\"lazy\" decoding=\"async\" aria-describedby=\"caption-attachment-99076\" class=\"size-full wp-image-99076\" src=\"http:\/\/senoticias.com.br\/se\/wp-content\/uploads\/2016\/12\/Capitao-j-Luiz-SE-Noticias-se-e1483022121496.jpg\" alt=\"O capit\u00e3o da Pol\u00edcia Militar de Sergipe Jos\u00e9 Luiz Ferreira vai assumir a Superintend\u00eancia Municipal de Transportes e Tr\u00e2nsito (SMTT) de S\u00e3o Crist\u00f3v\u00e3o.\" width=\"599\" height=\"398\" \/><p id=\"caption-attachment-99076\" class=\"wp-caption-text\">O capit\u00e3o da Pol\u00edcia Militar de Sergipe J Luiz \u00a0vai assumir a Superintend\u00eancia Municipal de Transportes e Tr\u00e2nsito (SMTT) de S\u00e3o Crist\u00f3v\u00e3o (foto: arquivo\/Infonet)<\/p><\/div>\n<p style=\"text-align: justify;\">Por\u00a0mais de 10 anos, foi\u00a0diretor e coordenador de tr\u00e2nsito da Superintend\u00eancia Municipal de Transportes e Tr\u00e2nsito (SMTT) de Aracaju, o capit\u00e3o J Luiz \u00a0recebe a miss\u00e3o de restruturar a SMTT e organizar o tr\u00e2nsito do munic\u00edpio de S\u00e3o Crist\u00f3v\u00e3o.<\/p>\n<p style=\"text-align: justify;\">Para o prefeito eleito Marcos Santana, o capit\u00e3o tem a miss\u00e3o de criar o planejamento da mobilidade urbana para o munic\u00edpio. &#8220;Desafios n\u00e3o faltam em todas as pastas, entre elas a de recriar a Superintend\u00eancia Municipal de Transporte e Tr\u00e2nsito (SMTT), para cuidar da mobilidade urbana&#8221;, concluiu o gestor.<\/p>\n<p style=\"text-align: justify;\"><strong>FUN\u00c7\u00d5ES EXERCIDAS COMO OFICIAL DA PM SE<\/strong>:<\/p>\n<p>\u2022 Chefe de Opera\u00e7\u00f5es e Planejamento de Tr\u00e2nsito da CPTran \u2013 2005;<br \/>\n\u2022 Comandante do Pelot\u00e3o de Motocicletas da CPTRAN (ROTTRAN) \u2013 2006;<br \/>\n\u2022 Subcomandante da CPTRAN \u2013 2007;<br \/>\n\u2022 Comandante do GETAM \u2013 2012;<br \/>\n\u2022 Comandante da 1\u00aa Cia do 1\u00ba BPM \u2013 2016.<\/p>\n<p><strong>SMTT ARACAJU<\/strong><\/p>\n<p>\u2022 Coordenador Operacional de Tr\u00e2nsito da SMTT\/AJU \u2013 2007\/2012;<br \/>\n\u2022 Diretor de Tr\u00e2nsito da SMTT\/AJU \u2013 2013\/2015.<\/p>\n<p><strong>Cursos na \u00c1rea de Tr\u00e2nsito<\/strong><\/p>\n<p style=\"text-align: justify;\">Curso de Instrutor de Tr\u00e2nsito-Te\u00f3rico-T\u00e9cnico e Pr\u00e1tico de Dire\u00e7\u00e3o Veicular, Faculdade S\u00e3o Luis de Fran\u00e7a e DETRAN\/SE \u2013 2008;<\/p>\n<p>Curso de Diretor de Ensino de CFC, CENTEC Salvador\/BA \u2013 2009;<br \/>\nCurso de Diretor Geral de CFC, CENTEC Salvador\/BA \u2013 2009.<\/p>\n<p><strong>P\u00f3s-Gradua\u00e7\u00e3o<\/strong><\/p>\n<p>I Curso de Especializa\u00e7\u00e3o Lato Sensu em Seguran\u00e7a P\u00fablica \u2013 \u201cViol\u00eancia, Criminalidade e Pol\u00edticas P\u00fablicas\u201d, UFS \u2013 2007\/2008;<br \/>\nCurso de Especializa\u00e7\u00e3o em Gest\u00e3o, Educa\u00e7\u00e3o e Seguran\u00e7a em Transporte e Tr\u00e2nsito, Faculdade S\u00e3o Luis de Fran\u00e7a \u2013 2008\/2009;<br \/>\nCurso de Especializa\u00e7\u00e3o em Gest\u00e3o de Seguran\u00e7a P\u00fablica, Academia de Pol\u00edcia Militar Costa Verde \/ MT \u2013 2012.<\/p>\n<p><img loading=\"lazy\" decoding=\"async\" class=\"aligncenter size-full wp-image-98981\" src=\"http:\/\/senoticias.com.br\/se\/wp-content\/uploads\/2016\/12\/Logo-fone-1-2-1-2.jpg\" alt=\"logo-fone-1-2-1\" width=\"599\" height=\"78\" srcset=\"https:\/\/senoticias.com.br\/se\/wp-content\/uploads\/2016\/12\/Logo-fone-1-2-1-2.jpg 599w, https:\/\/senoticias.com.br\/se\/wp-content\/uploads\/2016\/12\/Logo-fone-1-2-1-2-300x39.jpg 300w\" sizes=\"(max-width: 599px) 100vw, 599px\" \/><\/p>\n<p><em><strong>Acompanhe tamb\u00e9m o SE Not\u00edcias no<\/strong><span class=\"apple-converted-space\"><b>\u00a0<\/b><\/span><strong><a href=\"https:\/\/twitter.com\/Senoticias\" target=\"_blank\">Twitter<\/a>,<\/strong><span class=\"apple-converted-space\"><b>\u00a0<\/b><\/span><strong><a href=\"https:\/\/www.facebook.com\/senoticias1\" target=\"_blank\">Facebook<span class=\"apple-converted-space\">\u00a0<\/span><\/a>e no<\/strong><span class=\"apple-converted-space\"><b>\u00a0<\/b><\/span><strong><a href=\"https:\/\/www.instagram.com\/senoticias\/\" target=\"_blank\">Instagram<\/a><\/strong><\/em><\/p>\n<p><strong><em>Reda\u00e7\u00e3o SE Not\u00edcias<\/em><\/strong><\/p>\n","protected":false},"excerpt":{"rendered":"<p>&nbsp; O capit\u00e3o Jos\u00e9 Luiz Ferreira (J Luiz) da Pol\u00edcia Militar de Sergipe foi convidado\u00a0pelo prefeito eleito Marcos Santana, \u00a0para assumir a Superintend\u00eancia Municipal de Transportes e Tr\u00e2nsito (SMTT) na Prefeitura de S\u00e3o Crist\u00f3v\u00e3o. J Luiz j\u00e1 participou, na condi\u00e7\u00e3o de futuro Superintendente da SMTT, de uma reuni\u00e3o com o atual \u00a0diretor de Tr\u00e2nsito da [&hellip;]<\/p>\n","protected":false},"author":2,"featured_media":99076,"comment_status":"closed","ping_status":"closed","sticky":false,"template":"","format":"standard","meta":{"footnotes":""},"categories":[15,38],"tags":[1830,1829,335,1831,1832],"class_list":{"0":"post-99074","1":"post","2":"type-post","3":"status-publish","4":"format-standard","5":"has-post-thumbnail","7":"category-destaques","8":"category-municipios","9":"tag-capitao-j-luiz","10":"tag-j-luiz","11":"tag-sao-cristovao","12":"tag-smtt-de-sao-cristovao","13":"tag-superintendente-municipal-de-transporte-e-transito-de-sao-cristovao"},"_links":{"self":[{"href":"https:\/\/senoticias.com.br\/se\/wp-json\/wp\/v2\/posts\/99074"}],"collection":[{"href":"https:\/\/senoticias.com.br\/se\/wp-json\/wp\/v2\/posts"}],"about":[{"href":"https:\/\/senoticias.com.br\/se\/wp-json\/wp\/v2\/types\/post"}],"author":[{"embeddable":true,"href":"https:\/\/senoticias.com.br\/se\/wp-json\/wp\/v2\/users\/2"}],"replies":[{"embeddable":true,"href":"https:\/\/senoticias.com.br\/se\/wp-json\/wp\/v2\/comments?post=99074"}],"version-history":[{"count":0,"href":"https:\/\/senoticias.com.br\/se\/wp-json\/wp\/v2\/posts\/99074\/revisions"}],"wp:featuredmedia":[{"embeddable":true,"href":"https:\/\/senoticias.com.br\/se\/wp-json\/wp\/v2\/media\/99076"}],"wp:attachment":[{"href":"https:\/\/senoticias.com.br\/se\/wp-json\/wp\/v2\/media?parent=99074"}],"wp:term":[{"taxonomy":"category","embeddable":true,"href":"https:\/\/senoticias.com.br\/se\/wp-json\/wp\/v2\/categories?post=99074"},{"taxonomy":"post_tag","embeddable":true,"href":"https:\/\/senoticias.com.br\/se\/wp-json\/wp\/v2\/tags?post=99074"}],"curies":[{"name":"wp","href":"https:\/\/api.w.org\/{rel}","templated":true}]}}