{"id":99070,"date":"2016-12-29T09:44:33","date_gmt":"2016-12-29T12:44:33","guid":{"rendered":"http:\/\/senoticias.com.br\/se\/?p=99070"},"modified":"2016-12-29T09:56:55","modified_gmt":"2016-12-29T12:56:55","slug":"em-cristinapolis-prf-prende-cinco-estelionatarios-e-recupera-veiculos-de-luxo-alugados","status":"publish","type":"post","link":"https:\/\/senoticias.com.br\/se\/em-cristinapolis-prf-prende-cinco-estelionatarios-e-recupera-veiculos-de-luxo-alugados\/","title":{"rendered":"Em Cristin\u00e1polis, PRF prende cinco estelionat\u00e1rios e recupera ve\u00edculos de luxo alugados"},"content":{"rendered":"<p style=\"text-align: justify;\">Cinco suspeitos de estelionato foram presos na madrugada desta quinta-feira (29) no munic\u00edpio de Cristin\u00e1polis (SE). De acordo com informa\u00e7\u00f5es da Pol\u00edcia Rodovi\u00e1ria Federal (PRF), os integrantes da quadrilha alugaram seis ve\u00edculos de luxo em Macei\u00f3 (AL) e os levariam para o Distrito Federal(DF), sem a inten\u00e7\u00e3o de devolv\u00ea-los \u00e0 locadora.<\/p>\n<div id=\"attachment_99071\" style=\"width: 609px\" class=\"wp-caption aligncenter\"><img loading=\"lazy\" decoding=\"async\" aria-describedby=\"caption-attachment-99071\" class=\"size-full wp-image-99071\" src=\"http:\/\/senoticias.com.br\/se\/wp-content\/uploads\/2016\/12\/Carros-de-luxo-apreendidos-em-Sergipe-SE-Noticias-e1483015294369.jpg\" alt=\"Carros de luxo alugados n\u00e3o seriam devolvidos, segundo a PRF (Foto: PRF\/Divulga\u00e7\u00e3o)\" width=\"599\" height=\"449\" \/><p id=\"caption-attachment-99071\" class=\"wp-caption-text\">Carros de luxo alugados n\u00e3o seriam devolvidos, segundo a PRF (foto: PRF\/Divulga\u00e7\u00e3o)<\/p><\/div>\n<p style=\"text-align: justify;\">Todas as loca\u00e7\u00f5es foram feitas na quarta-feira (28) com o uso de documentos falsos, o que chamou a aten\u00e7\u00e3o dos funcion\u00e1rios, que acionaram a pol\u00edcia.<\/p>\n<p style=\"text-align: justify;\">Em um dos ve\u00edculos ainda foi encontrada uma pequena quantidade de maconha. A ocorr\u00eancia ser\u00e1 encaminhada para a superintend\u00eancia da\u00a0Pol\u00edcia Federal em Aracaju. <em>(Informa\u00e7\u00f5es do <a href=\"http:\/\/g1.globo.com\/se\/sergipe\/noticia\/2016\/12\/prf-recupera-veiculos-de-luxo-alugados-com-documentos-falsos.html\"><strong>G1<\/strong><\/a> SE)<\/em><\/p>\n<p style=\"text-align: justify;\"><img loading=\"lazy\" decoding=\"async\" class=\"aligncenter size-full wp-image-98981\" src=\"http:\/\/senoticias.com.br\/se\/wp-content\/uploads\/2016\/12\/Logo-fone-1-2-1-2.jpg\" alt=\"logo-fone-1-2-1\" width=\"599\" height=\"78\" srcset=\"https:\/\/senoticias.com.br\/se\/wp-content\/uploads\/2016\/12\/Logo-fone-1-2-1-2.jpg 599w, https:\/\/senoticias.com.br\/se\/wp-content\/uploads\/2016\/12\/Logo-fone-1-2-1-2-300x39.jpg 300w\" sizes=\"(max-width: 599px) 100vw, 599px\" \/><\/p>\n<p style=\"text-align: justify;\"><em><strong>Acompanhe tamb\u00e9m o SE Not\u00edcias no<\/strong><span class=\"apple-converted-space\"><b>\u00a0<\/b><\/span><strong><a href=\"https:\/\/twitter.com\/Senoticias\" target=\"_blank\">Twitter<\/a>,<\/strong><span class=\"apple-converted-space\"><b>\u00a0<\/b><\/span><strong><a href=\"https:\/\/www.facebook.com\/senoticias1\" target=\"_blank\">Facebook<span class=\"apple-converted-space\">\u00a0<\/span><\/a>e no<\/strong><span class=\"apple-converted-space\"><b>\u00a0<\/b><\/span><strong><a href=\"https:\/\/www.instagram.com\/senoticias\/\" target=\"_blank\">Instagram<\/a><\/strong><\/em><\/p>\n","protected":false},"excerpt":{"rendered":"<p>Cinco suspeitos de estelionato foram presos na madrugada desta quinta-feira (29) no munic\u00edpio de Cristin\u00e1polis (SE). De acordo com informa\u00e7\u00f5es da Pol\u00edcia Rodovi\u00e1ria Federal (PRF), os integrantes da quadrilha alugaram seis ve\u00edculos de luxo em Macei\u00f3 (AL) e os levariam para o Distrito Federal(DF), sem a inten\u00e7\u00e3o de devolv\u00ea-los \u00e0 locadora. Todas as loca\u00e7\u00f5es foram [&hellip;]<\/p>\n","protected":false},"author":2,"featured_media":99071,"comment_status":"closed","ping_status":"closed","sticky":false,"template":"","format":"standard","meta":{"footnotes":""},"categories":[15,7],"tags":[],"class_list":{"0":"post-99070","1":"post","2":"type-post","3":"status-publish","4":"format-standard","5":"has-post-thumbnail","7":"category-destaques","8":"category-policia"},"_links":{"self":[{"href":"https:\/\/senoticias.com.br\/se\/wp-json\/wp\/v2\/posts\/99070"}],"collection":[{"href":"https:\/\/senoticias.com.br\/se\/wp-json\/wp\/v2\/posts"}],"about":[{"href":"https:\/\/senoticias.com.br\/se\/wp-json\/wp\/v2\/types\/post"}],"author":[{"embeddable":true,"href":"https:\/\/senoticias.com.br\/se\/wp-json\/wp\/v2\/users\/2"}],"replies":[{"embeddable":true,"href":"https:\/\/senoticias.com.br\/se\/wp-json\/wp\/v2\/comments?post=99070"}],"version-history":[{"count":0,"href":"https:\/\/senoticias.com.br\/se\/wp-json\/wp\/v2\/posts\/99070\/revisions"}],"wp:featuredmedia":[{"embeddable":true,"href":"https:\/\/senoticias.com.br\/se\/wp-json\/wp\/v2\/media\/99071"}],"wp:attachment":[{"href":"https:\/\/senoticias.com.br\/se\/wp-json\/wp\/v2\/media?parent=99070"}],"wp:term":[{"taxonomy":"category","embeddable":true,"href":"https:\/\/senoticias.com.br\/se\/wp-json\/wp\/v2\/categories?post=99070"},{"taxonomy":"post_tag","embeddable":true,"href":"https:\/\/senoticias.com.br\/se\/wp-json\/wp\/v2\/tags?post=99070"}],"curies":[{"name":"wp","href":"https:\/\/api.w.org\/{rel}","templated":true}]}}