{"id":99068,"date":"2016-12-29T09:07:16","date_gmt":"2016-12-29T12:07:16","guid":{"rendered":"http:\/\/senoticias.com.br\/se\/?p=99068"},"modified":"2016-12-30T07:41:54","modified_gmt":"2016-12-30T10:41:54","slug":"agencias-bancarias-tem-seu-ultimo-dia-util-de-2016-nesta-quinta","status":"publish","type":"post","link":"https:\/\/senoticias.com.br\/se\/agencias-bancarias-tem-seu-ultimo-dia-util-de-2016-nesta-quinta\/","title":{"rendered":"Ag\u00eancias banc\u00e1rias funcionam at\u00e9 hoje e reabrem s\u00f3 dia 2"},"content":{"rendered":"<p style=\"text-align: justify;\">As ag\u00eancias banc\u00e1rias de todo pa\u00eds ter\u00e3o seu \u00faltimo dia \u00fatil de 2016 nesta quinta-feira (29). A partir de sexta-feira (30), elas estar\u00e3o fechadas ao p\u00fablico, segundo a Federa\u00e7\u00e3o Brasileira de Bancos (Febraban). O atendimento volta ao normal no dia 2 de janeiro de 2017.<\/p>\n<div id=\"attachment_98004\" style=\"width: 609px\" class=\"wp-caption aligncenter\"><img loading=\"lazy\" decoding=\"async\" aria-describedby=\"caption-attachment-98004\" class=\"size-full wp-image-98004\" src=\"http:\/\/senoticias.com.br\/se\/wp-content\/uploads\/2016\/11\/Banco-do-Brasil-Pacatuba-e1479463489561.jpg\" alt=\"Bancos estar\u00e3o fechados a partir do dia 30 e s\u00f3 reabrem no dia 2 de janeiro. (Or\u00e1cio Oliveira\/SE Not\u00edcias). (Foto: arquivo SE Noticias)\" width=\"599\" height=\"567\" \/><p id=\"caption-attachment-98004\" class=\"wp-caption-text\">Bancos estar\u00e3o fechados a partir do dia 30 e s\u00f3 reabrem no dia 2 de janeiro. (Or\u00e1cio Oliveira\/SE Not\u00edcias). (Foto: arquivo SE Noticias)<\/p><\/div>\n<div class=\"mc-column content-text active-extra-styles\" data-block-type=\"unstyled\">\n<p class=\"content-text__container \" style=\"text-align: justify;\" data-track-category=\"Link no Texto\" data-track-links=\"\">Segundo a Febraban, nesta quinta as ag\u00eancias banc\u00e1rias ir\u00e3o abrir normalmente para atendimento ao p\u00fablico, possibilitando a realiza\u00e7\u00e3o de todas as opera\u00e7\u00f5es banc\u00e1rias solicitadas pelos clientes.<\/p>\n<div class=\"mc-column content-text active-extra-styles\" data-block-type=\"unstyled\">\n<p class=\"content-text__container \" style=\"text-align: justify;\" data-track-category=\"Link no Texto\" data-track-links=\"\">A Federa\u00e7\u00e3o ressalta que as contas de consumo, como \u00e1gua, luz, telefone e TV a cabo, assim como os carn\u00eas que estiverem com vencimento nas datas em que as ag\u00eancias estiverem fechadas, poder\u00e3o ser pagos no primeiro dia \u00fatil seguinte ao feriado (2 de janeiro de 2017), sem multa por atraso. A Febraban lembra ainda que os tributos j\u00e1 v\u00eam com data ajustada em rela\u00e7\u00e3o ao calend\u00e1rio de feriados.<\/p>\n<p class=\"content-text__container \" style=\"text-align: justify;\" data-track-category=\"Link no Texto\" data-track-links=\"\"><img loading=\"lazy\" decoding=\"async\" class=\"aligncenter size-full wp-image-98981\" src=\"http:\/\/senoticias.com.br\/se\/wp-content\/uploads\/2016\/12\/Logo-fone-1-2-1-2.jpg\" alt=\"logo-fone-1-2-1\" width=\"599\" height=\"78\" srcset=\"https:\/\/senoticias.com.br\/se\/wp-content\/uploads\/2016\/12\/Logo-fone-1-2-1-2.jpg 599w, https:\/\/senoticias.com.br\/se\/wp-content\/uploads\/2016\/12\/Logo-fone-1-2-1-2-300x39.jpg 300w\" sizes=\"(max-width: 599px) 100vw, 599px\" \/><\/p>\n<p class=\"content-text__container \" style=\"text-align: justify;\" data-track-category=\"Link no Texto\" data-track-links=\"\"><em><strong>Acompanhe tamb\u00e9m o SE Not\u00edcias no<\/strong><span class=\"apple-converted-space\"><b>\u00a0<\/b><\/span><strong><a href=\"https:\/\/twitter.com\/Senoticias\" target=\"_blank\">Twitter<\/a>,<\/strong><span class=\"apple-converted-space\"><b>\u00a0<\/b><\/span><strong><a href=\"https:\/\/www.facebook.com\/senoticias1\" target=\"_blank\">Facebook<span class=\"apple-converted-space\">\u00a0<\/span><\/a>e no<\/strong><span class=\"apple-converted-space\"><b>\u00a0<\/b><\/span><strong><a href=\"https:\/\/www.instagram.com\/senoticias\/\" target=\"_blank\">Instagram<\/a><\/strong><\/em><\/p>\n<p class=\"content-text__container \" style=\"text-align: justify;\" data-track-category=\"Link no Texto\" data-track-links=\"\"><strong><em>Por <a href=\"http:\/\/g1.globo.com\/economia\/noticia\/agencias-bancarias-tem-seu-ultimo-dia-util-de-2016-nesta-quinta.ghtml\">G1 <\/a>SE<\/em><\/strong><\/p>\n<\/div>\n<\/div>\n","protected":false},"excerpt":{"rendered":"<p>As ag\u00eancias banc\u00e1rias de todo pa\u00eds ter\u00e3o seu \u00faltimo dia \u00fatil de 2016 nesta quinta-feira (29). A partir de sexta-feira (30), elas estar\u00e3o fechadas ao p\u00fablico, segundo a Federa\u00e7\u00e3o Brasileira de Bancos (Febraban). O atendimento volta ao normal no dia 2 de janeiro de 2017. Segundo a Febraban, nesta quinta as ag\u00eancias banc\u00e1rias ir\u00e3o abrir [&hellip;]<\/p>\n","protected":false},"author":2,"featured_media":98004,"comment_status":"closed","ping_status":"closed","sticky":false,"template":"","format":"standard","meta":{"footnotes":""},"categories":[6],"tags":[],"class_list":{"0":"post-99068","1":"post","2":"type-post","3":"status-publish","4":"format-standard","5":"has-post-thumbnail","7":"category-politica"},"_links":{"self":[{"href":"https:\/\/senoticias.com.br\/se\/wp-json\/wp\/v2\/posts\/99068"}],"collection":[{"href":"https:\/\/senoticias.com.br\/se\/wp-json\/wp\/v2\/posts"}],"about":[{"href":"https:\/\/senoticias.com.br\/se\/wp-json\/wp\/v2\/types\/post"}],"author":[{"embeddable":true,"href":"https:\/\/senoticias.com.br\/se\/wp-json\/wp\/v2\/users\/2"}],"replies":[{"embeddable":true,"href":"https:\/\/senoticias.com.br\/se\/wp-json\/wp\/v2\/comments?post=99068"}],"version-history":[{"count":0,"href":"https:\/\/senoticias.com.br\/se\/wp-json\/wp\/v2\/posts\/99068\/revisions"}],"wp:featuredmedia":[{"embeddable":true,"href":"https:\/\/senoticias.com.br\/se\/wp-json\/wp\/v2\/media\/98004"}],"wp:attachment":[{"href":"https:\/\/senoticias.com.br\/se\/wp-json\/wp\/v2\/media?parent=99068"}],"wp:term":[{"taxonomy":"category","embeddable":true,"href":"https:\/\/senoticias.com.br\/se\/wp-json\/wp\/v2\/categories?post=99068"},{"taxonomy":"post_tag","embeddable":true,"href":"https:\/\/senoticias.com.br\/se\/wp-json\/wp\/v2\/tags?post=99068"}],"curies":[{"name":"wp","href":"https:\/\/api.w.org\/{rel}","templated":true}]}}