{"id":99045,"date":"2016-12-27T15:13:32","date_gmt":"2016-12-27T18:13:32","guid":{"rendered":"http:\/\/senoticias.com.br\/se\/?p=99045"},"modified":"2016-12-28T06:13:04","modified_gmt":"2016-12-28T09:13:04","slug":"produtores-de-milho-de-se-apresentam-a-eduardo-amorim-novas-alternativas-para-a-regiao","status":"publish","type":"post","link":"https:\/\/senoticias.com.br\/se\/produtores-de-milho-de-se-apresentam-a-eduardo-amorim-novas-alternativas-para-a-regiao\/","title":{"rendered":"Produtores de milho de SE apresentam a Eduardo Amorim novas alternativas para a regi\u00e3o"},"content":{"rendered":"<p style=\"text-align: justify;\">Nesta ter\u00e7a-feira, 27, produtores de milho do Estado de Sergipe se reuniram com o senador Eduardo Amorim (PSC) para apresentar uma alternativa para alterar a matriz econ\u00f4mica da regi\u00e3o onde \u00e9 produzido o gr\u00e3o. Aliado ao milho existe a possibilidade da cria\u00e7\u00e3o de frango, planta\u00e7\u00e3o de palma e caprinocultura.<\/p>\n<div id=\"attachment_99046\" style=\"width: 609px\" class=\"wp-caption aligncenter\"><img loading=\"lazy\" decoding=\"async\" aria-describedby=\"caption-attachment-99046\" class=\"size-full wp-image-99046\" src=\"http:\/\/senoticias.com.br\/se\/wp-content\/uploads\/2016\/12\/Senador-Amorim-Producao-de-Milho-SE-noticias-e1482862313705.jpg\" alt=\"Produtores de milho de SE apresentam a Eduardo Amorim (foto: ascom\/Eduardo Amorim)\" width=\"599\" height=\"399\" \/><p id=\"caption-attachment-99046\" class=\"wp-caption-text\">Produtores de milho de SE apresentam a Eduardo Amorim (foto: ascom\/Eduardo Amorim)<\/p><\/div>\n<p style=\"text-align: justify;\">De acordo com os produtores, a cultura do milho em Sergipe j\u00e1 se destacou nacionalmente. Mas em decorr\u00eancia da seca, da baixa gera\u00e7\u00e3o de emprego e outros fatores, existe a possibilidade da integra\u00e7\u00e3o de novas culturas.<\/p>\n<p style=\"text-align: justify;\">A cria\u00e7\u00e3o de frango para a absor\u00e7\u00e3o da produ\u00e7\u00e3o de milho, a produ\u00e7\u00e3o de palma para o aux\u00edlio na cria\u00e7\u00e3o bovina e a caprinocultura ajudariam no crescimento da economia de v\u00e1rias cidades e na gera\u00e7\u00e3o de emprego e renda para diversas fam\u00edlias.<\/p>\n<p style=\"text-align: justify;\">Para Martinho Bravo Neto, produtor de milho, a integra\u00e7\u00e3o de novas culturas seria uma excelente alternativa para os produtores de milho que sofrem com a grande seca na regi\u00e3o e para o trabalhador. \u201cA monocultura \u00e9 algo que pode ser alterada com a chegada destas novas alternativas. Ter\u00edamos crescimento da economia e gera\u00e7\u00e3o de emprego\u201d, explicou.<\/p>\n<p style=\"text-align: justify;\">O senador Eduardo Amorim j\u00e1 deixou agendada uma viagem ao Sudeste do Pa\u00eds para uma visita t\u00e9cnica. O objetivo \u00e9 conhecer uma empresa que trabalhe de forma integrada com algumas culturas. \u201cVamos conhecer experi\u00eancias de sucesso para que possamos aplicar em Sergipe. \u00c9 importante que busquemos novas alternativas para o crescimento de nossas cidades e a gera\u00e7\u00e3o de emprego\u201d, disse.<\/p>\n<p><strong>Agradecimento<\/strong><\/p>\n<p style=\"text-align: justify;\">Ainda durante o encontro, os produtores agradeceram ao senador Eduardo o empenho para a conquista da renegocia\u00e7\u00e3o da d\u00edvida da safra de 2016 junto aos Minist\u00e9rios da Agricultura, da Integra\u00e7\u00e3o Nacional e da Fazenda. \u201cCome\u00e7amos a luta com o senador Eduardo e hoje estamos aqui para agradec\u00ea-lo a esperan\u00e7a que foi dada aos produtores\u201d, afirmou D\u00eanio Augusto, superintendente do Sistema Faese\/Senar. Participaram do encontro, o prefeito eleito de Carira, Neg\u00e3o, e produtores de milho de diversas cidades do Interior do Estado.<img loading=\"lazy\" decoding=\"async\" class=\"aligncenter size-full wp-image-98981\" src=\"http:\/\/senoticias.com.br\/se\/wp-content\/uploads\/2016\/12\/Logo-fone-1-2-1-2.jpg\" alt=\"logo-fone-1-2-1\" width=\"599\" height=\"78\" srcset=\"https:\/\/senoticias.com.br\/se\/wp-content\/uploads\/2016\/12\/Logo-fone-1-2-1-2.jpg 599w, https:\/\/senoticias.com.br\/se\/wp-content\/uploads\/2016\/12\/Logo-fone-1-2-1-2-300x39.jpg 300w\" sizes=\"(max-width: 599px) 100vw, 599px\" \/><\/p>\n<p style=\"text-align: justify;\"><em><strong>Acompanhe tamb\u00e9m o SE Not\u00edcias no<\/strong><span class=\"apple-converted-space\"><b>\u00a0<\/b><\/span><strong><a href=\"https:\/\/twitter.com\/Senoticias\" target=\"_blank\">Twitter<\/a>,<\/strong><span class=\"apple-converted-space\"><b>\u00a0<\/b><\/span><strong><a href=\"https:\/\/www.facebook.com\/senoticias1\" target=\"_blank\">Facebook<span class=\"apple-converted-space\">\u00a0<\/span><\/a>e no<\/strong><span class=\"apple-converted-space\"><b>\u00a0<\/b><\/span><strong><a href=\"https:\/\/www.instagram.com\/senoticias\/\" target=\"_blank\">Instagram<\/a><\/strong><\/em><\/p>\n<div>\n<div class=\"m_3154308977556687160gmail_signature\">\n<div dir=\"ltr\">\n<p><b>Assessoria de Imprensa<\/b><\/p>\n<div><i>Senador Eduardo Amorim (PSC-SE)<\/i><\/div>\n<\/div>\n<\/div>\n<\/div>\n","protected":false},"excerpt":{"rendered":"<p>Nesta ter\u00e7a-feira, 27, produtores de milho do Estado de Sergipe se reuniram com o senador Eduardo Amorim (PSC) para apresentar uma alternativa para alterar a matriz econ\u00f4mica da regi\u00e3o onde \u00e9 produzido o gr\u00e3o. Aliado ao milho existe a possibilidade da cria\u00e7\u00e3o de frango, planta\u00e7\u00e3o de palma e caprinocultura. De acordo com os produtores, a [&hellip;]<\/p>\n","protected":false},"author":2,"featured_media":99046,"comment_status":"closed","ping_status":"closed","sticky":false,"template":"","format":"standard","meta":{"footnotes":""},"categories":[6],"tags":[],"class_list":{"0":"post-99045","1":"post","2":"type-post","3":"status-publish","4":"format-standard","5":"has-post-thumbnail","7":"category-politica"},"_links":{"self":[{"href":"https:\/\/senoticias.com.br\/se\/wp-json\/wp\/v2\/posts\/99045"}],"collection":[{"href":"https:\/\/senoticias.com.br\/se\/wp-json\/wp\/v2\/posts"}],"about":[{"href":"https:\/\/senoticias.com.br\/se\/wp-json\/wp\/v2\/types\/post"}],"author":[{"embeddable":true,"href":"https:\/\/senoticias.com.br\/se\/wp-json\/wp\/v2\/users\/2"}],"replies":[{"embeddable":true,"href":"https:\/\/senoticias.com.br\/se\/wp-json\/wp\/v2\/comments?post=99045"}],"version-history":[{"count":0,"href":"https:\/\/senoticias.com.br\/se\/wp-json\/wp\/v2\/posts\/99045\/revisions"}],"wp:featuredmedia":[{"embeddable":true,"href":"https:\/\/senoticias.com.br\/se\/wp-json\/wp\/v2\/media\/99046"}],"wp:attachment":[{"href":"https:\/\/senoticias.com.br\/se\/wp-json\/wp\/v2\/media?parent=99045"}],"wp:term":[{"taxonomy":"category","embeddable":true,"href":"https:\/\/senoticias.com.br\/se\/wp-json\/wp\/v2\/categories?post=99045"},{"taxonomy":"post_tag","embeddable":true,"href":"https:\/\/senoticias.com.br\/se\/wp-json\/wp\/v2\/tags?post=99045"}],"curies":[{"name":"wp","href":"https:\/\/api.w.org\/{rel}","templated":true}]}}