{"id":99043,"date":"2016-12-27T15:04:20","date_gmt":"2016-12-27T18:04:20","guid":{"rendered":"http:\/\/senoticias.com.br\/se\/?p=99043"},"modified":"2016-12-28T06:14:10","modified_gmt":"2016-12-28T09:14:10","slug":"cordel-e-tema-do-simposio-do-xlii-encontro-cultural-de-laranjeiras","status":"publish","type":"post","link":"https:\/\/senoticias.com.br\/se\/cordel-e-tema-do-simposio-do-xlii-encontro-cultural-de-laranjeiras\/","title":{"rendered":"Cordel \u00e9 tema do Simp\u00f3sio do XLII Encontro Cultural de Laranjeiras"},"content":{"rendered":"<p style=\"text-align: justify;\">Com o tema \u201cCantoria: da Viola ao Cordel\u201d o Simp\u00f3sio do XLII Encontro Cultural de Laranjeiras, que acontece entro os dia 12 a 14 de janeiro de 2017, vem com uma programa\u00e7\u00e3o especialmente voltada para a arte do cordel. Promovido pela Secretaria de Estado da Cultura (Secult), o evento re\u00fane pesquisadores e agentes culturais de v\u00e1rias partes do pa\u00eds para debater sobre as manifesta\u00e7\u00f5es culturais verificando quest\u00f5es hist\u00f3ricas, tend\u00eancias e pol\u00edticas p\u00fablicas que as cercam.<\/p>\n<div id=\"attachment_99044\" style=\"width: 443px\" class=\"wp-caption aligncenter\"><img loading=\"lazy\" decoding=\"async\" aria-describedby=\"caption-attachment-99044\" class=\"size-full wp-image-99044\" src=\"http:\/\/senoticias.com.br\/se\/wp-content\/uploads\/2016\/12\/eNCONTRO-cULTURAL-lARANJEIRAS-SE-NOTICIAS.jpg\" alt=\"Com o tema \u201cCantoria: da Viola ao Cordel\u201d o Simp\u00f3sio do XLII Encontro Cultural de Laranjeiras, que acontece entro os dia 12 a 14 de janeiro\" width=\"433\" height=\"612\" srcset=\"https:\/\/senoticias.com.br\/se\/wp-content\/uploads\/2016\/12\/eNCONTRO-cULTURAL-lARANJEIRAS-SE-NOTICIAS.jpg 433w, https:\/\/senoticias.com.br\/se\/wp-content\/uploads\/2016\/12\/eNCONTRO-cULTURAL-lARANJEIRAS-SE-NOTICIAS-212x300.jpg 212w\" sizes=\"(max-width: 433px) 100vw, 433px\" \/><p id=\"caption-attachment-99044\" class=\"wp-caption-text\">Com o tema \u201cCantoria: da Viola ao Cordel\u201d o Simp\u00f3sio do XLII Encontro Cultural de Laranjeiras, que acontece entro os dia 12 a 14 de janeiro<\/p><\/div>\n<p style=\"text-align: justify;\">A Literatura de Cordel est\u00e1 em processo de registro, no Instituto do Patrim\u00f4nio Hist\u00f3rico e Art\u00edstico Nacional (Iphan) para ser tombado como patrim\u00f4nio imaterial brasileiro. Promovido em parceria com a Universidade Federal de Sergipe (UFS), o Simp\u00f3sio acontece no campus da UFS, no munic\u00edpio de Laranjeiras.<\/p>\n<p style=\"text-align: justify;\">Ser\u00e3o apresentados trabalhos eixos tem\u00e1ticos: Pesquisa e produ\u00e7\u00e3o da literatura de cordel; Cantorias e suas modalidades; Pr\u00e1ticas festivas tradicionais e contempor\u00e2neas; Mem\u00f3ria, espa\u00e7os e tempos da cultura popular; e Gest\u00e3o, patrim\u00f4nio e pol\u00edticas de cultura. O Simp\u00f3sio conta ainda com apoio da Secretaria do Turismo e do Esporte de Sergipe (SECTUR), Secretaria de Estado de Comunica\u00e7\u00e3o (SECOM) e Secretaria Municipal de Cultura de Laranjeiras.<\/p>\n<p>&nbsp;<\/p>\n<p><strong>XLII SIMP\u00d3SIO DO ENCONTRO CULTURAL DE LARANJEIRAS<\/strong><\/p>\n<p><strong>\u00a0<\/strong><\/p>\n<p><strong>PROGRAMA\u00c7\u00c3O 2017:<\/strong><\/p>\n<p>&nbsp;<\/p>\n<p><strong>12\/01\/2017 \u2013 Quinta feira \u2013 MANH\u00c3<\/strong><\/p>\n<p>09h \u2013 Cerimonial abertura: homenagens aos Mestres: Sales (Laranjeiras), Rind\u00fa (S\u00e3o Cristov\u00e3o),Idelfonso\u00a0 (Carm\u00f3polis) e Neguinho (Japaratuba)<\/p>\n<p>Palavras de Agla\u00e9 d\u2019\u00c1vila Fontes (SE)<\/p>\n<p>9h40 \u2013 Exibi\u00e7\u00e3o do document\u00e1rio: \u201cA cantoria\u201d, de Geraldo Sarno<\/p>\n<p>10h \u2013 Confer\u00eancia de abertura \u2013 Prof. Jackson da Silva Lima (SE)<\/p>\n<p>12h \u2013 Exibi\u00e7\u00e3o do document\u00e1rio: \u201cJornal do sert\u00e3o\u201d, de Geraldo Sarno<\/p>\n<p>12h20 \u2013 Almo\u00e7o<\/p>\n<p>&nbsp;<\/p>\n<p><strong>12\/01\/2017 \u2013 Quinta feira \u2013 TARDE<\/strong><\/p>\n<p>14h30 \u2013 Exibi\u00e7\u00e3o do document\u00e1rio \u201cCordel\u201d de F\u00e1tima Goes e Edu Freitas<\/p>\n<p>14h50 \u2013 Mesa com poetas populares \u2013 Coordena\u00e7\u00e3o Kl\u00e9visson Viana (CE)<\/p>\n<p>Participantes cordelistas sergipanos:<\/p>\n<p>Luiz Alves<\/p>\n<p>Izabel Nascimento<\/p>\n<p>Salete Nascimento<\/p>\n<p>Pedro Amaro<\/p>\n<p>Zez\u00e9 de Boquim<\/p>\n<p>Chiquinho do Al\u00e9m Mar<\/p>\n<p>Ronaldo D\u00f3ria<\/p>\n<p>17h \u2013 Apresenta\u00e7\u00e3o do Imbua\u00e7a \u2013 \u201cA peleja de Leandro na Trilha do Cordel\u201d<\/p>\n<p>&nbsp;<\/p>\n<p><strong>13\/01\/2017 \u2013 Sexta feira &#8211; MANH\u00c3<\/strong><\/p>\n<p>9h \u2013 Mesa: \u201cA pesquisa e a produ\u00e7\u00e3o da literatura de cordel\u201d &#8211; Coordena\u00e7\u00e3o Prof\u00aa. Agla\u00e9 d\u2019\u00c1vila Fontos.<\/p>\n<p>Participantes:<\/p>\n<p>Clotilde Tavares (RN)<\/p>\n<p>Kl\u00e9visson Viana (CE)<\/p>\n<p>11h \u2013 Mesa: \u201cAs cantorias e suas modalidades\u201d<\/p>\n<p>Coordena\u00e7\u00e3o: Prof\u00ba. Antonio Amaral (SE)<\/p>\n<p>Ivanildo Vilanova (PE)<\/p>\n<p>Raullino Silva (PE)<\/p>\n<p>Rog\u00e9rio Menezes (PE)<\/p>\n<p>Raimundo Caetano (PE)<\/p>\n<p>Jo\u00e3o Miguel(DF)<\/p>\n<p>13h \u2013 Almo\u00e7o<\/p>\n<p>&nbsp;<\/p>\n<p><strong>13\/01\/2017 \u2013 Sexta feira \u2013 TARDE<\/strong><\/p>\n<p>14h30 \u2013 Comunica\u00e7\u00f5es \u2013Prof\u00aa. Dr\u00aa. Maria Augusta Mundim Vargas\/ UFS<\/p>\n<p>17h \u2013Apresenta\u00e7\u00e3o de violeiros:<\/p>\n<p>Ivanildo Vilanova e Raullino Silva (PE)<\/p>\n<p>Rog\u00e9rio Menezes e Raimundo Caetano (PE)<\/p>\n<p>Vem, Vem do Nordeste e Jo\u00e3o Bezerra (SE)<\/p>\n<p>&nbsp;<\/p>\n<p><strong>14\/01\/2017 \u2013 S\u00e1bado \u2013 MANH\u00c3<\/strong><\/p>\n<p>9h \u2013Mesa: \u201cEne\u00e1s Tavares: percurso de um poeta e xilogravurista\u201d<\/p>\n<p>Hild\u00eania Oliveira \u2013 Museu Th\u00e9o Brand\u00e3o (AL) e Moises Oliveira &#8211; UFAL (AL)<\/p>\n<p>10h \u2013 Mesa: \u201cBr\u00e1ulio do Nascimento: presente!\u201d<\/p>\n<p>Coordena\u00e7\u00e3o: C\u00e1ssia Frade (RJ)<\/p>\n<p>Participantes:Osvaldo Trigueiro (PB)<\/p>\n<p>Jos\u00e9 Fernando (PE)<\/p>\n<p>Beatriz G\u00f3is (SE)<\/p>\n<p>Agla\u00e9 d\u2019\u00c1vila (SE)<\/p>\n<p>Jackson da Silva Lima (SE)<\/p>\n<p>Luiz FernandoRibeiro Soutelo (SE)<\/p>\n<p>12h \u2013 Lan\u00e7amento do selo comemorativo dos 50 anos do Conselho Estadual de Cultura.<\/p>\n<p>Lan\u00e7amento do folheto de cordel \u201cRio Cai\u00e7\u00e1 de Sim\u00e3o Dias e sua s\u00faplica pela vida\u201d Gilmar Ferreira<\/p>\n<p>12h30 \u2013 Mo\u00e7\u00f5es e congratula\u00e7\u00f5es<\/p>\n<p>13 h \u2013 Escolha do tema do para o XLIII Encontro Cultural de Laranjeiras<\/p>\n<p>13h30 \u2013 Encerramento.<\/p>\n<p>&nbsp;<\/p>\n<p><strong>Exposi\u00e7\u00f5es<\/strong><\/p>\n<p><strong>12\/01\/2017 \u2013 Quinta feira \u2013 MANH\u00c3<\/strong><\/p>\n<p>Exposi\u00e7\u00e3o \u201cXilogravura: Esculpir a madeira para expor a vida!\u201d<\/p>\n<p>Organiza\u00e7\u00e3o: Secretaria de Estado da Cultura<\/p>\n<p>Local: Museu Afrobrasileiro de Sergipe.<\/p>\n<p>&nbsp;<\/p>\n<p>Exposi\u00e7\u00e3o \u201cOs folguedos laranjeirenses em cores, ritos e significados\u201d<\/p>\n<p>Local: Sal\u00e3o de entrada do Campus de Laranjeiras.<\/p>\n<p>Organiza\u00e7\u00e3o: Universidade Federal de Sergipe<\/p>\n<p>&nbsp;<\/p>\n<p>Exposi\u00e7\u00e3o \u201cCord\u00e9is de Chiquinho D\u2019Al\u00e9m Mar e de Crian\u00e7as laranjeirenses\u201d \u2013 no sal\u00e3o de entrada do Campus de Laranjeiras.<\/p>\n<p><img loading=\"lazy\" decoding=\"async\" class=\"aligncenter size-full wp-image-98981\" src=\"http:\/\/senoticias.com.br\/se\/wp-content\/uploads\/2016\/12\/Logo-fone-1-2-1-2.jpg\" alt=\"logo-fone-1-2-1\" width=\"599\" height=\"78\" srcset=\"https:\/\/senoticias.com.br\/se\/wp-content\/uploads\/2016\/12\/Logo-fone-1-2-1-2.jpg 599w, https:\/\/senoticias.com.br\/se\/wp-content\/uploads\/2016\/12\/Logo-fone-1-2-1-2-300x39.jpg 300w\" sizes=\"(max-width: 599px) 100vw, 599px\" \/><em><strong>Acompanhe tamb\u00e9m o SE Not\u00edcias no<\/strong><span class=\"apple-converted-space\"><b>\u00a0<\/b><\/span><strong><a href=\"https:\/\/twitter.com\/Senoticias\" target=\"_blank\">Twitter<\/a>,<\/strong><span class=\"apple-converted-space\"><b>\u00a0<\/b><\/span><strong><a href=\"https:\/\/www.facebook.com\/senoticias1\" target=\"_blank\">Facebook<span class=\"apple-converted-space\">\u00a0<\/span><\/a>e no<\/strong><span class=\"apple-converted-space\"><b>\u00a0<\/b><\/span><strong><a href=\"https:\/\/www.instagram.com\/senoticias\/\" target=\"_blank\">Instagram<\/a><\/strong><\/em><br \/>\nAscom \/ Sec. de Estado da Cultura<\/p>\n","protected":false},"excerpt":{"rendered":"<p>Com o tema \u201cCantoria: da Viola ao Cordel\u201d o Simp\u00f3sio do XLII Encontro Cultural de Laranjeiras, que acontece entro os dia 12 a 14 de janeiro de 2017, vem com uma programa\u00e7\u00e3o especialmente voltada para a arte do cordel. Promovido pela Secretaria de Estado da Cultura (Secult), o evento re\u00fane pesquisadores e agentes culturais de [&hellip;]<\/p>\n","protected":false},"author":2,"featured_media":99044,"comment_status":"closed","ping_status":"closed","sticky":false,"template":"","format":"standard","meta":{"footnotes":""},"categories":[15,21],"tags":[],"class_list":{"0":"post-99043","1":"post","2":"type-post","3":"status-publish","4":"format-standard","5":"has-post-thumbnail","7":"category-destaques","8":"category-entretenimento"},"_links":{"self":[{"href":"https:\/\/senoticias.com.br\/se\/wp-json\/wp\/v2\/posts\/99043"}],"collection":[{"href":"https:\/\/senoticias.com.br\/se\/wp-json\/wp\/v2\/posts"}],"about":[{"href":"https:\/\/senoticias.com.br\/se\/wp-json\/wp\/v2\/types\/post"}],"author":[{"embeddable":true,"href":"https:\/\/senoticias.com.br\/se\/wp-json\/wp\/v2\/users\/2"}],"replies":[{"embeddable":true,"href":"https:\/\/senoticias.com.br\/se\/wp-json\/wp\/v2\/comments?post=99043"}],"version-history":[{"count":0,"href":"https:\/\/senoticias.com.br\/se\/wp-json\/wp\/v2\/posts\/99043\/revisions"}],"wp:featuredmedia":[{"embeddable":true,"href":"https:\/\/senoticias.com.br\/se\/wp-json\/wp\/v2\/media\/99044"}],"wp:attachment":[{"href":"https:\/\/senoticias.com.br\/se\/wp-json\/wp\/v2\/media?parent=99043"}],"wp:term":[{"taxonomy":"category","embeddable":true,"href":"https:\/\/senoticias.com.br\/se\/wp-json\/wp\/v2\/categories?post=99043"},{"taxonomy":"post_tag","embeddable":true,"href":"https:\/\/senoticias.com.br\/se\/wp-json\/wp\/v2\/tags?post=99043"}],"curies":[{"name":"wp","href":"https:\/\/api.w.org\/{rel}","templated":true}]}}