{"id":99041,"date":"2016-12-27T08:40:32","date_gmt":"2016-12-27T11:40:32","guid":{"rendered":"http:\/\/senoticias.com.br\/se\/?p=99041"},"modified":"2016-12-27T08:40:32","modified_gmt":"2016-12-27T11:40:32","slug":"preso-consegue-deixar-presidio-apos-ser-liberado-por-engano","status":"publish","type":"post","link":"https:\/\/senoticias.com.br\/se\/preso-consegue-deixar-presidio-apos-ser-liberado-por-engano\/","title":{"rendered":"Preso consegue deixar pres\u00eddio ap\u00f3s ser liberado por engano"},"content":{"rendered":"<p style=\"text-align: justify\">Um preso considerado de alta periculosidade conseguiu sair do Complexo Penitenci\u00e1rio Ant\u00f4nio Jacinto Filho (Compajaf), em Aracaju, pela porta da frente.<\/p>\n<div id=\"attachment_97465\" style=\"width: 608px\" class=\"wp-caption aligncenter\"><a href=\"http:\/\/senoticias.com.br\/se\/wp-content\/uploads\/2016\/10\/compajf_ascom_sejuc-e1477602030105.jpg\"><img loading=\"lazy\" decoding=\"async\" aria-describedby=\"caption-attachment-97465\" class=\"size-full wp-image-97465\" src=\"http:\/\/senoticias.com.br\/se\/wp-content\/uploads\/2016\/10\/compajf_ascom_sejuc-e1477602030105.jpg\" alt=\"Compajaf \u00e9 administrado por uma terceirizada. (Foto: Ascom\/Sejuc)\" width=\"598\" height=\"449\" \/><\/a><p id=\"caption-attachment-97465\" class=\"wp-caption-text\">Compajaf \u00e9 administrado por uma terceirizada. (Foto: Ascom\/Sejuc)<\/p><\/div>\n<p style=\"text-align: justify\">A Secretaria de Justi\u00e7a (Sejuc), admitiu nesta segunda-feira (26) o erro na libera\u00e7\u00e3o do preso realizada \u00faltima quarta-feira (21) e disse que lamenta o ocorrido.<\/p>\n<p style=\"text-align: justify\">Ainda de acordo com a Sejuc, a Secretaria da Seguran\u00e7a P\u00fablica (SSP\/SE) est\u00e1 investigando a fuga e se for apontado algum culpado ele vai responder \u00e0 Justi\u00e7a. A SSP disse que o coordenador das delegacias da capital, que est\u00e1 respons\u00e1vel pela apura\u00e7\u00e3o, por enquanto, n\u00e3o vai falar sobre o assunto.<\/p>\n<p style=\"text-align: justify\">A dire\u00e7\u00e3o do Sindicato dos Agentes Penitenci\u00e1rios, lamentou a fuga e criticou a demora na divulga\u00e7\u00e3o dos fatos por parte da secret\u00e1ria da Justi\u00e7a Para o sindicato ainda \u00e9 cedo para dizer se houve algum tipo de facilita\u00e7\u00e3o para a fuga.<\/p>\n<p style=\"text-align: justify\">A advogada da Funda\u00e7\u00e3o Reviver, respons\u00e1vel por uma das fases da libera\u00e7\u00e3o dos presos, informou que ap\u00f3s o ocorrido os procedimentos para a soltura foram alterados. &#8221; Os presos estavam na mesma cela e quando um\u00a0 funcion\u00e1rio fez a chamada nominal do que recebeu o alvar\u00e1, o falso beneficiado se apresentou e seguiu para fazer os tr\u00e2mites necess\u00e1rios para ser solto. E diante do que ocorreu mudamos o procedimento para que a identifica\u00e7\u00e3o do preso seja realizada atrav\u00e9s de foto&#8221;.<\/p>\n<p style=\"text-align: justify\"><strong>Pris\u00e3o<\/strong><br \/>\nSegundo a pol\u00edcia, ele foi preso a menos de 50 dias na Opera\u00e7\u00e3o \u2018On\u00e7a Pintada\u2019 da Pol\u00edcia Civil no combate ao tr\u00e1fico de entorpecentes no estado.<\/p>\n<p>A pol\u00edcia informou tamb\u00e9m que ele \u00e9 apontado como chefe de uma quadrilha que atua no tr\u00e1fico de drogas no Bairro In\u00e1cio Barbosa e em outras localidades da capital.<\/p>\n<p><strong>Acompanhe tamb\u00e9m o SE Not\u00edcias no<\/strong><strong>\u00a0<\/strong><strong><a href=\"https:\/\/twitter.com\/Senoticias\">Twitter<\/a>,<\/strong><strong>\u00a0<\/strong><strong><a href=\"https:\/\/www.facebook.com\/senoticias1\">Facebook<\/a><\/strong><strong>\u00a0<\/strong><strong>e no<\/strong><a href=\"https:\/\/www.instagram.com\/senoticias\/\"><strong>\u00a0<\/strong><strong>Instagram.<\/strong><\/a><\/p>\n<p><a href=\"http:\/\/senoticias.com.br\/se\/wp-content\/uploads\/2016\/12\/Logo-fone-1-2-1-2.jpg\"><img loading=\"lazy\" decoding=\"async\" class=\"aligncenter size-full wp-image-98981\" src=\"http:\/\/senoticias.com.br\/se\/wp-content\/uploads\/2016\/12\/Logo-fone-1-2-1-2.jpg\" alt=\"logo-fone-1-2-1\" width=\"599\" height=\"78\" srcset=\"https:\/\/senoticias.com.br\/se\/wp-content\/uploads\/2016\/12\/Logo-fone-1-2-1-2.jpg 599w, https:\/\/senoticias.com.br\/se\/wp-content\/uploads\/2016\/12\/Logo-fone-1-2-1-2-300x39.jpg 300w\" sizes=\"(max-width: 599px) 100vw, 599px\" \/><\/a><\/p>\n<p>Do G1 SE.<\/p>\n","protected":false},"excerpt":{"rendered":"<p>Um preso considerado de alta periculosidade conseguiu sair do Complexo Penitenci\u00e1rio Ant\u00f4nio Jacinto Filho (Compajaf), em Aracaju, pela porta da frente. A Secretaria de Justi\u00e7a (Sejuc), admitiu nesta segunda-feira (26) o erro na libera\u00e7\u00e3o do preso realizada \u00faltima quarta-feira (21) e disse que lamenta o ocorrido. Ainda de acordo com a Sejuc, a Secretaria da [&hellip;]<\/p>\n","protected":false},"author":5618,"featured_media":97465,"comment_status":"closed","ping_status":"closed","sticky":false,"template":"","format":"standard","meta":{"footnotes":""},"categories":[7],"tags":[1827],"class_list":{"0":"post-99041","1":"post","2":"type-post","3":"status-publish","4":"format-standard","5":"has-post-thumbnail","7":"category-policia","8":"tag-preso-consegue-deixar-presidio-apos-ser-liberado-por-engano"},"_links":{"self":[{"href":"https:\/\/senoticias.com.br\/se\/wp-json\/wp\/v2\/posts\/99041"}],"collection":[{"href":"https:\/\/senoticias.com.br\/se\/wp-json\/wp\/v2\/posts"}],"about":[{"href":"https:\/\/senoticias.com.br\/se\/wp-json\/wp\/v2\/types\/post"}],"author":[{"embeddable":true,"href":"https:\/\/senoticias.com.br\/se\/wp-json\/wp\/v2\/users\/5618"}],"replies":[{"embeddable":true,"href":"https:\/\/senoticias.com.br\/se\/wp-json\/wp\/v2\/comments?post=99041"}],"version-history":[{"count":0,"href":"https:\/\/senoticias.com.br\/se\/wp-json\/wp\/v2\/posts\/99041\/revisions"}],"wp:featuredmedia":[{"embeddable":true,"href":"https:\/\/senoticias.com.br\/se\/wp-json\/wp\/v2\/media\/97465"}],"wp:attachment":[{"href":"https:\/\/senoticias.com.br\/se\/wp-json\/wp\/v2\/media?parent=99041"}],"wp:term":[{"taxonomy":"category","embeddable":true,"href":"https:\/\/senoticias.com.br\/se\/wp-json\/wp\/v2\/categories?post=99041"},{"taxonomy":"post_tag","embeddable":true,"href":"https:\/\/senoticias.com.br\/se\/wp-json\/wp\/v2\/tags?post=99041"}],"curies":[{"name":"wp","href":"https:\/\/api.w.org\/{rel}","templated":true}]}}