{"id":99016,"date":"2016-12-26T07:25:55","date_gmt":"2016-12-26T10:25:55","guid":{"rendered":"http:\/\/senoticias.com.br\/se\/?p=99016"},"modified":"2016-12-26T07:27:54","modified_gmt":"2016-12-26T10:27:54","slug":"delegado-geral-diz-que-sao-injustas-acusacoes-contra-magistrado","status":"publish","type":"post","link":"https:\/\/senoticias.com.br\/se\/delegado-geral-diz-que-sao-injustas-acusacoes-contra-magistrado\/","title":{"rendered":"Delegado geral diz que &#8220;s\u00e3o injustas&#8221; acusa\u00e7\u00f5es contra magistrado"},"content":{"rendered":"<div id=\"attachment_88997\" style=\"width: 310px\" class=\"wp-caption alignleft\"><img loading=\"lazy\" decoding=\"async\" aria-describedby=\"caption-attachment-88997\" class=\"size-medium wp-image-88997\" src=\"http:\/\/senoticias.com.br\/se\/wp-content\/uploads\/2016\/02\/FOTO1.DELEGADO-300x223.jpg\" alt=\" Alessandro Vieira assumiu como Delegado-Geral da Pol\u00edcia Civil nesta segunda-feira, dia 22 \/ Foto: Marcos Rodrigues\/ASN\" width=\"300\" height=\"223\" srcset=\"https:\/\/senoticias.com.br\/se\/wp-content\/uploads\/2016\/02\/FOTO1.DELEGADO-300x223.jpg 300w, https:\/\/senoticias.com.br\/se\/wp-content\/uploads\/2016\/02\/FOTO1.DELEGADO-342x254.jpg 342w, https:\/\/senoticias.com.br\/se\/wp-content\/uploads\/2016\/02\/FOTO1.DELEGADO-60x45.jpg 60w, https:\/\/senoticias.com.br\/se\/wp-content\/uploads\/2016\/02\/FOTO1.DELEGADO-150x113.jpg 150w, https:\/\/senoticias.com.br\/se\/wp-content\/uploads\/2016\/02\/FOTO1.DELEGADO-269x201.jpg 269w, https:\/\/senoticias.com.br\/se\/wp-content\/uploads\/2016\/02\/FOTO1.DELEGADO.jpg 438w\" sizes=\"(max-width: 300px) 100vw, 300px\" \/><p id=\"caption-attachment-88997\" class=\"wp-caption-text\">Alessandro Vieira Delegado-Geral da Pol\u00edcia Civil \/ Foto: Marcos Rodrigues\/ASN<\/p><\/div>\n<p style=\"text-align: justify;\">A Pol\u00edcia Civil de Sergipe, considerando o teor de nota publicada em grupos de whattsapp, atribuindo ao Juiz de Direito Jos\u00e9 Amintas Noronha de Menezes J\u00fanior a suposta recusa na aprecia\u00e7\u00e3o de representa\u00e7\u00e3o por Interna\u00e7\u00e3o Provis\u00f3ria de adolescente infrator, informa o seguinte:<\/p>\n<p style=\"text-align: justify;\">1. O referido magistrado \u00e9 um profissional de reputa\u00e7\u00e3o ilibada, com in\u00fameras contribui\u00e7\u00f5es prestadas \u00e0 Seguran\u00e7a P\u00fablica de Sergipe;<\/p>\n<p style=\"text-align: justify;\">2. No plant\u00e3o referido, foram apreciadas e deferidas diversas medidas cautelares representadas por Delegados de Pol\u00edcia Civil, sem que se verificasse qualquer dificuldade de contato com o magistrado, o qual permaneceu no F\u00f3rum at\u00e9 00:30h de 24\/12\/2016, embora o plant\u00e3o noturno do TJSE seja de sobreaviso;<\/p>\n<p style=\"text-align: justify;\">3. Conforme certid\u00e3o apresentada pelo TJSE, \u00e0s \u00a001:11h de 24\/12\/2016 foi protocolada em meio eletr\u00f4nico representa\u00e7\u00e3o por Interna\u00e7\u00e3o Provis\u00f3ria de adolescente infrator, subscrita pelo Delegado plantonista Leogenes Corr\u00eaa. Conforme o teor da pr\u00f3pria representa\u00e7\u00e3o, no momento em que esta foi protocolada o adolescente infrator j\u00e1 tinha se evadido da Delegacia Plantonista;<\/p>\n<p style=\"text-align: justify;\">4. O cart\u00f3rio plantonista do TJSE n\u00e3o cadastrou a representa\u00e7\u00e3o no plant\u00e3o noturno, por entender ausentes requisitos das Resolu\u00e7\u00f5es TJSE 27\/2015 e 06\/2016, fazendo a distribui\u00e7\u00e3o apenas para o plant\u00e3o diurno;<\/p>\n<p style=\"text-align: justify;\">5. A ju\u00edza plantonista diurna, Dra. Christina Machado de Sales e Silva, apreciou a representa\u00e7\u00e3o e deferiu a medida de interna\u00e7\u00e3o provis\u00f3ria solicitada pelo Delegado plantonista.<\/p>\n<p style=\"text-align: justify;\">6. N\u00e3o existiu nenhum tipo de manifesta\u00e7\u00e3o do juiz Jos\u00e9 Amintas Noronha de Menezes J\u00fanior no processo, raz\u00e3o pela qual s\u00e3o injustas e indevidas quaisquer considera\u00e7\u00f5es acerca da sua conduta, em especial porque o magistrado sequer tomou conhecimento da situa\u00e7\u00e3o.<\/p>\n<p style=\"text-align: justify;\">A Pol\u00edcia Civil reitera sua confian\u00e7a e respeito pelo Judici\u00e1rio sergipano, ao tempo em que informa que ser\u00e3o refor\u00e7adas as orienta\u00e7\u00f5es acerca das representa\u00e7\u00f5es em plant\u00f5es judici\u00e1rios.<\/p>\n<p style=\"text-align: justify;\">Alessandro Vieira<br \/>\nDG PCSE<img loading=\"lazy\" decoding=\"async\" class=\"aligncenter size-full wp-image-98981\" src=\"http:\/\/senoticias.com.br\/se\/wp-content\/uploads\/2016\/12\/Logo-fone-1-2-1-2.jpg\" alt=\"logo-fone-1-2-1\" width=\"599\" height=\"78\" srcset=\"https:\/\/senoticias.com.br\/se\/wp-content\/uploads\/2016\/12\/Logo-fone-1-2-1-2.jpg 599w, https:\/\/senoticias.com.br\/se\/wp-content\/uploads\/2016\/12\/Logo-fone-1-2-1-2-300x39.jpg 300w\" sizes=\"(max-width: 599px) 100vw, 599px\" \/><\/p>\n<p style=\"text-align: justify;\"><em><strong>Acompanhe tamb\u00e9m o SE Not\u00edcias no<\/strong><span class=\"apple-converted-space\"><b>\u00a0<\/b><\/span><strong><a href=\"https:\/\/twitter.com\/Senoticias\" target=\"_blank\">Twitter<\/a>,<\/strong><span class=\"apple-converted-space\"><b>\u00a0<\/b><\/span><strong><a href=\"https:\/\/www.facebook.com\/senoticias1\" target=\"_blank\">Facebook<span class=\"apple-converted-space\">\u00a0<\/span><\/a>e no<\/strong><span class=\"apple-converted-space\"><b>\u00a0<\/b><\/span><strong><a href=\"https:\/\/www.instagram.com\/senoticias\/\" target=\"_blank\">Instagram<\/a><\/strong><\/em><\/p>\n<p style=\"text-align: justify;\">\n","protected":false},"excerpt":{"rendered":"<p>A Pol\u00edcia Civil de Sergipe, considerando o teor de nota publicada em grupos de whattsapp, atribuindo ao Juiz de Direito Jos\u00e9 Amintas Noronha de Menezes J\u00fanior a suposta recusa na aprecia\u00e7\u00e3o de representa\u00e7\u00e3o por Interna\u00e7\u00e3o Provis\u00f3ria de adolescente infrator, informa o seguinte: 1. O referido magistrado \u00e9 um profissional de reputa\u00e7\u00e3o ilibada, com in\u00fameras contribui\u00e7\u00f5es [&hellip;]<\/p>\n","protected":false},"author":2,"featured_media":88997,"comment_status":"closed","ping_status":"closed","sticky":false,"template":"","format":"standard","meta":{"footnotes":""},"categories":[15,7],"tags":[],"class_list":{"0":"post-99016","1":"post","2":"type-post","3":"status-publish","4":"format-standard","5":"has-post-thumbnail","7":"category-destaques","8":"category-policia"},"_links":{"self":[{"href":"https:\/\/senoticias.com.br\/se\/wp-json\/wp\/v2\/posts\/99016"}],"collection":[{"href":"https:\/\/senoticias.com.br\/se\/wp-json\/wp\/v2\/posts"}],"about":[{"href":"https:\/\/senoticias.com.br\/se\/wp-json\/wp\/v2\/types\/post"}],"author":[{"embeddable":true,"href":"https:\/\/senoticias.com.br\/se\/wp-json\/wp\/v2\/users\/2"}],"replies":[{"embeddable":true,"href":"https:\/\/senoticias.com.br\/se\/wp-json\/wp\/v2\/comments?post=99016"}],"version-history":[{"count":0,"href":"https:\/\/senoticias.com.br\/se\/wp-json\/wp\/v2\/posts\/99016\/revisions"}],"wp:featuredmedia":[{"embeddable":true,"href":"https:\/\/senoticias.com.br\/se\/wp-json\/wp\/v2\/media\/88997"}],"wp:attachment":[{"href":"https:\/\/senoticias.com.br\/se\/wp-json\/wp\/v2\/media?parent=99016"}],"wp:term":[{"taxonomy":"category","embeddable":true,"href":"https:\/\/senoticias.com.br\/se\/wp-json\/wp\/v2\/categories?post=99016"},{"taxonomy":"post_tag","embeddable":true,"href":"https:\/\/senoticias.com.br\/se\/wp-json\/wp\/v2\/tags?post=99016"}],"curies":[{"name":"wp","href":"https:\/\/api.w.org\/{rel}","templated":true}]}}